{"id":6179,"date":"2017-10-23T13:58:25","date_gmt":"2017-10-23T20:58:25","guid":{"rendered":"http:\/\/iglesiatijuana.org\/web\/?p=6179"},"modified":"2017-10-23T13:58:25","modified_gmt":"2017-10-23T20:58:25","slug":"carta-del-santo-padre-francisco-con-ocasion-del-centenario-de-la-promulgacion-de-la-carta-apostolica-maximum-illud-sobre-la-actividad-desarrollado-por-los-misioneros-en-el-mundo","status":"publish","type":"post","link":"https:\/\/iglesiatijuana.org\/web\/carta-del-santo-padre-francisco-con-ocasion-del-centenario-de-la-promulgacion-de-la-carta-apostolica-maximum-illud-sobre-la-actividad-desarrollado-por-los-misioneros-en-el-mundo\/","title":{"rendered":"Carta del Santo Padre Francisco  Con ocasi\u00f3n del Centenario de la Promulgaci\u00f3n de la Carta Apost\u00f2lica \u201cMaximum Illud\u201d sobre la actividad desarrollado por los Misioneros en el Mundo"},"content":{"rendered":"<p><a href=\"http:\/\/iglesiatijuana.org\/web\/wp-content\/uploads\/2017\/06\/Papa-Francisco-con-personas-pobres.jpg\" data-rel=\"lightbox-image-0\" data-rl_title=\"\" data-rl_caption=\"\" title=\"\"><img loading=\"lazy\" decoding=\"async\" class=\"size-medium wp-image-5702\" src=\"http:\/\/iglesiatijuana.org\/web\/wp-content\/uploads\/2017\/06\/Papa-Francisco-con-personas-pobres-300x198.jpg\" alt=\"\" width=\"300\" height=\"198\" srcset=\"https:\/\/iglesiatijuana.org\/web\/wp-content\/uploads\/2017\/06\/Papa-Francisco-con-personas-pobres-300x198.jpg 300w, https:\/\/iglesiatijuana.org\/web\/wp-content\/uploads\/2017\/06\/Papa-Francisco-con-personas-pobres-768x508.jpg 768w, https:\/\/iglesiatijuana.org\/web\/wp-content\/uploads\/2017\/06\/Papa-Francisco-con-personas-pobres-1024x677.jpg 1024w\" sizes=\"auto, (max-width: 300px) 100vw, 300px\" \/><\/a><\/p>\n<p>Al venerable Hermano<br \/>\nCardenal Fernando FILONI<br \/>\nPrefecto de la Congregaci\u00f3n para la Evangelizaci\u00f3n de los Pueblos<\/p>\n<p>&nbsp;<\/p>\n<p style=\"text-align: justify;\">El 30 de noviembre de 2019 se cumplir\u00e1 el centenario de la promulgaci\u00f3n de la Carta apost\u00f3lica\u00a0<a href=\"http:\/\/w2.vatican.va\/content\/benedict-xv\/es\/apost_letters\/documents\/hf_ben-xv_apl_19191130_maximum-illud.html\">Maximum illud<\/a>, con la que\u00a0<a href=\"http:\/\/w2.vatican.va\/content\/benedict-xv\/es.html\">Benedicto XV<\/a>\u00a0quiso dar un nuevo impulso al compromiso misionero de anunciar el Evangelio. Corr\u00eda el a\u00f1o 1919 cuando el Papa, tras un tremendo conflicto mundial que \u00e9l mismo defini\u00f3 como una \u00abmatanza in\u00fatil\u00bb<a name=\"_ftnref1\"><\/a><a href=\"http:\/\/w2.vatican.va\/content\/francesco\/es\/letters\/2017\/documents\/papa-francesco_20171022_lettera-filoni-mese-missionario.html#_ftn1\">[1]<\/a>,\u00a0comprendi\u00f3 la necesidad de dar una impronta evang\u00e9lica a la misi\u00f3n en el mundo, para purificarla de cualquier adherencia colonial y apartarla de aquellas miras nacionalistas y expansionistas que causaron tantos desastres. \u00abLa Iglesia de Dios es cat\u00f3lica y propia de todos los pueblos y naciones\u00bb<a name=\"_ftnref2\"><\/a><a href=\"http:\/\/w2.vatican.va\/content\/francesco\/es\/letters\/2017\/documents\/papa-francesco_20171022_lettera-filoni-mese-missionario.html#_ftn2\">[2]<\/a>,\u00a0escribi\u00f3, exhortando tambi\u00e9n a rechazar cualquier forma de b\u00fasqueda de un inter\u00e9s, ya que s\u00f3lo el anuncio y la caridad del Se\u00f1or Jes\u00fas, que se difunden con la santidad de vida y las buenas obras, son la \u00fanica raz\u00f3n de la misi\u00f3n. As\u00ed, haciendo uso de las herramientas conceptuales y comunicativas de la \u00e9poca,\u00a0<a href=\"http:\/\/w2.vatican.va\/content\/benedict-xv\/es.html\">Benedicto XV<\/a>\u00a0dio un gran impulso a la\u00a0missio\u00a0ad gentes,proponi\u00e9ndose despertar la conciencia del deber misionero, especialmente entre los sacerdotes.<\/p>\n<p style=\"text-align: justify;\">Esto responde a la perenne invitaci\u00f3n de Jes\u00fas: \u00abId al mundo entero y proclamad el Evangelio a toda criatura\u00bb (Mc\u00a016,15). Cumplir con este mandato del Se\u00f1or no es algo secundario para la Iglesia; es una \u00abtarea ineludible\u00bb, como record\u00f3 el Concilio Vaticano II<a name=\"_ftnref3\"><\/a><a href=\"http:\/\/w2.vatican.va\/content\/francesco\/es\/letters\/2017\/documents\/papa-francesco_20171022_lettera-filoni-mese-missionario.html#_ftn3\">[3]<\/a>,\u00a0ya que la Iglesia es \u00abmisionera por su propia naturaleza\u00bb<a name=\"_ftnref4\"><\/a><a href=\"http:\/\/w2.vatican.va\/content\/francesco\/es\/letters\/2017\/documents\/papa-francesco_20171022_lettera-filoni-mese-missionario.html#_ftn4\">[4]<\/a>.\u00a0\u00abEvangelizar constituye, en efecto, la dicha y la vocaci\u00f3n propia de la Iglesia, su identidad m\u00e1s profunda. Ella existe para evangelizar\u00bb<a name=\"_ftnref5\"><\/a><a href=\"http:\/\/w2.vatican.va\/content\/francesco\/es\/letters\/2017\/documents\/papa-francesco_20171022_lettera-filoni-mese-missionario.html#_ftn5\">[5]<\/a>.\u00a0Para responder a esa identidad y proclamar que Jes\u00fas muri\u00f3 en la cruz y resucit\u00f3 por todos, que es el Salvador viviente y la Misericordia que salva, \u00abla Iglesia \u2014afirma el Concilio\u2014 debe caminar, por moci\u00f3n del Esp\u00edritu Santo, por el mismo camino que Cristo sigui\u00f3, es decir, por el camino de la pobreza, de la obediencia, del servicio y de la inmolaci\u00f3n de s\u00ed mismo\u00bb<a name=\"_ftnref6\"><\/a><a href=\"http:\/\/w2.vatican.va\/content\/francesco\/es\/letters\/2017\/documents\/papa-francesco_20171022_lettera-filoni-mese-missionario.html#_ftn6\">[6]<\/a>,\u00a0para que pueda transmitir realmente al Se\u00f1or, \u00abmodelo de esta humanidad renovada, llena de amor fraterno, de sinceridad y de esp\u00edritu pac\u00edfico, a la que todos aspiran\u00bb<a name=\"_ftnref7\"><\/a><a href=\"http:\/\/w2.vatican.va\/content\/francesco\/es\/letters\/2017\/documents\/papa-francesco_20171022_lettera-filoni-mese-missionario.html#_ftn7\">[7]<\/a>.<\/p>\n<p style=\"text-align: justify;\">Este empe\u00f1o de\u00a0<a href=\"http:\/\/w2.vatican.va\/content\/benedict-xv\/es.html\">Benedicto XV<\/a>, de hace casi cien a\u00f1os, as\u00ed como todo lo que el Documento conciliar nos ense\u00f1a desde hace m\u00e1s de cincuenta a\u00f1os, siguen siendo de gran actualidad. Hoy, como entonces, \u00abla Iglesia, enviada por Cristo para manifestar y comunicar la caridad de Dios a todos los hombres y pueblos, sabe que tiene que llevar a cabo todav\u00eda una ingente labor misionera\u00bb<a name=\"_ftnref8\"><\/a><a href=\"http:\/\/w2.vatican.va\/content\/francesco\/es\/letters\/2017\/documents\/papa-francesco_20171022_lettera-filoni-mese-missionario.html#_ftn8\">[8]<\/a>.\u00a0A este respecto, san\u00a0<a href=\"http:\/\/w2.vatican.va\/content\/john-paul-ii\/es.html\">Juan Pablo II<\/a>\u00a0observ\u00f3 que \u00abla misi\u00f3n de Cristo Redentor, confiada a la Iglesia, est\u00e1 a\u00fan lejos de cumplirse\u00bb, y que \u00abuna mirada global a la humanidad demuestra que esta misi\u00f3n se halla todav\u00eda en los comienzos y que debemos comprometernos con todas nuestras energ\u00edas en su servicio\u00bb<a name=\"_ftnref9\"><\/a><a href=\"http:\/\/w2.vatican.va\/content\/francesco\/es\/letters\/2017\/documents\/papa-francesco_20171022_lettera-filoni-mese-missionario.html#_ftn9\">[9]<\/a>.\u00a0Por eso \u00e9l, usando unas palabras que deseo ahora proponer de nuevo a todos, exhort\u00f3 a la Iglesia a un\u00a0\u00abrenovado compromiso misionero\u00bb, convencido de que la misi\u00f3n \u00abrenueva la Iglesia, refuerza la fe y la identidad cristiana, da nuevo entusiasmo y nuevas motivaciones. \u00a1La fe se fortalece d\u00e1ndola! La nueva evangelizaci\u00f3n de los pueblos cristianos hallar\u00e1 inspiraci\u00f3n y apoyo en el compromiso por la misi\u00f3n universal\u00bb<a name=\"_ftnref10\"><\/a><a href=\"http:\/\/w2.vatican.va\/content\/francesco\/es\/letters\/2017\/documents\/papa-francesco_20171022_lettera-filoni-mese-missionario.html#_ftn10\">[10]<\/a>.<\/p>\n<p style=\"text-align: justify;\">En la Exhortaci\u00f3n apost\u00f3lica\u00a0<a href=\"http:\/\/w2.vatican.va\/content\/francesco\/es\/apost_exhortations\/documents\/papa-francesco_esortazione-ap_20131124_evangelii-gaudium.html\">Evangelii gaudium<\/a>, que recoge los frutos de la XIII Asamblea General Ordinaria del\u00a0<a href=\"http:\/\/www.vatican.va\/roman_curia\/synod\/index_sp.htm\">S\u00ednodo de los Obispos<\/a>, convocada para reflexionar sobre la\u00a0<a href=\"http:\/\/www.vatican.va\/roman_curia\/synod\/documents\/rc_synod_doc_20120619_instrumentum-xiii_sp.html\">nueva evangelizaci\u00f3n para la transmisi\u00f3n de la fe cristiana<\/a>, quise presentar de nuevo a la Iglesia esta urgente vocaci\u00f3n: \u00ab<a href=\"http:\/\/w2.vatican.va\/content\/john-paul-ii\/es.html\">Juan Pablo II<\/a>\u00a0nos invit\u00f3 a reconocer que \u201ces necesario mantener viva la solicitud por el anuncio\u201d a los que est\u00e1n alejados de Cristo, \u201cporque esta es la tarea primordial de la Iglesia\u201d. La actividad misionera \u201crepresenta a\u00fan hoy d\u00eda el mayor desaf\u00edo para la Iglesia\u201d y \u201cla causa misionera debe ser la primera\u201d. \u00bfQu\u00e9 suceder\u00eda si nos tom\u00e1ramos realmente en serio esas palabras? Simplemente reconocer\u00edamos que la salida misionera es el paradigma de toda obra de la Iglesia\u00bb<a name=\"_ftnref11\"><\/a><a href=\"http:\/\/w2.vatican.va\/content\/francesco\/es\/letters\/2017\/documents\/papa-francesco_20171022_lettera-filoni-mese-missionario.html#_ftn11\">[11]<\/a>.<\/p>\n<p style=\"text-align: justify;\">Lo que quer\u00eda decir entonces me parece que sigue siendo absolutamente urgente: \u00abTiene un sentido program\u00e1tico y consecuencias importantes. Espero que todas las comunidades procuren poner los medios necesarios para avanzar en el camino de una conversi\u00f3n pastoral y misionera, que no puede dejar las cosas como est\u00e1n. Ya no nos sirve una \u201csimple administraci\u00f3n\u201d.\u00a0Constituy\u00e1monos en todas las regiones de la tierra en un \u201cestado permanente de misi\u00f3n\u201d\u00bb<a name=\"_ftnref12\"><\/a><a href=\"http:\/\/w2.vatican.va\/content\/francesco\/es\/letters\/2017\/documents\/papa-francesco_20171022_lettera-filoni-mese-missionario.html#_ftn12\">[12]<\/a>.\u00a0Con la confianza en Dios y con mucho \u00e1nimo, no tengamos miedo de realizar \u00abuna opci\u00f3n misionera capaz de transformarlo todo, para que las costumbres, los estilos, los horarios, el lenguaje y toda estructura eclesial se conviertan en un cauce adecuado para la evangelizaci\u00f3n del mundo actual m\u00e1s que para la autopreservaci\u00f3n. La reforma de estructuras que exige la conversi\u00f3n pastoral solo puede entenderse en este sentido: procurar que todas ellas se vuelvan m\u00e1s misioneras, que la pastoral ordinaria en todas sus instancias sea m\u00e1s expansiva y abierta, que coloque a los agentes pastorales en constante actitud de\u00a0salida\u00a0y favorezca as\u00ed la respuesta positiva de todos aquellos a quienes Jes\u00fas convoca a su amistad. Como dec\u00eda\u00a0<a href=\"http:\/\/w2.vatican.va\/content\/john-paul-ii\/es.html\">Juan Pablo II<\/a>\u00a0a los Obispos de Ocean\u00eda, \u201ctoda renovaci\u00f3n en el seno de la Iglesia debe tender a la misi\u00f3n como objetivo para no caer presa de una especie de introversi\u00f3n eclesial\u201d\u00bb<a name=\"_ftnref13\"><\/a><a href=\"http:\/\/w2.vatican.va\/content\/francesco\/es\/letters\/2017\/documents\/papa-francesco_20171022_lettera-filoni-mese-missionario.html#_ftn13\">[13]<\/a>.<\/p>\n<p style=\"text-align: justify;\">La Carta apost\u00f3lica\u00a0<a href=\"http:\/\/w2.vatican.va\/content\/benedict-xv\/es\/apost_letters\/documents\/hf_ben-xv_apl_19191130_maximum-illud.html\">Maximum illud<\/a>\u00a0exhort\u00f3, con esp\u00edritu prof\u00e9tico y franqueza evang\u00e9lica, a salir de los confines de las naciones para testimoniar la voluntad salv\u00edfica de Dios a trav\u00e9s de la misi\u00f3n universal de la Iglesia. Que la fecha ya cercana del centenario de esta carta sea un est\u00edmulo para superar la tentaci\u00f3n recurrente que se esconde en toda clase de introversi\u00f3n eclesial, en la clausura autorreferencial en la seguridad de los propios confines, en toda forma de pesimismo pastoral, en cualquier nostalgia est\u00e9ril del pasado, para abrirnos en cambio a la gozosa novedad del Evangelio. Tambi\u00e9n en nuestro tiempo, desgarrado por la tragedia de las guerras y acechado por una triste voluntad de acentuar las diferencias y fomentar los conflictos, la Buena Noticia de que en Jes\u00fas el perd\u00f3n vence al pecado, la vida derrota a la muerte y el amor gana al temor, llegue tambi\u00e9n con ardor renovado a todos y les infunda confianza y esperanza.<\/p>\n<p style=\"text-align: justify;\">Con estos sentimientos, y acogiendo la propuesta de la Congregaci\u00f3n para la Evangelizaci\u00f3n de los Pueblos, convoco un\u00a0mes misionero extraordinario\u00a0en octubre de 2019, con el fin de despertar a\u00fan m\u00e1s la conciencia misionera de la\u00a0missio ad gentes\u00a0y de retomar con un nuevo impulso la transformaci\u00f3n misionera de la vida y de la pastoral. Nos podremos disponer para ello, tambi\u00e9n durante el mes misionero de octubre del pr\u00f3ximo a\u00f1o, para que todos los fieles lleven en su coraz\u00f3n el anuncio del Evangelio y la conversi\u00f3n misionera y evangelizadora de las propias comunidades; para que crezca el amor por la misi\u00f3n, que \u00abes una pasi\u00f3n por Jes\u00fas, pero, al mismo tiempo, una pasi\u00f3n por su pueblo\u00bb<a name=\"_ftnref14\"><\/a><a href=\"http:\/\/w2.vatican.va\/content\/francesco\/es\/letters\/2017\/documents\/papa-francesco_20171022_lettera-filoni-mese-missionario.html#_ftn14\">[14]<\/a>.<\/p>\n<p style=\"text-align: justify;\">A usted, venerado Hermano, al Dicasterio que preside y a las Pontificias Obras Misioneras conf\u00edo la tarea de preparar este evento, especialmente a trav\u00e9s de una amplia sensibilizaci\u00f3n de las Iglesias particulares, de los Institutos de vida consagrada y las Sociedades de vida apost\u00f3lica, as\u00ed como de las asociaciones, los movimientos, las comunidades y otras realidades eclesiales. Que el mes misionero extraordinario sea un tiempo de gracia intensa y fecunda para promover iniciativas e intensificar de manera especial la oraci\u00f3n \u2014alma de toda misi\u00f3n\u2014, el anuncio del Evangelio, la reflexi\u00f3n b\u00edblica y teol\u00f3gica sobre la misi\u00f3n, las obras de caridad cristiana y las acciones concretas de colaboraci\u00f3n y de solidaridad entre las Iglesias, de modo que se avive el entusiasmo misionero y nunca nos lo roben<a name=\"_ftnref15\"><\/a><a href=\"http:\/\/w2.vatican.va\/content\/francesco\/es\/letters\/2017\/documents\/papa-francesco_20171022_lettera-filoni-mese-missionario.html#_ftn15\">[15]<\/a>.<\/p>\n<p>&nbsp;<\/p>\n<p>Vaticano, 22 de octubre de 2017<\/p>\n<p>Domingo XXIX del tiempo ordinario<br \/>\nMemoria de san Juan Pablo II<br \/>\nJornada Misionera Mundial<\/p>\n<p>Francisco<\/p>\n<p>&nbsp;<\/p>\n<p><a name=\"_ftn1\"><\/a><a href=\"http:\/\/w2.vatican.va\/content\/francesco\/es\/letters\/2017\/documents\/papa-francesco_20171022_lettera-filoni-mese-missionario.html#_ftnref1\">[1]<\/a>\u00a0Carta a los jefes de los pueblos beligerantes, 1 agosto 1917:\u00a0AAS\u00a0IX (1917), 421-423.<\/p>\n<p><a name=\"_ftn2\"><\/a><a href=\"http:\/\/w2.vatican.va\/content\/francesco\/es\/letters\/2017\/documents\/papa-francesco_20171022_lettera-filoni-mese-missionario.html#_ftnref2\">[2]<\/a>\u00a0<a href=\"http:\/\/w2.vatican.va\/content\/benedict-xv\/es.html\">Benedicto XV<\/a>, Carta ap.\u00a0<a href=\"http:\/\/w2.vatican.va\/content\/benedict-xv\/es\/apost_letters\/documents\/hf_ben-xv_apl_19191130_maximum-illud.html\">Maximum illud<\/a>, 30 noviembre 1919:\u00a0AAS\u00a011 (1919), 445.<\/p>\n<p><a name=\"_ftn3\"><\/a><a href=\"http:\/\/w2.vatican.va\/content\/francesco\/es\/letters\/2017\/documents\/papa-francesco_20171022_lettera-filoni-mese-missionario.html#_ftnref3\">[3]<\/a>\u00a0Decreto\u00a0<a href=\"http:\/\/www.vatican.va\/archive\/hist_councils\/ii_vatican_council\/documents\/vat-ii_decree_19651207_ad-gentes_sp.html\">Ad gentes<\/a>, sobre la actividad misionera de la Iglesia, 7 diciembre 1965, 7:\u00a0AAS\u00a0 58 (1966), 955.<\/p>\n<p><a name=\"_ftn4\"><\/a><a href=\"http:\/\/w2.vatican.va\/content\/francesco\/es\/letters\/2017\/documents\/papa-francesco_20171022_lettera-filoni-mese-missionario.html#_ftnref4\">[4]<\/a>\u00a0Ib\u00edd., 2:\u00a0AAS\u00a058 (1966), 948.<\/p>\n<p><a name=\"_ftn5\"><\/a><a href=\"http:\/\/w2.vatican.va\/content\/francesco\/es\/letters\/2017\/documents\/papa-francesco_20171022_lettera-filoni-mese-missionario.html#_ftnref5\">[5]<\/a>\u00a0Pablo VI, Exh. ap.\u00a0<a href=\"http:\/\/w2.vatican.va\/content\/paul-vi\/es\/apost_exhortations\/documents\/hf_p-vi_exh_19751208_evangelii-nuntiandi.html\">Evangelii nuntiandi<\/a>, 8 diciembre 1975, 14:\u00a0AAS\u00a068 (1976), 13.<\/p>\n<p><a name=\"_ftn6\"><\/a><a href=\"http:\/\/w2.vatican.va\/content\/francesco\/es\/letters\/2017\/documents\/papa-francesco_20171022_lettera-filoni-mese-missionario.html#_ftnref6\">[6]<\/a>\u00a0Decreto\u00a0<a href=\"http:\/\/www.vatican.va\/archive\/hist_councils\/ii_vatican_council\/documents\/vat-ii_decree_19651207_ad-gentes_sp.html\">Ad gentes<\/a>, 5:\u00a0AAS\u00a0 58 (1966), 952.<\/p>\n<p><a name=\"_ftn7\"><\/a><a href=\"http:\/\/w2.vatican.va\/content\/francesco\/es\/letters\/2017\/documents\/papa-francesco_20171022_lettera-filoni-mese-missionario.html#_ftnref7\">[7]<\/a>\u00a0Ib\u00edd., 8:\u00a0AAS\u00a0 58 (1966), 956-957.<\/p>\n<p><a name=\"_ftn8\"><\/a><a href=\"http:\/\/w2.vatican.va\/content\/francesco\/es\/letters\/2017\/documents\/papa-francesco_20171022_lettera-filoni-mese-missionario.html#_ftnref8\">[8]<\/a>\u00a0Ib\u00edd., 10:\u00a0AAS\u00a058 (1966), 959.<\/p>\n<p><a name=\"_ftn9\"><\/a><a href=\"http:\/\/w2.vatican.va\/content\/francesco\/es\/letters\/2017\/documents\/papa-francesco_20171022_lettera-filoni-mese-missionario.html#_ftnref9\">[9]<\/a>\u00a0Carta enc.\u00a0<a href=\"http:\/\/w2.vatican.va\/content\/john-paul-ii\/es\/encyclicals\/documents\/hf_jp-ii_enc_07121990_redemptoris-missio.html\">Redemptoris missio<\/a>, 7 diciembre 1990, 1:\u00a0AAS\u00a083 (1991), 249.<\/p>\n<p><a name=\"_ftn10\"><\/a><a href=\"http:\/\/w2.vatican.va\/content\/francesco\/es\/letters\/2017\/documents\/papa-francesco_20171022_lettera-filoni-mese-missionario.html#_ftnref10\">[10]<\/a>\u00a0Ib\u00edd., 2:\u00a0AAS\u00a083 (1991), 250-251.<\/p>\n<p><a name=\"_ftn11\"><\/a><a href=\"http:\/\/w2.vatican.va\/content\/francesco\/es\/letters\/2017\/documents\/papa-francesco_20171022_lettera-filoni-mese-missionario.html#_ftnref11\">[11]<\/a>\u00a0Francisco, Exh. ap.\u00a0<a href=\"http:\/\/w2.vatican.va\/content\/francesco\/es\/apost_exhortations\/documents\/papa-francesco_esortazione-ap_20131124_evangelii-gaudium.html\">Evangelii gaudium<\/a>,\u00a0N.15:\u00a0AAS\u00a0105 (2013), 1026.<\/p>\n<p><a name=\"_ftn12\"><\/a><a href=\"http:\/\/w2.vatican.va\/content\/francesco\/es\/letters\/2017\/documents\/papa-francesco_20171022_lettera-filoni-mese-missionario.html#_ftnref12\">[12]<\/a>\u00a0Ib\u00edd., 25:\u00a0AAS\u00a0105 (2013), 1030.<\/p>\n<p><a name=\"_ftn13\"><\/a><a href=\"http:\/\/w2.vatican.va\/content\/francesco\/es\/letters\/2017\/documents\/papa-francesco_20171022_lettera-filoni-mese-missionario.html#_ftnref13\">[13]<\/a>\u00a0Ib\u00edd., 27:\u00a0AAS\u00a0105 (2013), 1031.<\/p>\n<p><a name=\"_ftn14\"><\/a><a href=\"http:\/\/w2.vatican.va\/content\/francesco\/es\/letters\/2017\/documents\/papa-francesco_20171022_lettera-filoni-mese-missionario.html#_ftnref14\">[14]<\/a>\u00a0Ib\u00edd., 268:\u00a0AAS\u00a0105 (2013), 1128.<\/p>\n<p><a name=\"_ftn15\"><\/a><a href=\"http:\/\/w2.vatican.va\/content\/francesco\/es\/letters\/2017\/documents\/papa-francesco_20171022_lettera-filoni-mese-missionario.html#_ftnref15\">[15]<\/a>\u00a0Ib\u00edd., 80:\u00a0AAS\u00a0105 (2013), 1053.<\/p>\n<p>&nbsp;<\/p>\n","protected":false},"excerpt":{"rendered":"<p>Al venerable Hermano Cardenal Fernando FILONI Prefecto de la Congregaci\u00f3n para la Evangelizaci\u00f3n de los Pueblos &nbsp; El 30 de noviembre de 2019 se cumplir\u00e1 el centenario de la promulgaci\u00f3n de la Carta apost\u00f3lica\u00a0Maximum&#46;&#46;&#46;<\/p>\n","protected":false},"author":5,"featured_media":5702,"comment_status":"closed","ping_status":"closed","sticky":false,"template":"","format":"standard","meta":{"_exactmetrics_skip_tracking":false,"_exactmetrics_sitenote_active":false,"_exactmetrics_sitenote_note":"","_exactmetrics_sitenote_category":0,"footnotes":""},"categories":[14],"tags":[],"class_list":["post-6179","post","type-post","status-publish","format-standard","has-post-thumbnail","hentry","category-ultimas-noticias"],"_links":{"self":[{"href":"https:\/\/iglesiatijuana.org\/web\/wp-json\/wp\/v2\/posts\/6179","targetHints":{"allow":["GET"]}}],"collection":[{"href":"https:\/\/iglesiatijuana.org\/web\/wp-json\/wp\/v2\/posts"}],"about":[{"href":"https:\/\/iglesiatijuana.org\/web\/wp-json\/wp\/v2\/types\/post"}],"author":[{"embeddable":true,"href":"https:\/\/iglesiatijuana.org\/web\/wp-json\/wp\/v2\/users\/5"}],"replies":[{"embeddable":true,"href":"https:\/\/iglesiatijuana.org\/web\/wp-json\/wp\/v2\/comments?post=6179"}],"version-history":[{"count":1,"href":"https:\/\/iglesiatijuana.org\/web\/wp-json\/wp\/v2\/posts\/6179\/revisions"}],"predecessor-version":[{"id":6180,"href":"https:\/\/iglesiatijuana.org\/web\/wp-json\/wp\/v2\/posts\/6179\/revisions\/6180"}],"wp:featuredmedia":[{"embeddable":true,"href":"https:\/\/iglesiatijuana.org\/web\/wp-json\/wp\/v2\/media\/5702"}],"wp:attachment":[{"href":"https:\/\/iglesiatijuana.org\/web\/wp-json\/wp\/v2\/media?parent=6179"}],"wp:term":[{"taxonomy":"category","embeddable":true,"href":"https:\/\/iglesiatijuana.org\/web\/wp-json\/wp\/v2\/categories?post=6179"},{"taxonomy":"post_tag","embeddable":true,"href":"https:\/\/iglesiatijuana.org\/web\/wp-json\/wp\/v2\/tags?post=6179"}],"curies":[{"name":"wp","href":"https:\/\/api.w.org\/{rel}","templated":true}]}}