{"id":6284,"date":"2017-11-15T13:01:24","date_gmt":"2017-11-15T21:01:24","guid":{"rendered":"http:\/\/iglesiatijuana.org\/web\/?p=6284"},"modified":"2017-11-15T13:01:24","modified_gmt":"2017-11-15T21:01:24","slug":"civ-asamblea-plenaria-de-la-conferencia-episcopal-mexicana","status":"publish","type":"post","link":"https:\/\/iglesiatijuana.org\/web\/civ-asamblea-plenaria-de-la-conferencia-episcopal-mexicana\/","title":{"rendered":"CIV Asamblea Plenaria de la Conferencia Episcopal Mexicana"},"content":{"rendered":"<p><a href=\"http:\/\/iglesiatijuana.org\/web\/wp-content\/uploads\/2017\/11\/1.jpeg\" data-rel=\"lightbox-image-0\" data-rl_title=\"\" data-rl_caption=\"\" title=\"\"><img loading=\"lazy\" decoding=\"async\" class=\"alignnone size-medium wp-image-6285\" src=\"http:\/\/iglesiatijuana.org\/web\/wp-content\/uploads\/2017\/11\/1-300x169.jpeg\" alt=\"\" width=\"300\" height=\"169\" srcset=\"https:\/\/iglesiatijuana.org\/web\/wp-content\/uploads\/2017\/11\/1-300x169.jpeg 300w, https:\/\/iglesiatijuana.org\/web\/wp-content\/uploads\/2017\/11\/1-768x432.jpeg 768w, https:\/\/iglesiatijuana.org\/web\/wp-content\/uploads\/2017\/11\/1-1024x576.jpeg 1024w, https:\/\/iglesiatijuana.org\/web\/wp-content\/uploads\/2017\/11\/1.jpeg 1040w\" sizes=\"auto, (max-width: 300px) 100vw, 300px\" \/><\/a><\/p>\n<p style=\"text-align: justify;\">El segundo d\u00eda de actividades de la CIV Asamblea Plenaria comenz\u00f3 con la celebraci\u00f3n Eucar\u00edstica presidida por Mons. Jos\u00e9 Luis Ch\u00e1vez Botello, quien en su homil\u00eda resalt\u00f3 que nuestro pueblo necesita ver y tocar en nosotros la fuerza de la confianza en Dios, esta ser\u00eda la mejor manera de abonar a la reconstrucci\u00f3n del tejido social; la vivencia m\u00e1s fiel y entregada en nuestro ministerio ser\u00eda luz y fermento transformador del Evangelio para nuestra sociedad. E invit\u00f3 a sus hermanos obispos a responder al Se\u00f1or: \u00a1aqu\u00ed estamos!, comprometi\u00e9ndonos a impulsar en conjunto lo que, en este momento, nuestro pueblo m\u00e1s necesita para fortalecer la fe, la esperanza y el amor.<\/p>\n<p style=\"text-align: justify;\">M\u00e1s tarde Mons. Franco Coppola, Nuncio Apost\u00f3lico en M\u00e9xico pidi\u00f3 a la asamblea reunida, que la Iglesia ofrezca un regazo materno a los j\u00f3venes y que su mirada sea capaz de cruzarse con las miradas de ellos, de amarlos y de captar lo que la juventud busca, asimismo hizo hincapi\u00e9 en ser pastores cercanos a su presbiterio, recordando las palabras del Santo Padre Francisco en su pasada visita apost\u00f3lica a nuestro pa\u00eds.<\/p>\n<p style=\"text-align: justify;\">El Se\u00f1or Nuncio comparti\u00f3 sus impresiones respecto al Proyecto Global de Pastoral (PGP) y anim\u00f3 a los obispos a continuar en escucha permanente al pueblo que peregrina en M\u00e9xico.<\/p>\n<p style=\"text-align: justify;\">Durante esta jornada los se\u00f1ores Obispos trabajaron el\u00a0<em>Documento Base<\/em>\u00a0en equipos divididos en las 18 Provincias Eclesi\u00e1sticas de M\u00e9xico.<\/p>\n<p style=\"text-align: justify;\">Concluy\u00f3 el d\u00eda con la oraci\u00f3n de v\u00edsperas, presididas por Mons. Pedro Sergio de Jes\u00fas Mena D\u00edaz, Obispo Auxiliar de Yucat\u00e1n.<\/p>\n<p><a href=\"http:\/\/iglesiatijuana.org\/web\/wp-content\/uploads\/2017\/11\/3.jpeg\" data-rel=\"lightbox-image-1\" data-rl_title=\"\" data-rl_caption=\"\" title=\"\"><img loading=\"lazy\" decoding=\"async\" class=\"alignnone size-medium wp-image-6286\" src=\"http:\/\/iglesiatijuana.org\/web\/wp-content\/uploads\/2017\/11\/3-300x168.jpeg\" alt=\"\" width=\"300\" height=\"168\" srcset=\"https:\/\/iglesiatijuana.org\/web\/wp-content\/uploads\/2017\/11\/3-300x168.jpeg 300w, https:\/\/iglesiatijuana.org\/web\/wp-content\/uploads\/2017\/11\/3-768x431.jpeg 768w, https:\/\/iglesiatijuana.org\/web\/wp-content\/uploads\/2017\/11\/3.jpeg 1004w\" sizes=\"auto, (max-width: 300px) 100vw, 300px\" \/><\/a><\/p>\n<p>\u200bPRENSA CEM\u200b<\/p>\n<p>&nbsp;<\/p>\n<p>(14 de noviembre de 2017)<\/p>\n<p>&nbsp;<\/p>\n","protected":false},"excerpt":{"rendered":"<p>El segundo d\u00eda de actividades de la CIV Asamblea Plenaria comenz\u00f3 con la celebraci\u00f3n Eucar\u00edstica presidida por Mons. Jos\u00e9 Luis Ch\u00e1vez Botello, quien en su homil\u00eda resalt\u00f3 que nuestro pueblo necesita ver y tocar&#46;&#46;&#46;<\/p>\n","protected":false},"author":5,"featured_media":6285,"comment_status":"closed","ping_status":"closed","sticky":false,"template":"","format":"standard","meta":{"_exactmetrics_skip_tracking":false,"_exactmetrics_sitenote_active":false,"_exactmetrics_sitenote_note":"","_exactmetrics_sitenote_category":0,"footnotes":""},"categories":[14],"tags":[],"class_list":["post-6284","post","type-post","status-publish","format-standard","has-post-thumbnail","hentry","category-ultimas-noticias"],"_links":{"self":[{"href":"https:\/\/iglesiatijuana.org\/web\/wp-json\/wp\/v2\/posts\/6284","targetHints":{"allow":["GET"]}}],"collection":[{"href":"https:\/\/iglesiatijuana.org\/web\/wp-json\/wp\/v2\/posts"}],"about":[{"href":"https:\/\/iglesiatijuana.org\/web\/wp-json\/wp\/v2\/types\/post"}],"author":[{"embeddable":true,"href":"https:\/\/iglesiatijuana.org\/web\/wp-json\/wp\/v2\/users\/5"}],"replies":[{"embeddable":true,"href":"https:\/\/iglesiatijuana.org\/web\/wp-json\/wp\/v2\/comments?post=6284"}],"version-history":[{"count":1,"href":"https:\/\/iglesiatijuana.org\/web\/wp-json\/wp\/v2\/posts\/6284\/revisions"}],"predecessor-version":[{"id":6287,"href":"https:\/\/iglesiatijuana.org\/web\/wp-json\/wp\/v2\/posts\/6284\/revisions\/6287"}],"wp:featuredmedia":[{"embeddable":true,"href":"https:\/\/iglesiatijuana.org\/web\/wp-json\/wp\/v2\/media\/6285"}],"wp:attachment":[{"href":"https:\/\/iglesiatijuana.org\/web\/wp-json\/wp\/v2\/media?parent=6284"}],"wp:term":[{"taxonomy":"category","embeddable":true,"href":"https:\/\/iglesiatijuana.org\/web\/wp-json\/wp\/v2\/categories?post=6284"},{"taxonomy":"post_tag","embeddable":true,"href":"https:\/\/iglesiatijuana.org\/web\/wp-json\/wp\/v2\/tags?post=6284"}],"curies":[{"name":"wp","href":"https:\/\/api.w.org\/{rel}","templated":true}]}}