{"id":6378,"date":"2017-12-05T13:35:05","date_gmt":"2017-12-05T21:35:05","guid":{"rendered":"http:\/\/iglesiatijuana.org\/web\/?p=6378"},"modified":"2017-12-05T13:35:05","modified_gmt":"2017-12-05T21:35:05","slug":"arzobispo-francisco-el-club-de-damas-catolicas-presenta-este-nacimiento-como-un-regalo-a-tijuana","status":"publish","type":"post","link":"https:\/\/iglesiatijuana.org\/web\/arzobispo-francisco-el-club-de-damas-catolicas-presenta-este-nacimiento-como-un-regalo-a-tijuana\/","title":{"rendered":"Arzobispo Francisco: \u201cel Club de Damas Cat\u00f3licas presenta este Nacimiento como un regalo a Tijuana\u201d"},"content":{"rendered":"<p><a href=\"http:\/\/iglesiatijuana.org\/web\/wp-content\/uploads\/2017\/12\/ArzoNacimiento.jpg\" data-rel=\"lightbox-image-0\" data-rl_title=\"\" data-rl_caption=\"\" title=\"\"><img loading=\"lazy\" decoding=\"async\" class=\"alignnone size-medium wp-image-6379\" src=\"http:\/\/iglesiatijuana.org\/web\/wp-content\/uploads\/2017\/12\/ArzoNacimiento-300x215.jpg\" alt=\"\" width=\"300\" height=\"215\" srcset=\"https:\/\/iglesiatijuana.org\/web\/wp-content\/uploads\/2017\/12\/ArzoNacimiento-300x215.jpg 300w, https:\/\/iglesiatijuana.org\/web\/wp-content\/uploads\/2017\/12\/ArzoNacimiento-768x550.jpg 768w, https:\/\/iglesiatijuana.org\/web\/wp-content\/uploads\/2017\/12\/ArzoNacimiento.jpg 960w\" sizes=\"auto, (max-width: 300px) 100vw, 300px\" \/><\/a><\/p>\n<p style=\"text-align: justify;\">\u00a0 \u00a0 \u00a0 \u00a0 \u00a0 Tijuana, B.C.- La bendici\u00f3n del Nacimiento en la zona del r\u00edo estuvo a cargo de nuestro Arzobispo, Mons. Francisco Moreno Barr\u00f3n, el cual fue presentado por el Club de Damas Cat\u00f3licas cada a\u00f1o.<\/p>\n<p style=\"text-align: justify;\">\u00a0 \u00a0 \u00a0 \u00a0 \u00a0 \u00a0 \u201cEn este nacimiento contemplamos al Ni\u00f1o Jes\u00fas que se hizo carne de nuestra carne, hueso de nuestro hueso. En todo igual a nosotros menos en el pecado. Dios y hombre verdadero nuestro Se\u00f1or y Salvador. Y a sus lados contemplamos desde luego a su madre la Sant\u00edsima Virgen, madre y virgen, concibi\u00f3 por obra y gracia del Esp\u00edritu Santo, sin intervenci\u00f3n de ning\u00fan hombre, y di\u00f3 a luz al Salvador. Y desde que lo llev\u00f3 en su seno hasta la actualidad y para siempre estar\u00e1n unidos madre e hijo. Donde est\u00e1 la madre est\u00e1 el hijo. Donde est\u00e1 el hijo est\u00e1 la madre\u201d, dijo Mons. Moreno Barr\u00f3n.<\/p>\n<p style=\"text-align: justify;\">\u00a0\u00a0\u00a0\u00a0\u00a0\u00a0\u00a0\u00a0\u00a0 Tambi\u00e9n destac\u00f3 el importante papel que desempe\u00f1o San Jos\u00e9, su padre adoptivo, fiel custodio y protector de la Sant\u00edsima Virgen y de Dios encarnado.<\/p>\n<p style=\"text-align: justify;\">\u00a0\u00a0\u00a0\u00a0\u00a0\u00a0\u00a0\u00a0\u00a0 Sobre los Reyes Magos y los pastorcitos dijo que representan a la humanidad.<\/p>\n<p style=\"text-align: justify;\">\u00a0\u00a0\u00a0\u00a0\u00a0\u00a0\u00a0\u00a0\u00a0 \u201cEsta escena ya nos anticipa lo que celebraremos el 24 por la noche, la Nochebuena y al d\u00eda siguiente la Navidad, que significa Dios con nosotros. Como cada a\u00f1o el Club de Damas Cat\u00f3licas presenta este Nacimiento como un regalo a Tijuana, sin duda alguna en este lugar p\u00fablico para expresar, para manifestar, no s\u00f3lo su fe, sino para poner en manos de esta bendita ciudad fronteriza a todos los que vivimos en ella. Los que habitamos aqu\u00ed desde hace poco o hace mucho tiempo, o tambi\u00e9n los que transitan aqu\u00ed como migrantes\u201d, destac\u00f3 el Arzobispo.<\/p>\n<p style=\"text-align: justify;\">\u00a0\u00a0\u00a0\u00a0\u00a0\u00a0\u00a0\u00a0\u00a0 Y pidi\u00f3 a Dios \u201cque toque nuestros corazones. Que esta Navidad sea lo que realmente significa: \u00b4Dios con nosotros\u00b4, que nuestra vida est\u00e9 llena de Dios, de la ternura de Dios porque sin Dios nuestra vida no tiene ning\u00fan sentido, es un absurdo. Venimos de Dios y un d\u00eda, tarde o temprano, tenemos que retornar a la fuente que es Dios.<\/p>\n<p style=\"text-align: justify;\">\u00a0\u00a0\u00a0\u00a0\u00a0\u00a0\u00a0\u00a0\u00a0 Adem\u00e1s dijo que \u201ceste divino ni\u00f1o, divino y humano, el Ni\u00f1o Jes\u00fas, inspire toda nuestra vida y oriente toda nuestra existencia hacia el amor de Dios manifestado en unos con otros, en esta tierra bendita que nos acoge a todos, y donde se alaba al Se\u00f1or\u201d.<\/p>\n<p style=\"text-align: justify;\">\u00a0\u00a0\u00a0\u00a0\u00a0\u00a0\u00a0\u00a0\u00a0 Posteriormente bendijo el Nacimiento mientras un coro entonaba bellos villancicos.<\/p>\n<p style=\"text-align: justify;\">\u00a0\u00a0\u00a0\u00a0\u00a0\u00a0\u00a0\u00a0\u00a0 La bendici\u00f3n se llev\u00f3 a cabo el s\u00e1bado 2 de diciembre a las 4:00 p.m.<\/p>\n<p><a href=\"http:\/\/iglesiatijuana.org\/web\/wp-content\/uploads\/2017\/12\/ArzoNacimientocoro.jpg\" data-rel=\"lightbox-image-1\" data-rl_title=\"\" data-rl_caption=\"\" title=\"\"><img loading=\"lazy\" decoding=\"async\" class=\"alignnone size-medium wp-image-6380\" src=\"http:\/\/iglesiatijuana.org\/web\/wp-content\/uploads\/2017\/12\/ArzoNacimientocoro-300x295.jpg\" alt=\"\" width=\"300\" height=\"295\" srcset=\"https:\/\/iglesiatijuana.org\/web\/wp-content\/uploads\/2017\/12\/ArzoNacimientocoro-300x295.jpg 300w, https:\/\/iglesiatijuana.org\/web\/wp-content\/uploads\/2017\/12\/ArzoNacimientocoro.jpg 720w\" sizes=\"auto, (max-width: 300px) 100vw, 300px\" \/><\/a><\/p>\n","protected":false},"excerpt":{"rendered":"<p>\u00a0 \u00a0 \u00a0 \u00a0 \u00a0 Tijuana, B.C.- La bendici\u00f3n del Nacimiento en la zona del r\u00edo estuvo a cargo de nuestro Arzobispo, Mons. Francisco Moreno Barr\u00f3n, el cual fue presentado por el Club de&#46;&#46;&#46;<\/p>\n","protected":false},"author":5,"featured_media":6379,"comment_status":"closed","ping_status":"closed","sticky":false,"template":"","format":"standard","meta":{"_exactmetrics_skip_tracking":false,"_exactmetrics_sitenote_active":false,"_exactmetrics_sitenote_note":"","_exactmetrics_sitenote_category":0,"footnotes":""},"categories":[14],"tags":[],"class_list":["post-6378","post","type-post","status-publish","format-standard","has-post-thumbnail","hentry","category-ultimas-noticias"],"_links":{"self":[{"href":"https:\/\/iglesiatijuana.org\/web\/wp-json\/wp\/v2\/posts\/6378","targetHints":{"allow":["GET"]}}],"collection":[{"href":"https:\/\/iglesiatijuana.org\/web\/wp-json\/wp\/v2\/posts"}],"about":[{"href":"https:\/\/iglesiatijuana.org\/web\/wp-json\/wp\/v2\/types\/post"}],"author":[{"embeddable":true,"href":"https:\/\/iglesiatijuana.org\/web\/wp-json\/wp\/v2\/users\/5"}],"replies":[{"embeddable":true,"href":"https:\/\/iglesiatijuana.org\/web\/wp-json\/wp\/v2\/comments?post=6378"}],"version-history":[{"count":1,"href":"https:\/\/iglesiatijuana.org\/web\/wp-json\/wp\/v2\/posts\/6378\/revisions"}],"predecessor-version":[{"id":6381,"href":"https:\/\/iglesiatijuana.org\/web\/wp-json\/wp\/v2\/posts\/6378\/revisions\/6381"}],"wp:featuredmedia":[{"embeddable":true,"href":"https:\/\/iglesiatijuana.org\/web\/wp-json\/wp\/v2\/media\/6379"}],"wp:attachment":[{"href":"https:\/\/iglesiatijuana.org\/web\/wp-json\/wp\/v2\/media?parent=6378"}],"wp:term":[{"taxonomy":"category","embeddable":true,"href":"https:\/\/iglesiatijuana.org\/web\/wp-json\/wp\/v2\/categories?post=6378"},{"taxonomy":"post_tag","embeddable":true,"href":"https:\/\/iglesiatijuana.org\/web\/wp-json\/wp\/v2\/tags?post=6378"}],"curies":[{"name":"wp","href":"https:\/\/api.w.org\/{rel}","templated":true}]}}