{"id":6403,"date":"2017-12-11T10:42:49","date_gmt":"2017-12-11T18:42:49","guid":{"rendered":"http:\/\/iglesiatijuana.org\/web\/?p=6403"},"modified":"2017-12-11T10:42:49","modified_gmt":"2017-12-11T18:42:49","slug":"hombre-tus-pecados-estan-perdonados","status":"publish","type":"post","link":"https:\/\/iglesiatijuana.org\/web\/hombre-tus-pecados-estan-perdonados\/","title":{"rendered":"Hombre, tus pecados est\u00e1n perdonados"},"content":{"rendered":"<p><a href=\"http:\/\/iglesiatijuana.org\/web\/wp-content\/uploads\/2017\/01\/Jesusyelparalitico.jpg\" data-rel=\"lightbox-image-0\" data-rl_title=\"\" data-rl_caption=\"\" title=\"\"><img loading=\"lazy\" decoding=\"async\" class=\"alignnone size-medium wp-image-5109\" src=\"http:\/\/iglesiatijuana.org\/web\/wp-content\/uploads\/2017\/01\/Jesusyelparalitico-300x150.jpg\" alt=\"\" width=\"300\" height=\"150\" srcset=\"https:\/\/iglesiatijuana.org\/web\/wp-content\/uploads\/2017\/01\/Jesusyelparalitico-300x150.jpg 300w, https:\/\/iglesiatijuana.org\/web\/wp-content\/uploads\/2017\/01\/Jesusyelparalitico-768x384.jpg 768w, https:\/\/iglesiatijuana.org\/web\/wp-content\/uploads\/2017\/01\/Jesusyelparalitico-1024x512.jpg 1024w, https:\/\/iglesiatijuana.org\/web\/wp-content\/uploads\/2017\/01\/Jesusyelparalitico.jpg 1280w\" sizes=\"auto, (max-width: 300px) 100vw, 300px\" \/><\/a><\/p>\n<p><strong>Evangelio seg\u00fan san Lucas 5,17-26<\/strong><\/p>\n<p style=\"text-align: justify;\">Un d\u00eda, estaba Jes\u00fas ense\u00f1ando, y estaban sentados unos fariseos y maestros de la ley, venidos de todas las aldeas de Galilea, Judea y Jerusal\u00e9n. Y el poder del Se\u00f1or estaba con \u00e9l para realizar curaciones. En esto, llegaron unos hombres que tra\u00edan en una camilla a un hombre paral\u00edtico y trataban de introducirlo y colocarlo delante de \u00e9l. No encontrando por donde introducirlo a causa del gent\u00edo, subieron a la azotea, lo descolgaron con la camilla a trav\u00e9s de las tejas, y lo pusieron en medio, delante de Jes\u00fas. \u00c9l, viendo la fe de ellos, dijo: \u00abHombre, tus pecados est\u00e1n perdonados\u00bb.<br \/>\nEntonces se pusieron a pensar los escribas y los fariseos: \u00ab\u00bfQui\u00e9n es \u00e9ste que dice blasfemias? \u00bfQui\u00e9n puede perdonar pecados sino s\u00f3lo Dios?\u00bb. Pero Jes\u00fas, conociendo sus pensamientos, respondi\u00f3 y les dijo: \u00ab\u00bfQu\u00e9 est\u00e1is pensando en vuestros corazones? \u00bfQu\u00e9 es m\u00e1s f\u00e1cil, decir: \u201cTus pecados te son perdonados\u201d, o decir: \u201cLev\u00e1ntate y echa a andar\u201d? Pues, para que ve\u00e1is que el Hijo del hombre tiene poder en la tierra para perdonar pecados \u2014dijo al paral\u00edtico\u2014: \u201cA ti te lo digo, ponte en pie, toma tu camilla y vete a tu casa\u201d\u00bb. Y, al punto, levant\u00e1ndose a la vista de ellos, tom\u00f3 la camilla donde hab\u00eda estado tendido y se march\u00f3 a su casa dando gloria a Dios. El asombro se apoder\u00f3 de todos y daban gloria a Dios. Y, llenos de temor, dec\u00edan: \u00abHoy hemos visto maravillas\u00bb.<\/p>\n","protected":false},"excerpt":{"rendered":"<p>Evangelio seg\u00fan san Lucas 5,17-26 Un d\u00eda, estaba Jes\u00fas ense\u00f1ando, y estaban sentados unos fariseos y maestros de la ley, venidos de todas las aldeas de Galilea, Judea y Jerusal\u00e9n. Y el poder del&#46;&#46;&#46;<\/p>\n","protected":false},"author":5,"featured_media":5109,"comment_status":"closed","ping_status":"closed","sticky":false,"template":"","format":"standard","meta":{"_exactmetrics_skip_tracking":false,"_exactmetrics_sitenote_active":false,"_exactmetrics_sitenote_note":"","_exactmetrics_sitenote_category":0,"footnotes":""},"categories":[10],"tags":[],"class_list":["post-6403","post","type-post","status-publish","format-standard","has-post-thumbnail","hentry","category-evangelio"],"_links":{"self":[{"href":"https:\/\/iglesiatijuana.org\/web\/wp-json\/wp\/v2\/posts\/6403","targetHints":{"allow":["GET"]}}],"collection":[{"href":"https:\/\/iglesiatijuana.org\/web\/wp-json\/wp\/v2\/posts"}],"about":[{"href":"https:\/\/iglesiatijuana.org\/web\/wp-json\/wp\/v2\/types\/post"}],"author":[{"embeddable":true,"href":"https:\/\/iglesiatijuana.org\/web\/wp-json\/wp\/v2\/users\/5"}],"replies":[{"embeddable":true,"href":"https:\/\/iglesiatijuana.org\/web\/wp-json\/wp\/v2\/comments?post=6403"}],"version-history":[{"count":1,"href":"https:\/\/iglesiatijuana.org\/web\/wp-json\/wp\/v2\/posts\/6403\/revisions"}],"predecessor-version":[{"id":6404,"href":"https:\/\/iglesiatijuana.org\/web\/wp-json\/wp\/v2\/posts\/6403\/revisions\/6404"}],"wp:featuredmedia":[{"embeddable":true,"href":"https:\/\/iglesiatijuana.org\/web\/wp-json\/wp\/v2\/media\/5109"}],"wp:attachment":[{"href":"https:\/\/iglesiatijuana.org\/web\/wp-json\/wp\/v2\/media?parent=6403"}],"wp:term":[{"taxonomy":"category","embeddable":true,"href":"https:\/\/iglesiatijuana.org\/web\/wp-json\/wp\/v2\/categories?post=6403"},{"taxonomy":"post_tag","embeddable":true,"href":"https:\/\/iglesiatijuana.org\/web\/wp-json\/wp\/v2\/tags?post=6403"}],"curies":[{"name":"wp","href":"https:\/\/api.w.org\/{rel}","templated":true}]}}