{"id":6478,"date":"2018-01-08T12:54:00","date_gmt":"2018-01-08T20:54:00","guid":{"rendered":"http:\/\/iglesiatijuana.org\/web\/?p=6478"},"modified":"2018-01-08T12:54:00","modified_gmt":"2018-01-08T20:54:00","slug":"el-papa-francisco-nos-invita-a-comprender-el-don-del-bautismo-y-ha-vivirlo-con-coherencia-testimoniando-el-amor-del-padre-y-del-hijo-y-del-e-s","status":"publish","type":"post","link":"https:\/\/iglesiatijuana.org\/web\/el-papa-francisco-nos-invita-a-comprender-el-don-del-bautismo-y-ha-vivirlo-con-coherencia-testimoniando-el-amor-del-padre-y-del-hijo-y-del-e-s\/","title":{"rendered":"El Papa Francisco nos invita a comprender el don del bautismo y ha vivirlo con coherencia, testimoniando el  amor del Padre y del Hijo y del E.S."},"content":{"rendered":"<p><a href=\"http:\/\/iglesiatijuana.org\/web\/wp-content\/uploads\/2016\/11\/PapaFranciscoybeb\u00e9.jpg\" data-rel=\"lightbox-image-0\" data-rl_title=\"\" data-rl_caption=\"\" title=\"\"><img loading=\"lazy\" decoding=\"async\" class=\"alignnone size-medium wp-image-4868\" src=\"http:\/\/iglesiatijuana.org\/web\/wp-content\/uploads\/2016\/11\/PapaFranciscoybeb\u00e9-300x167.jpg\" alt=\"\" width=\"300\" height=\"167\" srcset=\"https:\/\/iglesiatijuana.org\/web\/wp-content\/uploads\/2016\/11\/PapaFranciscoybeb\u00e9-300x167.jpg 300w, https:\/\/iglesiatijuana.org\/web\/wp-content\/uploads\/2016\/11\/PapaFranciscoybeb\u00e9.jpg 680w\" sizes=\"auto, (max-width: 300px) 100vw, 300px\" \/><\/a><\/p>\n<p>Las palabras del Papa en la oraci\u00f3n del \u00e1ngelus, 07.01.2018<\/p>\n<p>&nbsp;<\/p>\n<p style=\"text-align: justify;\">Una vez terminada\u00a0 en la Capilla Sixtina, la celebraci\u00f3n de la santa misa en la fiesta del Bautismo del Se\u00f1or, con el rito del bautismo de los ni\u00f1os, a las 12 el Santo Padre Francisco se asom\u00f3\u00a0 a la ventana del estudio en el Palacio Apost\u00f3lico Vaticano para rezar el \u00c1ngelus con los fieles y peregrinos reunidos\u00a0 en la Plaza de San Pedro.<\/p>\n<p style=\"text-align: justify;\">Estas han sido las palabras del Papa en la oraci\u00f3n mariana:<\/p>\n<p style=\"text-align: justify;\">\n<strong><u>Antes del Angelus<\/u><\/strong><\/p>\n<p style=\"text-align: justify;\">Queridos hermanos y hermanas, \u00a1buenos d\u00edas!<\/p>\n<p style=\"text-align: justify;\">La celebraci\u00f3n de hoy del bautismo del Se\u00f1or concluye el tiempo de Navidad y nos invita a pensar en\u00a0 nuestro bautismo. Jes\u00fas quiso recibir el bautismo predicado y administrado por Juan el Bautista en el Jord\u00e1n. Era un bautismo de penitencia: los\u00a0 que se acercaban manifestaban el deseo de ser purificados de los pecados y, con la ayuda de Dios, se compromet\u00edan\u00a0 a comenzar una nueva vida.<\/p>\n<p style=\"text-align: justify;\">Entendemos as\u00ed\u00a0 la gran humildad de Jes\u00fas, el que no hab\u00eda pecado, poni\u00e9ndose en fila con los penitentes, mezclado entre ellos para ser bautizado en las aguas del r\u00edo. \u00a1Cu\u00e1nta humildad tiene Jes\u00fas! Y al hacerlo, manifest\u00f3 lo que hemos celebrado\u00a0 en Navidad: la disponibilidad de Jes\u00fas para sumergirse en el r\u00edo de la humanidad, de asumir las deficiencias y debilidades de los hombres, de compartir su deseo de liberaci\u00f3n y superaci\u00f3n de todo lo que aleja de Dios y hace extra\u00f1os a los hermanos. Al igual que en Bel\u00e9n, tambi\u00e9n a lo largo de las orillas del Jord\u00e1n, Dios cumple su promesa de hacerse cargo de la suerte del ser humano, y Jes\u00fas es el signo tangible y definitivo. \u00c9l se hizo cargo de todos nosotros, se hace cargo de\u00a0 todos nosotros, en la vida, en los d\u00edas.<\/p>\n<p style=\"text-align: justify;\">El Evangelio de hoy subraya que Jes\u00fas, &#8220;en cuanto sali\u00f3 del agua, vio que los cielos se rasgaban \u00a0y \u00a0que el Esp\u00edritu en forma de paloma bajaba a \u00e9l&#8221; (Mc1,10). El\u00a0<em>Esp\u00edritu Santo<\/em>, que hab\u00eda obrado desde el comienzo de la creaci\u00f3n y hab\u00eda guiado a Mois\u00e9s y al pueblo en el desierto, ahora desciende en plenitud sobre Jes\u00fas para darle la fortaleza de cumplir su misi\u00f3n en el mundo. El Esp\u00edritu es el art\u00edfice del bautismo de Jes\u00fas y tambi\u00e9n de nuestro bautismo. \u00c9l nos abre los ojos del \u00a0coraz\u00f3n a la verdad, a toda la verdad. Empuja nuestra vida por el sendero de la caridad. \u00c9l es el don que el Padre ha dado a cada uno de nosotros el d\u00eda de nuestro bautismo. \u00c9l, el Esp\u00edritu, nos transmite la ternura del perd\u00f3n divino. Y siempre es \u00c9l, el Esp\u00edritu Santo, quien hace resonar la reveladora Palabra del Padre: &#8220;T\u00fa eres mi Hijo&#8221; (v. 11).<\/p>\n<p style=\"text-align: justify;\">La fiesta del bautismo de Jes\u00fas invita a cada cristiano<em>\u00a0a recordar su bautismo<\/em>. No puedo preguntaros si os acord\u00e1is del d\u00eda de vuestro bautismo, porque la mayor\u00eda de vosotros er\u00e1is ni\u00f1os, como yo; nos bautizaron de\u00a0 ni\u00f1os. Pero os hago otra pregunta: \u00bfsab\u00e9is la fecha de vuestro bautismo? \u00bfSab\u00e9is en qu\u00e9 d\u00eda fuiste bautizado? Pensadlo todos. Y si no sab\u00e9is la fecha o la hab\u00e9is olvidado, al volver a casa, pregunt\u00e1dselo\u00a0 a vuestra madre, \u00a0a la abuela, al t\u00edo, a la t\u00eda, al abuelo, al \u00a0padrino, o a la \u00a0madrina: \u00bfen qu\u00e9 fecha? Y de esa fecha tenemos que acordarnos siempre, porque es una fecha de fiesta, \u00a0es la fecha de nuestra santificaci\u00f3n inicial, es la fecha en la que el Padre nos dio\u00a0 al Esp\u00edritu Santo que nos empuja \u00a0a caminar, es la fecha del gran perd\u00f3n. No lo olvid\u00e9is: \u00bfcu\u00e1l es mi fecha de bautismo?<\/p>\n<p style=\"text-align: justify;\">Invoquemos la protecci\u00f3n materna de Mar\u00eda Sant\u00edsima, para que todos los cristianos comprendan \u00a0cada vez m\u00e1s el don del bautismo y se comprometen a vivirlo con coherencia, testimoniando el \u00a0amor del Padre y del Hijo y del Esp\u00edritu Santo.<\/p>\n<p><strong><u>Despu\u00e9s del \u00c1ngelus<\/u><\/strong><\/p>\n<p style=\"text-align: justify;\">Queridos hermanos y hermanas:<\/p>\n<p style=\"text-align: justify;\">Saludo a todos vosotros, fieles de Roma y peregrinos de Italia y de diferentes pa\u00edses. Saludo en particular a los fieles de Corea del Sur y a los de Biella.<\/p>\n<p style=\"text-align: justify;\">Tambi\u00e9n este a\u00f1o, en la fiesta del Bautismo de Jes\u00fas, he tenido la alegr\u00eda de bautizar a algunos ni\u00f1os, 34. Sobre ellos, y sobre \u00a0todos los ni\u00f1os que han sido bautizados recientemente, invoco la protecci\u00f3n maternal de la Madre de Dios para que, ayudados por el ejemplo de sus padres, padrinos y madrinas, crezcan como disc\u00edpulos del Se\u00f1or.<\/p>\n<p style=\"text-align: justify;\">Os deseo a todos un buen domingo y un buen camino en el a\u00f1o que acaba de empezar, gracias a la luz que Jes\u00fas nos ha dado \u00a0durante su Natividad.<\/p>\n<p style=\"text-align: justify;\">No os olvid\u00e9is de\u00a0 los deberes para casa: \u00bfcu\u00e1l es la fecha de mi bautismo? \u00bfEn qu\u00e9 d\u00eda fui bautizado o bautizada? \u00bfEntendido?<\/p>\n<p style=\"text-align: justify;\">Y por favor, no os olvid\u00e9is de rezar por m\u00ed. Buen almuerzo y \u00a1hasta pronto!<\/p>\n<p>&nbsp;<\/p>\n","protected":false},"excerpt":{"rendered":"<p>Las palabras del Papa en la oraci\u00f3n del \u00e1ngelus, 07.01.2018 &nbsp; Una vez terminada\u00a0 en la Capilla Sixtina, la celebraci\u00f3n de la santa misa en la fiesta del Bautismo del Se\u00f1or, con el rito&#46;&#46;&#46;<\/p>\n","protected":false},"author":5,"featured_media":4868,"comment_status":"closed","ping_status":"closed","sticky":false,"template":"","format":"standard","meta":{"_exactmetrics_skip_tracking":false,"_exactmetrics_sitenote_active":false,"_exactmetrics_sitenote_note":"","_exactmetrics_sitenote_category":0,"footnotes":""},"categories":[14],"tags":[],"class_list":["post-6478","post","type-post","status-publish","format-standard","has-post-thumbnail","hentry","category-ultimas-noticias"],"_links":{"self":[{"href":"https:\/\/iglesiatijuana.org\/web\/wp-json\/wp\/v2\/posts\/6478","targetHints":{"allow":["GET"]}}],"collection":[{"href":"https:\/\/iglesiatijuana.org\/web\/wp-json\/wp\/v2\/posts"}],"about":[{"href":"https:\/\/iglesiatijuana.org\/web\/wp-json\/wp\/v2\/types\/post"}],"author":[{"embeddable":true,"href":"https:\/\/iglesiatijuana.org\/web\/wp-json\/wp\/v2\/users\/5"}],"replies":[{"embeddable":true,"href":"https:\/\/iglesiatijuana.org\/web\/wp-json\/wp\/v2\/comments?post=6478"}],"version-history":[{"count":1,"href":"https:\/\/iglesiatijuana.org\/web\/wp-json\/wp\/v2\/posts\/6478\/revisions"}],"predecessor-version":[{"id":6479,"href":"https:\/\/iglesiatijuana.org\/web\/wp-json\/wp\/v2\/posts\/6478\/revisions\/6479"}],"wp:featuredmedia":[{"embeddable":true,"href":"https:\/\/iglesiatijuana.org\/web\/wp-json\/wp\/v2\/media\/4868"}],"wp:attachment":[{"href":"https:\/\/iglesiatijuana.org\/web\/wp-json\/wp\/v2\/media?parent=6478"}],"wp:term":[{"taxonomy":"category","embeddable":true,"href":"https:\/\/iglesiatijuana.org\/web\/wp-json\/wp\/v2\/categories?post=6478"},{"taxonomy":"post_tag","embeddable":true,"href":"https:\/\/iglesiatijuana.org\/web\/wp-json\/wp\/v2\/tags?post=6478"}],"curies":[{"name":"wp","href":"https:\/\/api.w.org\/{rel}","templated":true}]}}