{"id":6485,"date":"2018-01-18T12:38:06","date_gmt":"2018-01-18T20:38:06","guid":{"rendered":"http:\/\/iglesiatijuana.org\/web\/?p=6485"},"modified":"2018-01-18T15:16:14","modified_gmt":"2018-01-18T23:16:14","slug":"las-adoratrices-perpetuas-del-santisimo-sacramento-los-invitan-a-venerar-las-reliquias-de-su-fundadora","status":"publish","type":"post","link":"https:\/\/iglesiatijuana.org\/web\/las-adoratrices-perpetuas-del-santisimo-sacramento-los-invitan-a-venerar-las-reliquias-de-su-fundadora\/","title":{"rendered":"Las Adoratrices Perpetuas del Sant\u00edsimo Sacramento los invitan a venerar las reliquias de su fundadora"},"content":{"rendered":"<p><a href=\"http:\/\/iglesiatijuana.org\/web\/wp-content\/uploads\/2018\/01\/file-1.jpeg\" data-rel=\"lightbox-image-0\" data-rl_title=\"\" data-rl_caption=\"\" title=\"\"><img loading=\"lazy\" decoding=\"async\" class=\"alignnone size-medium wp-image-6486\" src=\"http:\/\/iglesiatijuana.org\/web\/wp-content\/uploads\/2018\/01\/file-1-197x300.jpeg\" alt=\"\" width=\"197\" height=\"300\" \/><\/a><\/p>\n<p style=\"text-align: justify;\">Tijuana, B.C.- Las reliquias de la Beata, Madre Mar\u00eda Magdalena de la Encarnaci\u00f3n, fundadora de la Orden Adoratrices Perpetuas del Sant\u00edsimo Sacramento, visitar\u00e1n el Convento de las Religiosas de Playas de Tijuana, quienes invitan a toda la comunidad diocesana a venerarlas del 20 de enero al 15 de febrero.<\/p>\n<p style=\"text-align: justify;\">Su nombre fue Catalina Sordini, quien naci\u00f3 en Porto Santo Est\u00e9fano (Grosseto) Italia, El 16 de abril de 1770.<\/p>\n<p style=\"text-align: justify;\">El 26 de octubre de 1788 visti\u00f3 el h\u00e1bito franciscano y recibi\u00f3 el nombre de Sor Mar\u00eda Magdalena de la Encarnaci\u00f3n.<\/p>\n<p style=\"text-align: justify;\">El 19 de febrero de 1789 &lt; una visi\u00f3n prof\u00e9tica&gt; el Se\u00f1or le revel\u00f3 una nueva misi\u00f3n en la iglesia: instituir la obra de la Adoraci\u00f3n Perpetua del Sant\u00edsimo Sacramento.<\/p>\n<p style=\"text-align: justify;\">El 31 de mayo de 1807 la Madre Mar\u00eda Magdalena parti\u00f3 para Roma, y en el edificio de Santa Ana en el Quirinal, en septiembre fiesta de la Virgen de los Dolores se expone solemnemente por primera vez el Sant\u00edsimo Sacramento.<\/p>\n<p style=\"text-align: justify;\">En 1811 la Madre Mar\u00eda Magdalena fue exiliada a Florencia. Regres\u00f3 a Roma en 1814, donde reuni\u00f3 nuevamente la comunidad dando inicio a la solemne y p\u00fablica adoraci\u00f3n al Sant\u00edsimo Sacramento.<\/p>\n<p style=\"text-align: justify;\">El amor a Jes\u00fas Eucarist\u00eda fue para la Madre Mar\u00eda Magdalena el elemento fundamental y principal de su santidad, de su vida de fe, de su oraci\u00f3n, de su espiritualidad -m\u00edstica, precisamente centrada en la Eucarist\u00eda.<\/p>\n<p style=\"text-align: justify;\">La espiritualidad de la Madre es una espiritualidad &lt;eucar\u00edstica&gt; nutrida de la doctrina que el Magisterio de la Iglesia continuamente desarrolla y propone.<\/p>\n<p style=\"text-align: justify;\">La Madre Mar\u00eda Magdalena no escribi\u00f3 tratados de teolog\u00eda, su amor por la eucarist\u00eda lo aprendi\u00f3 directamente de Jes\u00fas Sacramentado, en sus largas horas de adoraci\u00f3n y a trav\u00e9s de una gracia especial.<\/p>\n<p style=\"text-align: justify;\">La madre se hizo ap\u00f3stol de la Eucarist\u00eda, queriendo evitar la frialdad hacia el sagrado misterio y la soledad del &lt;Divino prisionero del tabern\u00e1culo&gt;.<\/p>\n<p style=\"text-align: justify;\">Es conmovedora su espont\u00e1nea reacci\u00f3n, no hizo proclamaciones intelectuales, m\u00e1s, si sentimientos apasionados que descubren la centralidad de su amor.<\/p>\n<p style=\"text-align: justify;\">La fe ardiente y viva en la presencia real de Jes\u00fas en la Eucarist\u00eda, la Madre la expresa en su oraci\u00f3n y en las exhortaciones a sus hijas espirituales.<\/p>\n<p style=\"text-align: justify;\">Esta es la heredad que deja a los cristianos de hoy. La madre recuerda a todos que Jes\u00fas est\u00e1 verdaderamente presente entre nosotros Y que la Eucarist\u00eda es &lt;fuente y culmen de todo el culto de la Iglesia y de la vida cristiana&gt;<\/p>\n<p style=\"text-align: justify;\">En tal modo, para la Madre Mar\u00eda Magdalena, la Eucarist\u00eda llega a ser fuente de vida, alimento para la victoria de s\u00ed mismos y sus propios defectos, alcanzando el v\u00e9rtice de su perfecci\u00f3n, y el medio privilegiado para progresar hacia la santidad.<\/p>\n<p style=\"text-align: justify;\">En la teolog\u00eda y en la espiritualidad de la Iglesia, esto no es una novedad, m\u00e1s llega a serlo en manera fuerte cuando se hace experiencia de vida, claustral, modelo y testamento para sus hijas espirituales.<\/p>\n<p style=\"text-align: justify;\">El amor apasionado y el misterio de la gracia eucar\u00edstica, no s\u00f3lo lo encontramos en las palabras de la Madre Mar\u00eda Magdalena, sino en su existencia consumada como sacrificio eucar\u00edstico ofrecido totalmente y solamente a Dios.<\/p>\n<p style=\"text-align: justify;\">La mayor ense\u00f1anza y el mensaje de la Madre Mar\u00eda Magdalena est\u00e1 impreso en su vida, en su configuraci\u00f3n con Cristo, en su total oblaci\u00f3n consumada en el altar de la fidelidad a la palabra de Dios, como una hostia inmolada.<\/p>\n<p style=\"text-align: justify;\">205 a\u00f1os hace que la madre Mar\u00eda Magdalena pon\u00eda en el v\u00e9rtice de sus aspiraciones la Eucarist\u00eda, y en el centro el amor hacia la misma, un amor que es el fuego interior de su esp\u00edritu, fuego que tambi\u00e9n hoy es capaz de inflamar nuestros corazones y de incendiar cada \u00e1ngulo de la tierra.<\/p>\n<p style=\"text-align: justify;\">Este es su peque\u00f1o y gran camino que la condujo al encuentro con el Se\u00f1or en la Pascua eterna. La Madre Mar\u00eda Magdalena de la Encarnaci\u00f3n pas\u00f3 a la visi\u00f3n sin velos de Dios, el 29 de noviembre 1824.<\/p>\n<p style=\"text-align: justify;\">BEATA MADRE MAR\u00cdA MAGDALENA DE LA ENCARNACI\u00d3N, RUEGA POR NOSOTROS! Y CONC\u00c9DENOS EL ESP\u00cdRITU DE LA SANTA ORDEN.<\/p>\n<p>&nbsp;<\/p>\n<p>&nbsp;<\/p>\n","protected":false},"excerpt":{"rendered":"<p>Tijuana, B.C.- Las reliquias de la Beata, Madre Mar\u00eda Magdalena de la Encarnaci\u00f3n, fundadora de la Orden Adoratrices Perpetuas del Sant\u00edsimo Sacramento, visitar\u00e1n el Convento de las Religiosas de Playas de Tijuana, quienes invitan&#46;&#46;&#46;<\/p>\n","protected":false},"author":5,"featured_media":6486,"comment_status":"closed","ping_status":"closed","sticky":false,"template":"","format":"standard","meta":{"_exactmetrics_skip_tracking":false,"_exactmetrics_sitenote_active":false,"_exactmetrics_sitenote_note":"","_exactmetrics_sitenote_category":0,"footnotes":""},"categories":[14],"tags":[],"class_list":["post-6485","post","type-post","status-publish","format-standard","has-post-thumbnail","hentry","category-ultimas-noticias"],"_links":{"self":[{"href":"https:\/\/iglesiatijuana.org\/web\/wp-json\/wp\/v2\/posts\/6485","targetHints":{"allow":["GET"]}}],"collection":[{"href":"https:\/\/iglesiatijuana.org\/web\/wp-json\/wp\/v2\/posts"}],"about":[{"href":"https:\/\/iglesiatijuana.org\/web\/wp-json\/wp\/v2\/types\/post"}],"author":[{"embeddable":true,"href":"https:\/\/iglesiatijuana.org\/web\/wp-json\/wp\/v2\/users\/5"}],"replies":[{"embeddable":true,"href":"https:\/\/iglesiatijuana.org\/web\/wp-json\/wp\/v2\/comments?post=6485"}],"version-history":[{"count":4,"href":"https:\/\/iglesiatijuana.org\/web\/wp-json\/wp\/v2\/posts\/6485\/revisions"}],"predecessor-version":[{"id":6490,"href":"https:\/\/iglesiatijuana.org\/web\/wp-json\/wp\/v2\/posts\/6485\/revisions\/6490"}],"wp:featuredmedia":[{"embeddable":true,"href":"https:\/\/iglesiatijuana.org\/web\/wp-json\/wp\/v2\/media\/6486"}],"wp:attachment":[{"href":"https:\/\/iglesiatijuana.org\/web\/wp-json\/wp\/v2\/media?parent=6485"}],"wp:term":[{"taxonomy":"category","embeddable":true,"href":"https:\/\/iglesiatijuana.org\/web\/wp-json\/wp\/v2\/categories?post=6485"},{"taxonomy":"post_tag","embeddable":true,"href":"https:\/\/iglesiatijuana.org\/web\/wp-json\/wp\/v2\/tags?post=6485"}],"curies":[{"name":"wp","href":"https:\/\/api.w.org\/{rel}","templated":true}]}}