{"id":6549,"date":"2018-01-18T15:04:06","date_gmt":"2018-01-18T23:04:06","guid":{"rendered":"http:\/\/iglesiatijuana.org\/web\/?p=6549"},"modified":"2018-01-18T15:04:06","modified_gmt":"2018-01-18T23:04:06","slug":"encuentro-con-los-jovenes","status":"publish","type":"post","link":"https:\/\/iglesiatijuana.org\/web\/encuentro-con-los-jovenes\/","title":{"rendered":"Encuentro con los j\u00f3venes"},"content":{"rendered":"<p><a href=\"http:\/\/iglesiatijuana.org\/web\/wp-content\/uploads\/2018\/01\/Papa-Francisco-6.jpeg\" data-rel=\"lightbox-image-0\" data-rl_title=\"\" data-rl_caption=\"\" title=\"\"><img loading=\"lazy\" decoding=\"async\" class=\"alignnone size-medium wp-image-6550\" src=\"http:\/\/iglesiatijuana.org\/web\/wp-content\/uploads\/2018\/01\/Papa-Francisco-6-300x200.jpeg\" alt=\"\" width=\"300\" height=\"200\" srcset=\"https:\/\/iglesiatijuana.org\/web\/wp-content\/uploads\/2018\/01\/Papa-Francisco-6-300x200.jpeg 300w, https:\/\/iglesiatijuana.org\/web\/wp-content\/uploads\/2018\/01\/Papa-Francisco-6-768x511.jpeg 768w, https:\/\/iglesiatijuana.org\/web\/wp-content\/uploads\/2018\/01\/Papa-Francisco-6.jpeg 800w\" sizes=\"auto, (max-width: 300px) 100vw, 300px\" \/><\/a><\/p>\n<p><a href=\"http:\/\/w2.vatican.va\/content\/francesco\/es\/travels\/2018\/outside\/documents\/papa-francesco-cile-peru_2018.html\">VIAJE APOST\u00d3LICO DE SU SANTIDAD FRANCISCO A CHILE Y PER\u00da<\/a><br \/>\n(15-22 DE ENERO DE 2018)<\/p>\n<p><strong>ENCUENTRO CON LOS J\u00d3VENES<\/strong><\/p>\n<p><strong><em>DISCURSO DEL SANTO PADRE<\/em><\/strong><\/p>\n<p><em>Santuario Nacional de Maip\u00fa<br \/>\nMi\u00e9rcoles, 17 de enero de 2018<\/em><\/p>\n<p>&nbsp;<\/p>\n<p style=\"text-align: justify;\">Yo tambi\u00e9n Ariel estoy gozoso de estar con ustedes. Gracias por tus palabras de bienvenida en nombre de todos los presentes. Ciertamente estoy agradecido de compartir este tiempo con ustedes que seg\u00fan le\u00ed ah\u00ed: \u201cse bajaron del sof\u00e1 y se pusieron los zapatos\u201d. \u00a1Gracias! Considero para m\u00ed importante encontrarnos, y caminar juntos un rato, \u00a1que nos ayudemos a mirar para adelante! Y creo que tambi\u00e9n para ustedes es importante. Gracias.<\/p>\n<p style=\"text-align: justify;\">Y me alegra que este encuentro se realice aqu\u00ed en Maip\u00fa. En esta tierra donde con un abrazo de fraternidad se fund\u00f3 la historia de Chile; en este Santuario que se levanta en el cruce de los caminos del Norte y del Sur, que une la nieve y el oc\u00e9ano, y hace que el cielo y la tierra tengan un hogar. Hogar para Chile, hogar para ustedes queridos j\u00f3venes, donde la Virgen del Carmen los espera y los recibe con el coraz\u00f3n abierto. Y as\u00ed como acompa\u00f1\u00f3 el nacimiento de esta Naci\u00f3n y acompa\u00f1\u00f3 a tantos chilenos a lo largo de estos doscientos a\u00f1os, quiere seguir acompa\u00f1ando los sue\u00f1os que Dios pone en vuestro coraz\u00f3n: sue\u00f1os de libertad, sue\u00f1os de alegr\u00eda, sue\u00f1os de un futuro mejor. Esas ganas, como dec\u00edas vos Ariel, de \u00abser protagonistas del cambio\u00bb. Ser protagonistas. La Virgen del Carmen los acompa\u00f1a para que sean los protagonistas del Chile que sus corazones sue\u00f1an. Y yo s\u00e9 que el coraz\u00f3n de los j\u00f3venes chilenos sue\u00f1a, y sue\u00f1a a lo grande, no solo cuando est\u00e1n un poco curaditos, no, siempre sue\u00f1an a lo grande, porque de estas tierras han nacido experiencias que se fueron expandiendo y multiplicando a lo largo de diversos pa\u00edses de nuestro continente. \u00bfY qui\u00e9nes las impulsaron? J\u00f3venes como ustedes que se animaron a vivir la aventura de la fe. Porque la fe provoca en los j\u00f3venes sentimientos de aventura que invita a transitar por paisajes incre\u00edbles, paisajes nada f\u00e1ciles, nada tranquilos\u2026 pero a ustedes les gustan las aventuras y los desaf\u00edos, excepto los que no se llegaron a bajar del sof\u00e1. \u00a1B\u00e1jenlos r\u00e1pido!, as\u00ed podemos seguir, ustedes que son especialistas, y les ponen los zapatos. Es m\u00e1s, se aburren cuando no tienen desaf\u00edos que los estimulen. Esto se ve, por ejemplo, cada vez que sucede una cat\u00e1strofe natural: tienen una capacidad enorme para movilizarse, que habla de la generosidad de los corazones. Gracias.<\/p>\n<p style=\"text-align: justify;\">\u00a0Y quise empezar por esta referencia a la Patria porque el camino hacia adelante, los sue\u00f1os que tienen que ser concretados, el mirar siempre hacia el horizonte, se tienen que hacer con los pies en la tierra y se empieza con los pies en la tierra de la Patria, y si ustedes no aman a su Patria, yo no les creo que lleguen a amar a Jes\u00fas y que lleguen a amar a Dios. El amor a la Patria es un amor a la madre, la llamamos Madre Patria porque aqu\u00ed nacimos, pero ella misma como toda madre nos ense\u00f1a a caminar y se nos entrega para que la hagamos sobrevivir a otras generaciones. Por eso quise empezar con esta referencia de la Madre, de la Madre Patria. Si no son patriotas \u2013no patrioteros\u2013, patriotas, no van a hacer nada en la vida. Quieran a su tierra, chicas y chicos, quieran a su Chile, den lo mejor de ustedes por su Chile.<\/p>\n<p style=\"text-align: justify;\">En mi trabajo como obispo, pude descubrir que hay muchas, pero muchas, buenas ideas en los corazones y en las mentes de los j\u00f3venes. Y eso es verdad, ustedes son inquietos, buscadores, idealistas. \u00bfSaben qui\u00e9n tienen problemas?. El problema lo tenemos los grandes que cuando escuchamos estos ideales, estas inquietudes de los j\u00f3venes, con cara de sabiondos decimos: \u201cPiensa as\u00ed porque es joven, ya va a madurar, o peor, \u00a0ya se va a corromper\u201d. Y eso es verdad, detr\u00e1s del \u201cya va a madurar\u201d contra las ilusiones y los sue\u00f1os se esconde el t\u00e1cito \u201cya se va a corromper\u201d. \u00a1Cuidado con eso! Madurar es crecer y hacer crecer los sue\u00f1os y hacer crecer las ilusiones, no bajar la guardia y dejarse comprar por dos \u201cchirolas\u201d, eso no es madurar. As\u00ed que cuando los grandes pensamos eso, no le hagan caso.<\/p>\n<p style=\"text-align: justify;\">Pareciera que en esta (frase, n.d.r.) \u201cya va a madurar\u201d de nosotros los grandes, donde parece que les tir\u00e1ramos una frazada mojada encima para hacerlos callar, se escondiera que madurar es aceptar la injusticia, es creer que nada podemos hacer, que todo siempre fue as\u00ed: \u201c\u00bfPara qu\u00e9 vamos a cambiar, si siempre fue as\u00ed, si siempre se hizo as\u00ed?\u201d. Eso es corrupci\u00f3n. Madurar, la verdadera madurez es llevar adelante los sue\u00f1os, las ilusiones de ustedes, juntos, confront\u00e1ndose mutuamente, discutiendo entre ustedes, pero siempre mirando para adelante, no bajando la guardia, no vendiendo esas ilusiones y esas cosas. \u00bfEst\u00e1 claro? (Responden: \u00a1S\u00ed!)<\/p>\n<p style=\"text-align: justify;\">Teniendo en cuenta toda esta realidad de los j\u00f3venes es porque se va a realizar lo que\u2026. (se interrumpe porque uno de los presentes se siente mal) esperemos un minutito que saquen a esta hermana nuestra que se descompuso y la acompa\u00f1amos con una peque\u00f1a oraci\u00f3n para que se reponga enseguida. Es por esta realidad de ustedes los j\u00f3venes, les quer\u00eda hacer el anuncio de que he convocado el S\u00ednodo de la fe, del discernimiento en ustedes. Y adem\u00e1s el encuentro de j\u00f3venes, porque el S\u00ednodo lo hacemos los obispos, pensamos sobre los j\u00f3venes, pero ya saben, le tengo miedo a los filtros porque a veces las opiniones de los j\u00f3venes para viajar a Roma tienen que hacer varias conexiones y esas propuestas pueden llegar muy filtradas, no por las compa\u00f1\u00edas a\u00e9reas sino por los que las transcriben, por eso antes quiero escuchar a los j\u00f3venes y por eso se hace ese Encuentro de j\u00f3venes, encuentro donde ustedes van a ser los protagonistas, j\u00f3venes de todo el mundo, j\u00f3venes cat\u00f3licos y j\u00f3venes no cat\u00f3licos, j\u00f3venes cristianos y de otras religiones, y j\u00f3venes que no saben si creen o no creen, todos, para escucharlos, para escucharnos directamente, porque es importante que ustedes hablen, que no se dejen callar. A nosotros nos toca el ayudarlos a que sean coherentes con lo que dicen, eso es el trabajo que los vamos a ayudar, pero si ustedes no hablan, \u00bfc\u00f3mo los vamos a ayudar? Y que hablen con valent\u00eda, y que digan lo que sienten. Entonces lo van a poder hacer en esa semana de encuentro previa al Domingo de Ramos, que vendr\u00e1n delegaciones de j\u00f3venes de todo el mundo, que nos ayudemos a que la Iglesia tenga un rostro joven. Una vez uno, hace poco, me dec\u00eda: \u201cYo no s\u00e9 si hablar de la Santa Madre Iglesia \u2013hablaba de un lugar especial\u2013 o de la Santa Abuela Iglesia\u201d. No, no, la Iglesia tiene que tener rostro joven, y eso ustedes tienen que d\u00e1rnoslo. Pero, claro, un rostro joven es real, lleno de vida,\u00a0no precisamente joven por maquillarse con cremas rejuvenecedoras. No, eso no sirve, sino joven porque desde su coraz\u00f3n se deja interpelar, y eso es lo que nosotros, la Santa Madre Iglesia hoy necesita de ustedes: que nos interpelen. Despu\u00e9s prep\u00e1rense para la respuesta, pero necesitamos que nos interpelen, la Iglesia necesita que ustedes saquen el carnet de mayores de edad, espiritualmente mayores y tengan el coraje de decirnos: \u201cEsto me gusta, este camino me parece que es el que hay que hacer, esto no va, esto no es un puente es una muralla, etc\u00e9tera\u201d. Que nos digan lo que sienten, lo que piensan y eso lo elaboren entre ustedes en los grupos de ese encuentro y despu\u00e9s eso ir\u00e1 al S\u00ednodo, donde ciertamente habr\u00e1 una representaci\u00f3n de ustedes, pero el S\u00ednodo lo har\u00e1n los obispos con la representaci\u00f3n de ustedes que recoger\u00e1 a todos. As\u00ed que prep\u00e1rense para ese encuentro y, para los que vayan a ese encuentro, darles sus ideas, sus inquietudes, lo que vayan sintiendo en el coraz\u00f3n.\u00a0 \u00a1Cu\u00e1nto necesita de ustedes la Iglesia, y la Iglesia chilena, que nos \u00abmuevan el piso\u00bb, nos ayuden a estar m\u00e1s cerca de Jes\u00fas! Eso es lo que les pedimos, que nos muevan el piso si estamos instalados y nos ayuden a estar m\u00e1s cerca de Jes\u00fas. Las preguntas de ustedes, el querer saber de ustedes, querer ser generosos son exigencias para que estemos m\u00e1s cerca de Jes\u00fas. Y todos estamos invitados una y otra vez a estar cerca de Jes\u00fas. Si una actividad, si un plan pastoral, si este encuentro no nos ayuda a estar m\u00e1s cerca de Jes\u00fas, perdimos el tiempo, perdimos una tarde, horas de preparaci\u00f3n: que nos ayuden a estar m\u00e1s cerca de Jes\u00fas. Y eso se lo pedimos a quien nos puede llevar de la mano, miramos a la Madre; cada uno en su coraz\u00f3n le diga con las palabras, a ella que es la primera disc\u00edpula, que nos ayude a estar m\u00e1s cerca de Jes\u00fas, desde el coraz\u00f3n, cada uno.<\/p>\n<p style=\"text-align: justify;\">Y d\u00e9jenme contarles una an\u00e9cdota. Charlando un d\u00eda con un joven le pregunt\u00e9 qu\u00e9 es lo que lo pon\u00eda de mal humor. \u201c\u00bfA vos qu\u00e9 te pone de mal humor?\u201d \u2013porque el contexto se daba para hacer esa pregunta. Y \u00e9l me dijo: \u00abcuando al celular se le acaba la bater\u00eda o cuando pierdo la se\u00f1al de internet\u00bb. Le pregunt\u00e9: \u00ab\u00bfPor qu\u00e9?\u00bb. Me responde: \u00abPadre, es simple, me pierdo todo lo que est\u00e1 pasando, me quedo fuera del mundo, como colgado. En esos momentos, salgo corriendo a buscar un cargador o una red de wifi y la contrase\u00f1a para volverme a conectar\u00bb. Esa respuesta me ense\u00f1\u00f3, me hizo pensar que con la fe nos puede pasar lo mismo. Todos estamos entusiastas, la fe se renueva \u2013que un retiro, que una predicaci\u00f3n, que un encuentro, que la visita del Papa\u2013, la fe crece pero despu\u00e9s de un tiempo de camino o del \u00abembale\u00bb inicial, hay momentos en los que sin darnos cuenta comienza a bajar \u00abnuestro ancho de banda\u00bb, despacito, y aquel entusiasmo, aquel querer estar conectados con Jes\u00fas se empieza a perder, y empezamos a quedarnos sin conexi\u00f3n, sin bater\u00eda, y entonces nos gana el mal humor, nos volvemos descre\u00eddos, tristes, sin fuerza, y todo lo empezamos a ver mal. Al quedarnos sin esta \u00abconexi\u00f3n\u00bb que es la que le da vida a nuestros sue\u00f1os, el coraz\u00f3n empieza a perder fuerza, a quedarse tambi\u00e9n sin bater\u00eda y como dice esa canci\u00f3n: \u00abEl ruido ambiente y soledad de la ciudad nos a\u00edslan de todo. El mundo que gira al rev\u00e9s pretende sumergirme en \u00e9l ahogando mis ideas\u00bb<a name=\"_ftnref1\"><\/a><a href=\"http:\/\/w2.vatican.va\/content\/francesco\/es\/speeches\/2018\/january\/documents\/papa-francesco_20180117_cile-maipu-giovani.html#_ftn1\">[1]<\/a>. \u00bfLes pas\u00f3 esto alguna vez? No, no, cada cual se contesta adentro, no quiero hacer pasar verg\u00fcenza a los que no les pas\u00f3. A m\u00ed me pas\u00f3.<\/p>\n<p style=\"text-align: justify;\">Sin conexi\u00f3n, sin la conexi\u00f3n con Jes\u00fas, sin esta conexi\u00f3n terminamos ahogando nuestras ideas, ahogando nuestros sue\u00f1os, ahogando nuestra fe y, claro, nos llenamos de mal humor. De protagonistas \u2014que lo somos y lo queremos ser\u2014 podemos llegar a sentir que vale lo mismo hacer algo que no hacerlo: \u201c\u00bfPara qu\u00e9 te vas a gastar? Mir\u00e1 \u2013el joven pesimista\u2013: Pas\u00e1la bien, dej\u00e1, todas estas cosas sabemos c\u00f3mo terminan, el mundo no cambia, tom\u00e1lo con soda y and\u00e1 para adelante\u201d. Y quedamos desconectados de la realidad y de lo que est\u00e1 pasando en \u00abel mundo\u00bb. Y quedamos, sentimos que quedamos, \u00abfuera del mundo\u00bb, en \u201cmi mundito\u201d donde estoy tranquilo, en mi sof\u00e1, ah\u00ed. Me preocupa cuando, al perder \u00abse\u00f1al\u00bb, muchos sienten que no tienen nada que aportar y quedan como perdidos: \u201cPar\u00e1, vos ten\u00e9s algo que dar\u201d \u2013 \u201cNo mir\u00e1 esto es un desastre, yo trato de estudiar, tener un t\u00edtulo, casarme, pero basta, no quiero l\u00edos, termina todo mal\u201d. Eso es cuando se pierde la conexi\u00f3n. Nunca pienses que no tienes nada que aportar o que no le haces falta a nadie: \u201cLe haces falta a mucha gente y esto pens\u00e1lo\u201d. Cada uno de ustedes pi\u00e9nselo en su coraz\u00f3n: \u201cYo le hago falta a mucha gente\u201d. Ese pensamiento, como le gustaba decir a Hurtado, \u00abes el consejo del diablo\u00bb \u2013\u201cno le hago falta a nadie\u201d\u2013, que quiere hacerte sentir que no vales nada\u2026 pero para dejar las cosas como est\u00e1n, por eso te hace sentir que no vales nada, para que nada cambie, porque el \u00fanico que puede hacer un cambio en la sociedad es el joven, uno de ustedes. Nosotros ya estamos del otro lado. (Otro joven de los presentes se desmaya) Y gracias, entre par\u00e9ntesis, porque estos desmayos son un signo de lo que est\u00e1n sintiendo muchos de ustedes. \u00bfDesde qu\u00e9 hora est\u00e1n ac\u00e1, me lo dicen? (Los j\u00f3venes responden) \u00a1Gracias! Todos, dec\u00eda, somos importantes y todos tenemos algo que aportar. Con un \u201ccachitito\u201d de silencio se pregunta cada uno \u2013en serio, m\u00edrense en su coraz\u00f3n\u2013: \u201c\u00bfQu\u00e9 tengo yo para aportar en la vida?\u201d. Y cu\u00e1ntos de ustedes sienten las ganas de decir: \u201cNo s\u00e9\u201d. \u00bfNo sab\u00e9s lo que ten\u00e9s para aportar? Lo ten\u00e9s adentro y no lo conoc\u00e9s. Apur\u00e1te a encontrarlo para aportar. El mundo te necesita, la patria te necesita, la sociedad te necesita, vos ten\u00e9s algo que aportar, no pierdas la conexi\u00f3n.<\/p>\n<p style=\"text-align: justify;\">Los j\u00f3venes del Evangelio que escuchamos hoy quer\u00edan esa \u00abse\u00f1al\u00bb, buscaban esa se\u00f1al que los ayudara a mantener vivo el fuego en sus corazones. Esos j\u00f3venes, que estaban ah\u00ed con Juan Bautista, quer\u00edan saber c\u00f3mo cargar la bater\u00eda del coraz\u00f3n. Andr\u00e9s y el otro disc\u00edpulo \u2014que no dice el nombre, y podemos pensar que ese otro disc\u00edpulo puede ser cada uno de nosotros\u2014 buscaban la contrase\u00f1a para conectarse con Aquel que es \u00abCamino, Verdad y Vida\u00bb (<em>Jn<\/em>\u00a014,6). A ellos los gui\u00f3 Juan el Bautista. Y creo que ustedes tienen un gran santo que les puede hacer de gu\u00eda, un santo que iba cantando con su vida: \u00abcontento, Se\u00f1or, contento\u00bb. Hurtado ten\u00eda una regla de oro, una regla para encender su coraz\u00f3n con ese fuego capaz de mantener viva la alegr\u00eda. Porque Jes\u00fas es ese fuego al cual quien se acerca queda encendido.<\/p>\n<p style=\"text-align: justify;\">Y la contrase\u00f1a de Hurtado para reconectar, para mantener la se\u00f1al es muy simple \u2014seguro que ninguno de ustedes trajo un tel\u00e9fono, \u00bfno? Me gustar\u00eda que la anotaran en el tel\u00e9fono, a ver si se animan, yo se las dicto\u2013.\u00a0 \u00a0Hurtado se pregunta \u2013esta es la contrase\u00f1a\u2013: \u00ab\u00bfQu\u00e9 har\u00eda Cristo en mi lugar?\u00bb. Los que pueden an\u00f3tenlo: \u00ab\u00bfQu\u00e9 har\u00eda Cristo en mi lugar?\u00bb. \u00ab\u00bfQu\u00e9 har\u00eda Cristo en mi lugar, en la escuela, en la universidad, en la calle, en la casa, entre amigos, en el trabajo; frente al que le hacen\u00a0<em>bullying<\/em>: \u00ab\u00bfQu\u00e9 har\u00eda Cristo en mi lugar?\u00bb. Cuando salen a bailar, cuando est\u00e1n haciendo deportes o van al estadio: \u00ab\u00bfQu\u00e9 har\u00eda Cristo en mi lugar?\u00bb. Esa es la contrase\u00f1a, esa es la bater\u00eda para encender nuestro coraz\u00f3n y encender la fe y encender la chispa en los ojos que no se les vaya. Eso es ser protagonistas de la historia. Ojos chispeantes porque descubrimos que Jes\u00fas es fuente de vida y de alegr\u00eda. Protagonistas de la historia, porque queremos contagiar esa chispa en tantos corazones apagados, opacos que se olvidaron de lo que es esperar; en tantos que son \u00abfomes\u00bb y esperan que alguien los invite y los desaf\u00ede con algo que valga la pena. Ser protagonistas es hacer lo que hizo Jes\u00fas. All\u00ed donde est\u00e9s, con quien te encuentres y a la hora en que te encuentres: \u00ab\u00bfQu\u00e9 har\u00eda Jes\u00fas en mi lugar?\u00bb. \u00bfCargaron la contrase\u00f1a? (Los j\u00f3venes responde: \u201cS\u00ed\u201d). Y la \u00fanica manera de no olvidarse de la contrase\u00f1a es usarla, sino no va a pasar lo que\u2026 \u2013claro esto es de mi \u00e9poca, no de la de ustedes, pero por ah\u00ed saben algo\u2013, lo que les pas\u00f3 a los tres chiflados en aquel film que arman un asalto, un robo, una caja fuerte, todo pensado, todo, y cuando llegan se olvidaron de la contrase\u00f1a, se olvidaron de la clave. Si no usan la contrase\u00f1a se la van a olvidar. \u00a1C\u00e1rguenla en el coraz\u00f3n! \u00bfC\u00f3mo era la contrase\u00f1a? (R: \u00ab\u00bfQu\u00e9 har\u00eda Cristo en mi lugar?\u00bb) Esa es la contrase\u00f1a. \u00a1Rep\u00edtanla, pero \u00fasenla, \u00fasenla! \u2013\u00bfQu\u00e9 har\u00eda Cristo en mi lugar?\u2013.\u00a0Y hay que usarla todos los d\u00edas. Llegar\u00e1 el momento que se\u00a0la van a saber de memoria y llegar\u00e1 el d\u00eda en que, sin darse cuenta, y llegar\u00e1 el d\u00eda en que, sin darse cuenta, el coraz\u00f3n de cada uno de ustedes latir\u00e1 como el coraz\u00f3n de Jes\u00fas.<\/p>\n<p style=\"text-align: justify;\">No basta con escuchar alguna ense\u00f1anza religiosa o aprender una doctrina; lo que queremos es vivir como Jes\u00fas vivi\u00f3: \u00bfQu\u00e9 har\u00eda Cristo en mi lugar? Traducir Jes\u00fas a m\u00ed vida. \u00a0Por eso los j\u00f3venes del Evangelio le preguntan: \u00abSe\u00f1or, \u00bfd\u00f3nde vives?\u00bb<a name=\"_ftnref2\"><\/a><a href=\"http:\/\/w2.vatican.va\/content\/francesco\/es\/speeches\/2018\/january\/documents\/papa-francesco_20180117_cile-maipu-giovani.html#_ftn2\">[2]<\/a>; \u2013lo escuchamos reci\u00e9n\u2013 \u00bfc\u00f3mo vives? \u00bfYo le pregunto a Jes\u00fas? Queremos vivir como Jes\u00fas, \u00c9l s\u00ed que hace vibrar el coraz\u00f3n.<\/p>\n<p style=\"text-align: justify;\">Hace vibrar el coraz\u00f3n y te pone en el camino del riesgo. Arriesgarse, correr riesgos. Queridos amigos, sean valientes, salgan \u00abal tiro\u00bb al encuentro de sus amigos, de aquellos que no conocen o que est\u00e1n en un momento de dificultad.<\/p>\n<p style=\"text-align: justify;\">Y vayan con la \u00fanica promesa que tenemos: en medio del desierto, del camino, de la aventura, siempre habr\u00e1 \u00abconexi\u00f3n\u00bb, existir\u00e1 un \u00abcargador\u00bb. No estaremos solos. Siempre gozaremos de la compa\u00f1\u00eda de Jes\u00fas y de su Madre y de una comunidad. Ciertamente una comunidad que no es perfecta, pero eso no significa que no tenga mucho para amar y para dar a los dem\u00e1s. \u00bfC\u00f3mo era la contrase\u00f1a? (R: \u00ab\u00bfQu\u00e9 har\u00eda Cristo en mi lugar?) Est\u00e1 bien, todav\u00eda la conservan.<\/p>\n<p style=\"text-align: justify;\">Queridos amigos, queridos j\u00f3venes: \u00abSean ustedes, \u2013se lo pido por favor\u2013, sean ustedes los j\u00f3venes samaritanos que nunca abandonan a nadie tirado en el camino. En el coraz\u00f3n, otra pregunta: \u201c\u00bfAlguna vez abandon\u00e9 a alguien tirado en el camino? \u00bfUn pariente, un amigo, amiga\u2026?\u201d. Sean samaritanos, nunca abandonen al hombre tirado en el camino. Sean ustedes los j\u00f3venes cirineos que ayudan a Cristo a llevar su cruz y se comprometen con el sufrimiento de sus hermanos. Sean como Zaqueo, que transform\u00f3 su enanismo espiritual en grandeza y dej\u00f3 que Jes\u00fas transformara su coraz\u00f3n materialista en un coraz\u00f3n solidario. Sean como la joven Magdalena, apasionada buscadora del amor, que s\u00f3lo en Jes\u00fas encuentra las respuestas que necesita. Tengan el coraz\u00f3n de Pedro, para abandonar las redes junto al lago. Tengan el cari\u00f1o de Juan, para reposar en Jes\u00fas todos sus afectos. Tengan la disponibilidad de nuestra Madre, la primera disc\u00edpula, para cantar con gozo y hacer su voluntad\u00bb<a name=\"_ftnref3\"><\/a><a href=\"http:\/\/w2.vatican.va\/content\/francesco\/es\/speeches\/2018\/january\/documents\/papa-francesco_20180117_cile-maipu-giovani.html#_ftn3\">[3]<\/a>.<\/p>\n<p style=\"text-align: justify;\">Queridos amigos, me gustar\u00eda quedarme m\u00e1s tiempo. Los que tienen tel\u00e9fono ag\u00e1rrenlo en la mano, es un signo para no olvidarse de la contrase\u00f1a. \u00bfCu\u00e1l era la contrase\u00f1a? (R: \u00ab\u00bfQu\u00e9 har\u00eda Cristo en mi lugar?) As\u00ed reconectan y no se quedan fuera de banda. Me gustar\u00eda quedarme m\u00e1s tiempo. Gracias por el encuentro, gracias por la alegr\u00eda de ustedes. Gracias, muchas gracias y les pido por favor que no se olviden de rezar por m\u00ed.<\/p>\n<p><a href=\"http:\/\/iglesiatijuana.org\/web\/wp-content\/uploads\/2018\/01\/Papa-Francisco-2-6.jpeg\" data-rel=\"lightbox-image-1\" data-rl_title=\"\" data-rl_caption=\"\" title=\"\"><img loading=\"lazy\" decoding=\"async\" class=\"alignnone size-medium wp-image-6551\" src=\"http:\/\/iglesiatijuana.org\/web\/wp-content\/uploads\/2018\/01\/Papa-Francisco-2-6-300x200.jpeg\" alt=\"\" width=\"300\" height=\"200\" srcset=\"https:\/\/iglesiatijuana.org\/web\/wp-content\/uploads\/2018\/01\/Papa-Francisco-2-6-300x200.jpeg 300w, https:\/\/iglesiatijuana.org\/web\/wp-content\/uploads\/2018\/01\/Papa-Francisco-2-6-768x511.jpeg 768w, https:\/\/iglesiatijuana.org\/web\/wp-content\/uploads\/2018\/01\/Papa-Francisco-2-6.jpeg 800w\" sizes=\"auto, (max-width: 300px) 100vw, 300px\" \/><\/a><\/p>\n<p><a name=\"_ftn1\"><\/a><a href=\"http:\/\/w2.vatican.va\/content\/francesco\/es\/speeches\/2018\/january\/documents\/papa-francesco_20180117_cile-maipu-giovani.html#_ftnref1\">[1]<\/a>\u00a0La Ley,\u00a0<em>Aqu\u00ed<\/em>.<\/p>\n<p><a name=\"_ftn2\"><\/a><a href=\"http:\/\/w2.vatican.va\/content\/francesco\/es\/speeches\/2018\/january\/documents\/papa-francesco_20180117_cile-maipu-giovani.html#_ftnref2\">[2]<\/a><em>\u00a0Jn<\/em>\u00a01,38.<\/p>\n<p><a name=\"_ftn3\"><\/a><a href=\"http:\/\/w2.vatican.va\/content\/francesco\/es\/speeches\/2018\/january\/documents\/papa-francesco_20180117_cile-maipu-giovani.html#_ftnref3\">[3]<\/a>\u00a0Card. Ra\u00fal\u00a0Silva Henr\u00edquez,\u00a0<em>Mensaje a los j\u00f3venes\u00a0<\/em>(7 octubre 1979).<\/p>\n<p>&nbsp;<\/p>\n","protected":false},"excerpt":{"rendered":"<p>VIAJE APOST\u00d3LICO DE SU SANTIDAD FRANCISCO A CHILE Y PER\u00da (15-22 DE ENERO DE 2018) ENCUENTRO CON LOS J\u00d3VENES DISCURSO DEL SANTO PADRE Santuario Nacional de Maip\u00fa Mi\u00e9rcoles, 17 de enero de 2018 &nbsp;&#46;&#46;&#46;<\/p>\n","protected":false},"author":5,"featured_media":6550,"comment_status":"closed","ping_status":"closed","sticky":false,"template":"","format":"standard","meta":{"_exactmetrics_skip_tracking":false,"_exactmetrics_sitenote_active":false,"_exactmetrics_sitenote_note":"","_exactmetrics_sitenote_category":0,"footnotes":""},"categories":[14],"tags":[],"class_list":["post-6549","post","type-post","status-publish","format-standard","has-post-thumbnail","hentry","category-ultimas-noticias"],"_links":{"self":[{"href":"https:\/\/iglesiatijuana.org\/web\/wp-json\/wp\/v2\/posts\/6549","targetHints":{"allow":["GET"]}}],"collection":[{"href":"https:\/\/iglesiatijuana.org\/web\/wp-json\/wp\/v2\/posts"}],"about":[{"href":"https:\/\/iglesiatijuana.org\/web\/wp-json\/wp\/v2\/types\/post"}],"author":[{"embeddable":true,"href":"https:\/\/iglesiatijuana.org\/web\/wp-json\/wp\/v2\/users\/5"}],"replies":[{"embeddable":true,"href":"https:\/\/iglesiatijuana.org\/web\/wp-json\/wp\/v2\/comments?post=6549"}],"version-history":[{"count":1,"href":"https:\/\/iglesiatijuana.org\/web\/wp-json\/wp\/v2\/posts\/6549\/revisions"}],"predecessor-version":[{"id":6552,"href":"https:\/\/iglesiatijuana.org\/web\/wp-json\/wp\/v2\/posts\/6549\/revisions\/6552"}],"wp:featuredmedia":[{"embeddable":true,"href":"https:\/\/iglesiatijuana.org\/web\/wp-json\/wp\/v2\/media\/6550"}],"wp:attachment":[{"href":"https:\/\/iglesiatijuana.org\/web\/wp-json\/wp\/v2\/media?parent=6549"}],"wp:term":[{"taxonomy":"category","embeddable":true,"href":"https:\/\/iglesiatijuana.org\/web\/wp-json\/wp\/v2\/categories?post=6549"},{"taxonomy":"post_tag","embeddable":true,"href":"https:\/\/iglesiatijuana.org\/web\/wp-json\/wp\/v2\/tags?post=6549"}],"curies":[{"name":"wp","href":"https:\/\/api.w.org\/{rel}","templated":true}]}}