{"id":6559,"date":"2018-01-30T13:46:29","date_gmt":"2018-01-30T21:46:29","guid":{"rendered":"http:\/\/iglesiatijuana.org\/web\/?p=6559"},"modified":"2018-01-31T12:32:10","modified_gmt":"2018-01-31T20:32:10","slug":"del-20-de-enero-al-15-de-febrero-estaran-las-reliquias-de-la-beata-maria-magdalena-de-la-encarnacion-en-nuestra-arquidiocesis-todos-estan-invitados","status":"publish","type":"post","link":"https:\/\/iglesiatijuana.org\/web\/del-20-de-enero-al-15-de-febrero-estaran-las-reliquias-de-la-beata-maria-magdalena-de-la-encarnacion-en-nuestra-arquidiocesis-todos-estan-invitados\/","title":{"rendered":"Del 20 de enero al 15 de febrero estar\u00e1n las reliquias de la Beata Mar\u00eda Magdalena de la Encarnaci\u00f3n en nuestra Arquidi\u00f3cesis; todos est\u00e1n invitados"},"content":{"rendered":"<p><a href=\"http:\/\/iglesiatijuana.org\/web\/wp-content\/uploads\/2018\/01\/Madres-Graciela-y-Yessenia-Adoratrices-Perpetuas-del-Sant\u00edsimo-Sacramento.jpg\" data-rel=\"lightbox-image-0\" data-rl_title=\"\" data-rl_caption=\"\" title=\"\"><img loading=\"lazy\" decoding=\"async\" class=\"alignnone size-medium wp-image-6560\" src=\"http:\/\/iglesiatijuana.org\/web\/wp-content\/uploads\/2018\/01\/Madres-Graciela-y-Yessenia-Adoratrices-Perpetuas-del-Sant\u00edsimo-Sacramento-296x300.jpg\" alt=\"\" width=\"296\" height=\"300\" srcset=\"https:\/\/iglesiatijuana.org\/web\/wp-content\/uploads\/2018\/01\/Madres-Graciela-y-Yessenia-Adoratrices-Perpetuas-del-Sant\u00edsimo-Sacramento-296x300.jpg 296w, https:\/\/iglesiatijuana.org\/web\/wp-content\/uploads\/2018\/01\/Madres-Graciela-y-Yessenia-Adoratrices-Perpetuas-del-Sant\u00edsimo-Sacramento.jpg 336w\" sizes=\"auto, (max-width: 296px) 100vw, 296px\" \/><\/a><\/p>\n<p style=\"text-align: justify;\">Tijuana, B.C.- Las reliquias de la Beata, Madre Mar\u00eda Magdalena de la Encarnaci\u00f3n, fundadora de la Orden Adoratrices Perpetuas del Sant\u00edsimo Sacramento, visitar\u00e1n a nuestra Arquidi\u00f3cesis de Tijuana, del 20 de enero al 15 de febrero. Todos est\u00e1n invitados a visitar dichas reliquias.<\/p>\n<p style=\"text-align: justify;\">\u201cElla (Beata Madre Mar\u00eda Magdalena de la Encarnaci\u00f3n) estando de novicia estaba haciendo aseo en el comedor, y en eso se le abre la pared y se le revela Jes\u00fas con muchos \u00e1ngeles vestidos de blanco y rojo, y le dice: \u00b4Yo te he elegido a ti para que seas instrumento y fundes una orden cuyo fin, vida y luz sea la Eucarist\u00eda\u201d, dijo la Madre Yessenia, Adoratriz Perpetua del Sant\u00edsimo Sacramento.<\/p>\n<p style=\"text-align: justify;\">A los 32 a\u00f1os fue superiora y a los 37 a\u00f1os se fue a fundar la orden a Roma, Italia. Y Dios a trav\u00e9s de ella hizo muchos milagros. Y muri\u00f3 a los 54 a\u00f1os el 29 de noviembre de 1824.<\/p>\n<p style=\"text-align: justify;\">\u201cEstamos muy felices ahora de que va a venir la reliquia de nuestra madre fundadora, la Beata Mar\u00eda Magdalena de la Encarnaci\u00f3n. La reliquia es un huesito de su cuerpo, de su brazo y de su pie. La reliquia significa que es algo de un santo, de una beata\u201d, comparti\u00f3 la Madre Graciela.<\/p>\n<p style=\"text-align: justify;\">Explic\u00f3 que las reliquias es un objeto\u00a0de un santo (a) o beato (a), ya sea de su cuerpo\u00a0que se llama de primer grado, otro puede ser la ropa que usaba o alguna pertenencia que utilizaba se llama de segundo grado, y cualquier objeto que pase por la tumba del santo o beato se llama de tercer grado.<\/p>\n<p style=\"text-align: justify;\">\u201cLa importancia de la reliquia para nosotros los cat\u00f3licos es de que nos recuerdan que tambi\u00e9n fueron personas, en este caso nuestra fundadora, fue una persona que tuvo novio, fue una persona igual como nosotros. Y nos recuerda que todos estamos llamados a la santidad, y que tambi\u00e9n, ya depende de uno lo quiera alcanzar o no, pero por medio de las reliquias Dios obra muchas conversiones, sanaciones, y es una gran oportunidad para que se den cada uno de ustedes que vengan a visitarnos. E igual\u00a0 tambi\u00e9n para que nos conozcan a nosotros, porque a veces dicen: \u00b4las monjitas son aburridas\u00b4. No, vengan, con\u00f3zcanos para que conozcan otra parte de la Iglesia cat\u00f3lica, que somos las monjitas de vida contemplativa\u201d, destac\u00f3 la Madre Yessenia.<\/p>\n<p style=\"text-align: justify;\">El milagro que hizo Dios a trav\u00e9s de la Beata Madre Mar\u00eda Magdalena de la Encarnaci\u00f3n fue aqu\u00ed en M\u00e9xico, espec\u00edficamente en Culiac\u00e1n, Sinaloa.<\/p>\n<p style=\"text-align: justify;\">\u201cUnas personas iban en un pick up saliendo de una fiesta, y uno de los se\u00f1ores se cay\u00f3 del pick up y se le destroz\u00f3 el cerebro. Se fue una sobrina de esta persona que siendo religiosa en la comunidad, rezaron la novena de nuestra Madre y tambi\u00e9n le pasaron una reliquia de un lienzo de ella, y milagrosamente se le reconstruy\u00f3 el cerebro. Y ese fue el milagro el que le hizo la beatificaci\u00f3n que fue el 3 de mayo de 2008\u201d, comparti\u00f3 la Madre Graciela.<\/p>\n<p style=\"text-align: justify;\">El Monasterio de las Adoratrices Perpetuas del Sant\u00edsimo Sacramento (ubicado en Calle Ventisca No. 2380, Secci\u00f3n El Dorado, Playas de Tijuana) estar\u00e1 abierto desde las 6:30 de la ma\u00f1ana a las 10:00 de la noche, para que vayan todas las personas que quieran venerar las reliquias a la hora que puedan.<\/p>\n<p><a href=\"http:\/\/iglesiatijuana.org\/web\/wp-content\/uploads\/2018\/01\/file-1-e1515530332788.jpeg\" data-rel=\"lightbox-image-1\" data-rl_title=\"\" data-rl_caption=\"\" title=\"\"><img loading=\"lazy\" decoding=\"async\" class=\"alignnone size-medium wp-image-6486\" src=\"http:\/\/iglesiatijuana.org\/web\/wp-content\/uploads\/2018\/01\/file-1-e1515530332788-300x270.jpeg\" alt=\"\" width=\"300\" height=\"270\" srcset=\"https:\/\/iglesiatijuana.org\/web\/wp-content\/uploads\/2018\/01\/file-1-e1515530332788-300x270.jpeg 300w, https:\/\/iglesiatijuana.org\/web\/wp-content\/uploads\/2018\/01\/file-1-e1515530332788-768x692.jpeg 768w, https:\/\/iglesiatijuana.org\/web\/wp-content\/uploads\/2018\/01\/file-1-e1515530332788.jpeg 841w\" sizes=\"auto, (max-width: 300px) 100vw, 300px\" \/><\/a><\/p>\n","protected":false},"excerpt":{"rendered":"<p>Tijuana, B.C.- Las reliquias de la Beata, Madre Mar\u00eda Magdalena de la Encarnaci\u00f3n, fundadora de la Orden Adoratrices Perpetuas del Sant\u00edsimo Sacramento, visitar\u00e1n a nuestra Arquidi\u00f3cesis de Tijuana, del 20 de enero al 15&#46;&#46;&#46;<\/p>\n","protected":false},"author":5,"featured_media":6560,"comment_status":"closed","ping_status":"closed","sticky":false,"template":"","format":"standard","meta":{"_exactmetrics_skip_tracking":false,"_exactmetrics_sitenote_active":false,"_exactmetrics_sitenote_note":"","_exactmetrics_sitenote_category":0,"footnotes":""},"categories":[14],"tags":[],"class_list":["post-6559","post","type-post","status-publish","format-standard","has-post-thumbnail","hentry","category-ultimas-noticias"],"_links":{"self":[{"href":"https:\/\/iglesiatijuana.org\/web\/wp-json\/wp\/v2\/posts\/6559","targetHints":{"allow":["GET"]}}],"collection":[{"href":"https:\/\/iglesiatijuana.org\/web\/wp-json\/wp\/v2\/posts"}],"about":[{"href":"https:\/\/iglesiatijuana.org\/web\/wp-json\/wp\/v2\/types\/post"}],"author":[{"embeddable":true,"href":"https:\/\/iglesiatijuana.org\/web\/wp-json\/wp\/v2\/users\/5"}],"replies":[{"embeddable":true,"href":"https:\/\/iglesiatijuana.org\/web\/wp-json\/wp\/v2\/comments?post=6559"}],"version-history":[{"count":1,"href":"https:\/\/iglesiatijuana.org\/web\/wp-json\/wp\/v2\/posts\/6559\/revisions"}],"predecessor-version":[{"id":6561,"href":"https:\/\/iglesiatijuana.org\/web\/wp-json\/wp\/v2\/posts\/6559\/revisions\/6561"}],"wp:featuredmedia":[{"embeddable":true,"href":"https:\/\/iglesiatijuana.org\/web\/wp-json\/wp\/v2\/media\/6560"}],"wp:attachment":[{"href":"https:\/\/iglesiatijuana.org\/web\/wp-json\/wp\/v2\/media?parent=6559"}],"wp:term":[{"taxonomy":"category","embeddable":true,"href":"https:\/\/iglesiatijuana.org\/web\/wp-json\/wp\/v2\/categories?post=6559"},{"taxonomy":"post_tag","embeddable":true,"href":"https:\/\/iglesiatijuana.org\/web\/wp-json\/wp\/v2\/tags?post=6559"}],"curies":[{"name":"wp","href":"https:\/\/api.w.org\/{rel}","templated":true}]}}