{"id":6595,"date":"2018-02-05T21:25:20","date_gmt":"2018-02-06T05:25:20","guid":{"rendered":"http:\/\/iglesiatijuana.org\/web\/?p=6595"},"modified":"2018-02-06T14:07:43","modified_gmt":"2018-02-06T22:07:43","slug":"homilia-en-el-liv-aniversario-de-la-arquidiocesis-de-tijuana-y-ofrenda-del-proyecto-de-la-nueva-catedral-a-santa-maria-de-guadalupe","status":"publish","type":"post","link":"https:\/\/iglesiatijuana.org\/web\/homilia-en-el-liv-aniversario-de-la-arquidiocesis-de-tijuana-y-ofrenda-del-proyecto-de-la-nueva-catedral-a-santa-maria-de-guadalupe\/","title":{"rendered":"HOMIL\u00cdA EN EL LIV ANIVERSARIO DE LA ARQUIDI\u00d3CESIS DE TIJUANA Y OFRENDA DEL PROYECTO DE LA NUEVA CATEDRAL A SANTA MAR\u00cdA DE GUADALUPE"},"content":{"rendered":"<hr \/>\n<p><a href=\"http:\/\/iglesiatijuana.org\/web\/wp-content\/uploads\/2018\/01\/El-Arzobispo-Francisco-Moreno-Barr\u00f3n-y-el-Arzobispo-Em\u00e9rito-Rafael-Romo-Mu\u00f1oz.jpg\" data-rel=\"lightbox-image-0\" data-rl_title=\"\" data-rl_caption=\"\" title=\"\"><img loading=\"lazy\" decoding=\"async\" class=\"alignnone size-medium wp-image-6596\" src=\"http:\/\/iglesiatijuana.org\/web\/wp-content\/uploads\/2018\/01\/El-Arzobispo-Francisco-Moreno-Barr\u00f3n-y-el-Arzobispo-Em\u00e9rito-Rafael-Romo-Mu\u00f1oz-225x300.jpg\" alt=\"\" width=\"225\" height=\"300\" srcset=\"https:\/\/iglesiatijuana.org\/web\/wp-content\/uploads\/2018\/01\/El-Arzobispo-Francisco-Moreno-Barr\u00f3n-y-el-Arzobispo-Em\u00e9rito-Rafael-Romo-Mu\u00f1oz-225x300.jpg 225w, https:\/\/iglesiatijuana.org\/web\/wp-content\/uploads\/2018\/01\/El-Arzobispo-Francisco-Moreno-Barr\u00f3n-y-el-Arzobispo-Em\u00e9rito-Rafael-Romo-Mu\u00f1oz.jpg 720w\" sizes=\"auto, (max-width: 225px) 100vw, 225px\" \/><\/a><\/p>\n<p>24 de enero de 2018<\/p>\n<p><strong>\u00a0<\/strong><\/p>\n<p>Textos b\u00edblicos:<\/p>\n<p>&nbsp;<\/p>\n<p>Is. 56, 1. 6-7: Mi casa ser\u00e1 casa de oraci\u00f3n para todos los pueblos.<\/p>\n<p>&nbsp;<\/p>\n<p>Del salmo 83: \u00a1Qu\u00e9 agradable, Se\u00f1or, es tu morada!<\/p>\n<p>&nbsp;<\/p>\n<p>Ef. 2, 19-22: Toda la construcci\u00f3n se va levantando bien estructurada, para formar un templo santo en el Se\u00f1or.<\/p>\n<p>&nbsp;<\/p>\n<p>Aclamaci\u00f3n antes del Evangelio: Yo pondr\u00e9 entre ellos mi morada, dice el Se\u00f1or, Yo ser\u00e9 su Dios y ellos ser\u00e1n mi pueblo.<\/p>\n<p>&nbsp;<\/p>\n<p>Mt. 16, 13-19: T\u00fa eres Pedro y a ti te dar\u00e9 las llaves del Reino de los cielos.<\/p>\n<p>&nbsp;<\/p>\n<p>&nbsp;<\/p>\n<p>Queridos hermanos en Jesucristo, la piedra angular de su Iglesia:<\/p>\n<p>&nbsp;<\/p>\n<p style=\"text-align: justify;\">A la luz de la Palabra de Dios que se ha proclamado en esta Eucarist\u00eda, hagamos recuerdo de los misioneros, que a trav\u00e9s de los a\u00f1os evangelizaron estas tierras de California: los padres Jesuitas, Franciscanos, Dominicos y del Esp\u00edritu Santo. Sin embargo, fue hace 54 a\u00f1os, el 24 de enero de 1964, cuando Dios, en su infinita providencia y a trav\u00e9s del Papa Pablo VI, dispuso que en estos pueblos de Tijuana, Tecate y Rosarito fuese erigida la nueva Di\u00f3cesis de Tijuana, que con el paso del tiempo, hace once a\u00f1os, fue distinguida con el t\u00edtulo de Arquidi\u00f3cesis Metropolitana de Tijuana.<\/p>\n<p style=\"text-align: justify;\">Bajo la mirada amorosa de Dios Padre y el impulso del Esp\u00edritu Santo, esta Iglesia diocesana se ha ido edificando paso a paso, teniendo siempre a Cristo Jes\u00fas como su piedra angular y sobre el cimiento de los ap\u00f3stoles, que han guiado el reba\u00f1o del Se\u00f1or en nuestra Arquidi\u00f3cesis con el cuidado pastoral de sus sucesores, los Se\u00f1ores Obispos Don Alfredo Galindo y Mendoza, Juan Jes\u00fas Posadas Ocampo y Emilio Carlos Berlie Belaunzar\u00e1n, el Se\u00f1or Arzobispo Don Rafael Romo Mu\u00f1oz y su servidor en Cristo Jes\u00fas, Francisco Moreno Barr\u00f3n,\u00a0 todos en comuni\u00f3n con el Santo Padre, sucesor de San Pedro, y profesando con \u00e9l y con nuestro hermanos obispos la identidad de Jes\u00fas: \u201cT\u00fa eres el Mes\u00edas, el Hijo de Dios vivo\u201d (MT. 16, 16).<\/p>\n<p style=\"text-align: justify;\">A partir de esta respuesta de Sim\u00f3n, Jes\u00fas decidi\u00f3 que \u00e9l ser\u00eda el primer Papa. Sobre la roca de Pedro, el Se\u00f1or ha querido edificar su Iglesia: \u201cT\u00fa eres Pedro y sobre esta piedra edificar\u00e9 mi Iglesia\u201d (Mt. 16, 18).\u00a0 En torno a su Arzobispo, esta Arquidi\u00f3cesis de Tijuana ama al Papa Francisco, ora por \u00e9l y est\u00e1 atenta a sus palabras.<\/p>\n<p style=\"text-align: justify;\">Como un gran edificio, la Iglesia particular de Tijuana se ha ido estructurando con la entusiasta y valiosa participaci\u00f3n de sus laicos, religiosos, religiosas, di\u00e1conos y presb\u00edteros, siempre en com\u00fan uni\u00f3n con cada uno de sus obispos y con el Papa en turno. Muchos de estos hermanos ya gozan de Dios en el cielo, otros seguimos en estas tierras benditas como peregrinos de esperanza, buscando, como bautizados, construir en y entre nosotros el templo santo del Se\u00f1or.<\/p>\n<p style=\"text-align: justify;\">\u00a1Qu\u00e9 hermosa es nuestra vocaci\u00f3n de bautizados!: Vivir unidos a Jesucristo y entre nosotros, para la edificaci\u00f3n de su Cuerpo en la Iglesia, felices de que ya nos somos extranjeros ni hu\u00e9spedes, sino que pertenecemos a la familia de Dios (Cf. Ef. 2, 19), que peregrina en esta frontera norte de M\u00e9xico.<\/p>\n<p style=\"text-align: justify;\">Para edificar ese templo espiritual que el Se\u00f1or quiere de nosotros en este momento de la historia, estamos impulsando en nuestra Arquidi\u00f3cesis de Tijuana un proceso pastoral, que contempla: la pr\u00f3xima Asamblea Diocesana de Pastoral, la integraci\u00f3n del Consejo Diocesano de Laicos, el 1er. S\u00ednodo Diocesano de Pastoral y un nuevo Plan Diocesano de Pastoral, que nos guiar\u00e1 los a\u00f1os siguientes, en comuni\u00f3n con los obispos y di\u00f3cesis de M\u00e9xico, y en la perspectiva del V Centenario de las apariciones de la Virgen de Guadalupe el a\u00f1o 2031 y del II milenio de nuestra Redenci\u00f3n el a\u00f1o 2033.<\/p>\n<p style=\"text-align: justify;\">De esta manera y en actitud permanente de conversi\u00f3n, buscamos la renovaci\u00f3n profunda de nuestra Arquidi\u00f3cesis de Tijuana, para mostrar a todas las personas con fidelidad el rostro atractivo de Jesucristo,\u00a0 proclamando las buenas noticias del Evangelio y comprometidos en la transformaci\u00f3n de las realidades temporales.<\/p>\n<p style=\"text-align: justify;\">En nuestro peregrinar diocesano, para fortalecer en nosotros el Cuerpo de Cristo y seguir construyendo su Iglesia, nos acompa\u00f1a la Sant\u00edsima Virgen Mar\u00eda: con el nombre de \u201cSanta Mar\u00eda de Guadalupe, la Madre del verdadero Dios por quien se vive\u201d, y con el nombre de \u201cNuestra Se\u00f1ora de Loreto\u201d, Santa Patrona de las Californias y de la Arquidi\u00f3cesis de Tijuana.<\/p>\n<p style=\"text-align: justify;\">Queridos hermanos, Dios tiene en el universo un templo admirable y digno de su gloria y permite que sus hijos en la tierra le construyamos algunos templos materiales, como espacios privilegiados para el encuentro con \u00e9l. Estos templos sensibles son figura del Templo espiritual que formamos los bautizados: Cristo es la piedra angular y nosotros piedras vivas, unidas a \u00e9l y entre nosotros.<\/p>\n<p style=\"text-align: justify;\">En el LIV Aniversario de nuestra Arquidi\u00f3cesis, estamos congregados para ofrecerle a Dios, con sus luces y sombras, nuestro caminar y nuestros procesos pastorales, juntamente con el proyecto de la nueva Catedral Metropolitana de Tijuana, a trav\u00e9s de las manos de la Sant\u00edsima Virgen de Guadalupe, a quien estar\u00e1 dedicada esta catedral.<\/p>\n<p style=\"text-align: justify;\">Esta edificaci\u00f3n en Tijuana ser\u00e1 la prolongaci\u00f3n de la casita que los mexicanos le construimos a la Virgen de Guadalupe en el cerro del Tepeyac. Aqu\u00ed escuchar\u00e1 ella nuestros ruegos y los presentar\u00e1 con diligencia ante su Hijo Jesucristo. Aqu\u00ed nos repetir\u00e1 una y mil veces a nosotros, el Juan Diego de hoy: \u00bfQu\u00e9 te preocupa? \u00bfQu\u00e9 te aflige? \u00bfNo estoy yo aqu\u00ed, que soy tu madre? \u00bfNo est\u00e1s sentado en mi regazo? \u00bfNo corres por mi cuenta?<\/p>\n<p style=\"text-align: justify;\">Este proyecto de la catedral de Tijuana, bendecido ya por el Papa Francisco, contiene dos expresiones: el edificio mismo del templo catedralicio con todo lo que se requiere para su funcionamiento, y otro edificio anexo llamado \u201cCentro Pastoral de Nuestra Se\u00f1ora de Loreto\u201d, para la formaci\u00f3n humana cristiana, el cultivo de las artes y la atenci\u00f3n a los pobres, enfermos y migrantes. De esta manera, la oraci\u00f3n, el contacto con la Palabra de Dios y la vivencia de los Sacramentos, especialmente de la Eucarist\u00eda, los proyectaremos en la atenci\u00f3n pastoral hacia los m\u00e1s necesitados y en la promoci\u00f3n humana y cristiana de muchos hermanos, como una respuesta a la profec\u00eda de Isa\u00edas: \u201cVelen por los derechos de los dem\u00e1s, practiquen la justicia, porque mi salvaci\u00f3n est\u00e1 a punto de llegar y mi justicia a punto de manifestarse\u201d (Is. 56, 1. 6-7).<\/p>\n<p style=\"text-align: justify;\">Esta obra eclesial y de una gran proyecci\u00f3n social se realizar\u00e1 con la colaboraci\u00f3n de muchos corazones generosos que, en la medida de sus posibilidades, le ofrecer\u00e1n al Se\u00f1or algo de lo que \u00e9l mismo les ha confiado para administrarlo a favor de s\u00ed mismos, su familia, su Iglesia y la sociedad. Si Dios quiere, en esta construcci\u00f3n de la Catedral se manifestar\u00e1, sin duda, la fuerza solidaria de nuestro pueblo.<\/p>\n<p style=\"text-align: justify;\">Queremos que los habitantes de Tijuana, Tecate y Rosarito hagan suya esta catedral y centro pastoral, as\u00ed como los peregrinos, los migrantes y nuestro hermanos\u00a0 paisanos de los Estados Unidos, para que aqu\u00ed experimenten que, a quienes buscan al Se\u00f1or, \u00e9l los conducir\u00e1 a su monte santo y los llenar\u00e1 de alegr\u00eda en su casa de oraci\u00f3n (Cf. Is. 56, 7 y ss.), bajo la mirada amorosa de Santa Mar\u00eda de Guadalupe.<\/p>\n<p style=\"text-align: justify;\">Respondiendo a la Palabra del Se\u00f1or y dispuestos a colaborar en la realizaci\u00f3n de este proyecto, hemos cantado con el salmo 83: \u00a1Qu\u00e9 agradable, Se\u00f1or, es tu morada! Al tiempo que vamos colocando una y otra piedra, unidos al Se\u00f1or y entre nosotros, renovemos nuestras fuerzas en la Eucarist\u00eda y sigamos construyendo su Iglesia en esta Arquidi\u00f3cesis de Tijuana, para que contin\u00fae su obra salvadora en medio de los hombres y contribuya a la construcci\u00f3n de una mejor sociedad.<\/p>\n<p style=\"text-align: justify;\">Que nos asista siempre el cuidado maternal de la Sant\u00edsima Virgen de Guadalupe. Am\u00e9n.<\/p>\n<p><a href=\"http:\/\/iglesiatijuana.org\/web\/wp-content\/uploads\/2018\/01\/El-Arq.-Curiel-entrega-el-proyecto-al-Arzobispo-como-una-ofrenda.jpg\" data-rel=\"lightbox-image-1\" data-rl_title=\"\" data-rl_caption=\"\" title=\"\"><img loading=\"lazy\" decoding=\"async\" class=\"alignnone size-medium wp-image-6597\" src=\"http:\/\/iglesiatijuana.org\/web\/wp-content\/uploads\/2018\/01\/El-Arq.-Curiel-entrega-el-proyecto-al-Arzobispo-como-una-ofrenda-300x225.jpg\" alt=\"\" width=\"300\" height=\"225\" srcset=\"https:\/\/iglesiatijuana.org\/web\/wp-content\/uploads\/2018\/01\/El-Arq.-Curiel-entrega-el-proyecto-al-Arzobispo-como-una-ofrenda-300x225.jpg 300w, https:\/\/iglesiatijuana.org\/web\/wp-content\/uploads\/2018\/01\/El-Arq.-Curiel-entrega-el-proyecto-al-Arzobispo-como-una-ofrenda-768x576.jpg 768w, https:\/\/iglesiatijuana.org\/web\/wp-content\/uploads\/2018\/01\/El-Arq.-Curiel-entrega-el-proyecto-al-Arzobispo-como-una-ofrenda.jpg 960w\" sizes=\"auto, (max-width: 300px) 100vw, 300px\" \/><\/a><\/p>\n<p>&nbsp;<\/p>\n<p>+Mons. Francisco Moreno Barr\u00f3n<\/p>\n<p>Arzobispo de Tijuana<\/p>\n","protected":false},"excerpt":{"rendered":"<p>24 de enero de 2018 \u00a0 Textos b\u00edblicos: &nbsp; Is. 56, 1. 6-7: Mi casa ser\u00e1 casa de oraci\u00f3n para todos los pueblos. &nbsp; Del salmo 83: \u00a1Qu\u00e9 agradable, Se\u00f1or, es tu morada! &nbsp;&#46;&#46;&#46;<\/p>\n","protected":false},"author":5,"featured_media":6596,"comment_status":"closed","ping_status":"closed","sticky":false,"template":"","format":"standard","meta":{"_exactmetrics_skip_tracking":false,"_exactmetrics_sitenote_active":false,"_exactmetrics_sitenote_note":"","_exactmetrics_sitenote_category":0,"footnotes":""},"categories":[14],"tags":[],"class_list":["post-6595","post","type-post","status-publish","format-standard","has-post-thumbnail","hentry","category-ultimas-noticias"],"_links":{"self":[{"href":"https:\/\/iglesiatijuana.org\/web\/wp-json\/wp\/v2\/posts\/6595","targetHints":{"allow":["GET"]}}],"collection":[{"href":"https:\/\/iglesiatijuana.org\/web\/wp-json\/wp\/v2\/posts"}],"about":[{"href":"https:\/\/iglesiatijuana.org\/web\/wp-json\/wp\/v2\/types\/post"}],"author":[{"embeddable":true,"href":"https:\/\/iglesiatijuana.org\/web\/wp-json\/wp\/v2\/users\/5"}],"replies":[{"embeddable":true,"href":"https:\/\/iglesiatijuana.org\/web\/wp-json\/wp\/v2\/comments?post=6595"}],"version-history":[{"count":2,"href":"https:\/\/iglesiatijuana.org\/web\/wp-json\/wp\/v2\/posts\/6595\/revisions"}],"predecessor-version":[{"id":6620,"href":"https:\/\/iglesiatijuana.org\/web\/wp-json\/wp\/v2\/posts\/6595\/revisions\/6620"}],"wp:featuredmedia":[{"embeddable":true,"href":"https:\/\/iglesiatijuana.org\/web\/wp-json\/wp\/v2\/media\/6596"}],"wp:attachment":[{"href":"https:\/\/iglesiatijuana.org\/web\/wp-json\/wp\/v2\/media?parent=6595"}],"wp:term":[{"taxonomy":"category","embeddable":true,"href":"https:\/\/iglesiatijuana.org\/web\/wp-json\/wp\/v2\/categories?post=6595"},{"taxonomy":"post_tag","embeddable":true,"href":"https:\/\/iglesiatijuana.org\/web\/wp-json\/wp\/v2\/tags?post=6595"}],"curies":[{"name":"wp","href":"https:\/\/api.w.org\/{rel}","templated":true}]}}