{"id":6610,"date":"2018-01-29T14:09:20","date_gmt":"2018-01-29T22:09:20","guid":{"rendered":"http:\/\/iglesiatijuana.org\/web\/?p=6610"},"modified":"2018-01-29T14:09:20","modified_gmt":"2018-01-29T22:09:20","slug":"constitucion-apostolica-veritatis-gaudium-del-papa-francisco-sobre-las-universidades-y-las-facultades-eclesiasticas","status":"publish","type":"post","link":"https:\/\/iglesiatijuana.org\/web\/constitucion-apostolica-veritatis-gaudium-del-papa-francisco-sobre-las-universidades-y-las-facultades-eclesiasticas\/","title":{"rendered":"Constituci\u00f3n Apost\u00f3lica \u00abVeritatis gaudium\u00bb del Papa Francisco sobre las Universidades y las Facultades eclesi\u00e1sticas"},"content":{"rendered":"<p><a href=\"http:\/\/iglesiatijuana.org\/web\/wp-content\/uploads\/2016\/11\/PapaFranciscoaudiencia-e1479416228623.jpeg\" data-rel=\"lightbox-image-0\" data-rl_title=\"\" data-rl_caption=\"\" title=\"\"><img loading=\"lazy\" decoding=\"async\" class=\"alignnone size-medium wp-image-4859\" src=\"http:\/\/iglesiatijuana.org\/web\/wp-content\/uploads\/2016\/11\/PapaFranciscoaudiencia-e1479416228623-300x231.jpeg\" alt=\"\" width=\"300\" height=\"231\" srcset=\"https:\/\/iglesiatijuana.org\/web\/wp-content\/uploads\/2016\/11\/PapaFranciscoaudiencia-e1479416228623-300x231.jpeg 300w, https:\/\/iglesiatijuana.org\/web\/wp-content\/uploads\/2016\/11\/PapaFranciscoaudiencia-e1479416228623.jpeg 322w\" sizes=\"auto, (max-width: 300px) 100vw, 300px\" \/><\/a><\/p>\n<p>29.01.2018<\/p>\n<p>&nbsp;<\/p>\n<p><strong>FRANCISCO<\/strong><\/p>\n<p>CONSTITUCI\u00d3N APOST\u00d3LICA<\/p>\n<p><strong><em>VERITATIS GAUDIUM<\/em><\/strong><\/p>\n<p>SOBRE LAS UNIVERSIDADES<br \/>\nY FACULTADES ECLESI\u00c1STICAS<\/p>\n<p>&nbsp;<\/p>\n<p style=\"text-align: justify;\"><strong>PROEMIO<\/strong><\/p>\n<ol style=\"text-align: justify;\">\n<li>La alegr\u00eda de la verdad \u2015<em>Veritatis gaudium<\/em>\u2015 manifiesta el deseo vehemente que deja inquieto el coraz\u00f3n del hombre hasta que encuentre, habite y comparta con todos la Luz de Dios<a name=\"_ftnref1\"><\/a><a href=\"http:\/\/w2.vatican.va\/content\/francesco\/es\/apost_constitutions\/documents\/papa-francesco_costituzione-ap_20171208_veritatis-gaudium.html#_ftn1\">[1]<\/a>. La verdad, de hecho, no es una idea abstracta, sino que es Jes\u00fas, el Verbo de Dios en quien est\u00e1 la Vida que es la Luz de los hombres (cf.\u00a0<em>Jn<\/em>1,4); el Hijo de Dios que es a la vez el Hijo del hombre. S\u00f3lo \u00c9l, \u00aben la misma revelaci\u00f3n del misterio del Padre y de su amor, manifiesta plenamente el hombre al propio hombre y le descubre la grandeza de su vocaci\u00f3n\u00bb<a name=\"_ftnref2\"><\/a><a href=\"http:\/\/w2.vatican.va\/content\/francesco\/es\/apost_constitutions\/documents\/papa-francesco_costituzione-ap_20171208_veritatis-gaudium.html#_ftn2\">[2]<\/a>.<\/li>\n<\/ol>\n<p style=\"text-align: justify;\">En el encuentro con \u00c9l, el Viviente (cf.\u00a0<em>Ap<\/em>\u00a01,18) y el Primog\u00e9nito entre muchos hermanos (cf.\u00a0<em>Rm<\/em>\u00a08,29), el coraz\u00f3n del hombre experimenta ya desde ahora, en el claroscuro de la historia, la luz y la fiesta sin ocaso de la uni\u00f3n con Dios y de la unidad con los hermanos y hermanas en la casa com\u00fan de la creaci\u00f3n, de las que \u00e9l gozar\u00e1 por siempre en la plena comuni\u00f3n con Dios. En la oraci\u00f3n de Jes\u00fas al Padre: \u00abpara que todos sean uno, como t\u00fa, Padre, en m\u00ed, y yo en ti, que ellos tambi\u00e9n sean uno en nosotros\u00bb (<em>Jn<\/em>\u00a017,21), se encierra el secreto de la alegr\u00eda que Jes\u00fas nos quiere comunicar en plenitud (cf. 15,11) por parte del Padre con el don del Esp\u00edritu Santo: Esp\u00edritu de verdad y de amor, de libertad, justicia y unidad.<\/p>\n<p style=\"text-align: justify;\">Jes\u00fas impulsa a la Iglesia para que en su misi\u00f3n testimonie y anuncie siempre esta alegr\u00eda con renovado entusiasmo. El Pueblo de Dios peregrina a lo largo de los senderos de la historia, acompa\u00f1ado con sinceridad y solidaridad de los hombres y mujeres de todos los pueblos y de todas las culturas, para iluminar con la luz del Evangelio el camino de la humanidad hacia la nueva civilizaci\u00f3n del amor. El vasto y multiforme sistema de los estudios eclesi\u00e1sticos ha florecido a lo largo de los siglos gracias a la sabidur\u00eda del Pueblo de Dios, que el Esp\u00edritu Santo gu\u00eda a trav\u00e9s del di\u00e1logo y discernimiento de los signos de los tiempos y de las diferentes expresiones culturales. Dicho sistema est\u00e1 unido estrechamente a la misi\u00f3n evangelizadora de la Iglesia y, m\u00e1s a\u00fan, brota de su misma identidad, que est\u00e1 consagrada totalmente a promover el crecimiento aut\u00e9ntico e integral de la familia humana hasta su plenitud definitiva en Dios.<\/p>\n<p style=\"text-align: justify;\">No sorprende, pues, que el\u00a0<a href=\"http:\/\/www.vatican.va\/archive\/hist_councils\/ii_vatican_council\/index_sp.htm\">Concilio Vaticano II<\/a>, promoviendo con vigor y profec\u00eda la renovaci\u00f3n de la vida de la Iglesia, en vistas de una misi\u00f3n m\u00e1s incisiva en esta nueva \u00e9poca de la historia, haya recomendado en el Decreto\u00a0<em><a href=\"http:\/\/www.vatican.va\/archive\/hist_councils\/ii_vatican_council\/documents\/vat-ii_decree_19651028_optatam-totius_sp.html\">Optatam totius<\/a><\/em>\u00a0una revisi\u00f3n fiel y creativa de los estudios eclesi\u00e1sticos (cf. nn. 13-22). Esta tarea, despu\u00e9s de un estudio atento y de una comprobaci\u00f3n prudente, culmin\u00f3 en la Constituci\u00f3n Apost\u00f3lica\u00a0<em><a href=\"http:\/\/w2.vatican.va\/content\/john-paul-ii\/es\/apost_constitutions\/documents\/hf_jp-ii_apc_15041979_sapientia-christiana.html\">Sapientia christiana<\/a><\/em>, promulgada por san\u00a0<a href=\"http:\/\/w2.vatican.va\/content\/john-paul-ii\/es.html\">Juan Pablo II<\/a>\u00a0el 15 de abril de 1979. Gracias a esta se promovi\u00f3 y se perfeccion\u00f3 a\u00fan m\u00e1s el compromiso de la Iglesia en favor de \u00ablas\u00a0<em>Facultades<\/em>\u00a0y las\u00a0<em>Universidades Eclesi\u00e1sticas<\/em>, es decir, aquellas que se ocupan especialmente de la Revelaci\u00f3n cristiana y de las cuestiones relacionadas con la misma y que, por tanto, est\u00e1n m\u00e1s estrechamente unidas con la propia misi\u00f3n evangelizadora\u00bb, junto a todas las dem\u00e1s disciplinas que, \u00abaunque no tengan un nexo particular con la Revelaci\u00f3n cristiana, sin embargo pueden contribuir mucho a la labor de evangelizaci\u00f3n\u00bb<a name=\"_ftnref3\"><\/a><a href=\"http:\/\/w2.vatican.va\/content\/francesco\/es\/apost_constitutions\/documents\/papa-francesco_costituzione-ap_20171208_veritatis-gaudium.html#_ftn3\">[3]<\/a>.<\/p>\n<p style=\"text-align: justify;\">Despu\u00e9s de casi cuarenta a\u00f1os, hoy es urgente y necesaria una oportuna revisi\u00f3n y actualizaci\u00f3n de dicha Constituci\u00f3n Apost\u00f3lica en fidelidad al esp\u00edritu y a las directrices del Vaticano II. Aunque sigue siendo plenamente v\u00e1lida en su visi\u00f3n prof\u00e9tica y en sus l\u00facidas indicaciones, se ha visto necesario incorporar en ella las disposiciones normativas emanadas posteriormente, teniendo en cuenta, al mismo tiempo, el desarrollo de los estudios acad\u00e9micos de estos \u00faltimos decenios, y tambi\u00e9n el nuevo contexto socio-cultural a escala global, as\u00ed como todo lo recomendado a nivel internacional en cuanto a la aplicaci\u00f3n de las distintas iniciativas a las que la Santa Sede se ha adherido.<\/p>\n<p style=\"text-align: justify;\">Es un momento oportuno para impulsar con ponderada y prof\u00e9tica determinaci\u00f3n, a todos los niveles, un relanzamiento de los estudios eclesi\u00e1sticos en el contexto de la nueva etapa de la misi\u00f3n de la Iglesia, caracterizada por el testimonio de la alegr\u00eda que brota del encuentro con Jes\u00fas y del anuncio de su Evangelio, como propuse program\u00e1ticamente a todo el Pueblo de Dios con la\u00a0<em><a href=\"http:\/\/w2.vatican.va\/content\/francesco\/es\/apost_exhortations\/documents\/papa-francesco_esortazione-ap_20131124_evangelii-gaudium.html\">Evangelii gaudium<\/a><\/em>.<\/p>\n<ol style=\"text-align: justify;\" start=\"2\">\n<li>La Constituci\u00f3n apost\u00f3lica\u00a0<em><a href=\"http:\/\/w2.vatican.va\/content\/john-paul-ii\/es\/apost_constitutions\/documents\/hf_jp-ii_apc_15041979_sapientia-christiana.html\">Sapientia christiana<\/a><\/em>supuso el fruto maduro de la gran reforma de los estudios eclesi\u00e1sticos, que fue puesta en marcha por el Concilio Vaticano II. Supo recoger, en particular, los logros alcanzados en este \u00e1mbito crucial de la misi\u00f3n de la Iglesia bajo la gu\u00eda sabia y prudente del beato Pablo VI y, al mismo tiempo, preanunciaba la aportaci\u00f3n que el magisterio de san Juan Pablo II ofrecer\u00eda inmediatamente despu\u00e9s, siguiendo esa continuidad.<\/li>\n<\/ol>\n<p style=\"text-align: justify;\">Como tuve ocasi\u00f3n de destacar: \u00abBuscar superar este divorcio entre teolog\u00eda y pastoral, entre fe y vida, ha sido precisamente uno de los principales aportes del Concilio Vaticano II. Me animo a decir que ha revolucionado en cierta medida el estatuto de la teolog\u00eda, la manera de hacer y del pensar creyente\u00bb<a name=\"_ftnref4\"><\/a><a href=\"http:\/\/w2.vatican.va\/content\/francesco\/es\/apost_constitutions\/documents\/papa-francesco_costituzione-ap_20171208_veritatis-gaudium.html#_ftn4\">[4]<\/a>. La\u00a0<em><a href=\"http:\/\/www.vatican.va\/archive\/hist_councils\/ii_vatican_council\/documents\/vat-ii_decree_19651028_optatam-totius_sp.html\">Optatam totius<\/a><\/em>\u00a0se sit\u00faa en esta perspectiva cuando invita con fuerza a que los estudios eclesi\u00e1sticos \u00abcontribuyan en perfecta armon\u00eda a descubrir cada vez m\u00e1s a las inteligencias de los alumnos el misterio de Cristo, que afecta a toda la historia de la humanidad, e influye constantemente en la Iglesia\u00bb<a name=\"_ftnref5\"><\/a><a href=\"http:\/\/w2.vatican.va\/content\/francesco\/es\/apost_constitutions\/documents\/papa-francesco_costituzione-ap_20171208_veritatis-gaudium.html#_ftn5\">[5]<\/a>. Para alcanzar este objetivo, el Decreto conciliar exhorta a conjugar la meditaci\u00f3n y el estudio de la Sagrada Escritura, en cuanto \u00abalma de toda la teolog\u00eda\u00bb<a name=\"_ftnref6\"><\/a><a href=\"http:\/\/w2.vatican.va\/content\/francesco\/es\/apost_constitutions\/documents\/papa-francesco_costituzione-ap_20171208_veritatis-gaudium.html#_ftn6\">[6]<\/a>, junto con la participaci\u00f3n asidua y consciente en la Sagrada Liturgia, \u00abla fuente primera y necesaria del esp\u00edritu verdaderamente cristiano\u00bb<a name=\"_ftnref7\"><\/a><a href=\"http:\/\/w2.vatican.va\/content\/francesco\/es\/apost_constitutions\/documents\/papa-francesco_costituzione-ap_20171208_veritatis-gaudium.html#_ftn7\">[7]<\/a>, y el estudio sistem\u00e1tico de la Tradici\u00f3n viva de la Iglesia en di\u00e1logo con los hombres de su tiempo, en escucha profunda de sus problemas, sus heridas y sus necesidades<a name=\"_ftnref8\"><\/a><a href=\"http:\/\/w2.vatican.va\/content\/francesco\/es\/apost_constitutions\/documents\/papa-francesco_costituzione-ap_20171208_veritatis-gaudium.html#_ftn8\">[8]<\/a>. De este modo \u2014subraya la\u00a0<em><a href=\"http:\/\/www.vatican.va\/archive\/hist_councils\/ii_vatican_council\/documents\/vat-ii_decree_19651028_optatam-totius_sp.html\">Optatam totius<\/a><\/em>\u2014 \u00abla preocupaci\u00f3n pastoral debe estar presente en toda la formaci\u00f3n de los alumnos\u00bb<a name=\"_ftnref9\"><\/a><a href=\"http:\/\/w2.vatican.va\/content\/francesco\/es\/apost_constitutions\/documents\/papa-francesco_costituzione-ap_20171208_veritatis-gaudium.html#_ftn9\">[9]<\/a>, para que se acostumbren a \u00absuperar las fronteras de su propia di\u00f3cesis, naci\u00f3n o rito y ayudar a las necesidades de toda la Iglesia, con el \u00e1nimo dispuesto a predicar el Evangelio por todas partes\u00bb<a name=\"_ftnref10\"><\/a><a href=\"http:\/\/w2.vatican.va\/content\/francesco\/es\/apost_constitutions\/documents\/papa-francesco_costituzione-ap_20171208_veritatis-gaudium.html#_ftn10\">[10]<\/a>.<\/p>\n<p style=\"text-align: justify;\">Las etapas principales de este camino, que van desde las orientaciones del Vaticano II hasta la\u00a0<em><a href=\"http:\/\/w2.vatican.va\/content\/john-paul-ii\/es\/apost_constitutions\/documents\/hf_jp-ii_apc_15041979_sapientia-christiana.html\">Sapientia christiana<\/a><\/em>, son en modo particular: la\u00a0<em><a href=\"http:\/\/w2.vatican.va\/content\/paul-vi\/es\/apost_exhortations\/documents\/hf_p-vi_exh_19751208_evangelii-nuntiandi.html\">Evangelii nuntiandi<\/a><\/em>\u00a0y la\u00a0<em><a href=\"http:\/\/w2.vatican.va\/content\/paul-vi\/es\/encyclicals\/documents\/hf_p-vi_enc_26031967_populorum.html\">Populorum progressio<\/a><\/em>\u00a0de Pablo VI, as\u00ed como la\u00a0<em><a href=\"http:\/\/w2.vatican.va\/content\/john-paul-ii\/es\/encyclicals\/documents\/hf_jp-ii_enc_04031979_redemptor-hominis.html\">Redemptor hominis<\/a><\/em>\u00a0de Juan Pablo II, que fue publicada s\u00f3lo un mes antes de la promulgaci\u00f3n de la Constituci\u00f3n Apost\u00f3lica. El soplo prof\u00e9tico de la Exhortaci\u00f3n apost\u00f3lica sobre la evangelizaci\u00f3n en el mundo contempor\u00e1neo del Papa Montini resuena con fuerza en el\u00a0<em>Proemio<\/em>\u00a0de la\u00a0<em><a href=\"http:\/\/w2.vatican.va\/content\/john-paul-ii\/es\/apost_constitutions\/documents\/hf_jp-ii_apc_15041979_sapientia-christiana.html\">Sapientia christiana<\/a><\/em>, donde se afirma que \u00abla misi\u00f3n de evangelizar, que es propia de la Iglesia, exige no s\u00f3lo que el Evangelio se predique en \u00e1mbitos geogr\u00e1ficos cada vez m\u00e1s amplios y a grupos humanos cada vez m\u00e1s numerosos, sino tambi\u00e9n que sean informados por la fuerza del mismo Evangelio el sistema de pensar, los criterios de juicio y las normas de actuaci\u00f3n; en una palabra, es necesario que toda la cultura humana sea henchida por el Evangelio\u00bb<a name=\"_ftnref11\"><\/a><a href=\"http:\/\/w2.vatican.va\/content\/francesco\/es\/apost_constitutions\/documents\/papa-francesco_costituzione-ap_20171208_veritatis-gaudium.html#_ftn11\">[11]<\/a>. Juan Pablo II, por su parte, sobre todo en la Enc\u00edclica\u00a0<em><a href=\"http:\/\/w2.vatican.va\/content\/john-paul-ii\/es\/encyclicals\/documents\/hf_jp-ii_enc_14091998_fides-et-ratio.html\">Fides et ratio<\/a><\/em>, dentro del marco del di\u00e1logo entre filosof\u00eda y teolog\u00eda, ha reiterado y profundizado la convicci\u00f3n que vertebra la ense\u00f1anza del Vaticano II seg\u00fan la cual \u00abel hombre es capaz de llegar a una visi\u00f3n unitaria y org\u00e1nica del saber. Este es uno de los cometidos que el pensamiento cristiano deber\u00e1 afrontar a lo largo del pr\u00f3ximo milenio de la era cristiana\u00bb<a name=\"_ftnref12\"><\/a><a href=\"http:\/\/w2.vatican.va\/content\/francesco\/es\/apost_constitutions\/documents\/papa-francesco_costituzione-ap_20171208_veritatis-gaudium.html#_ftn12\">[12]<\/a>.<\/p>\n<p style=\"text-align: justify;\">Tambi\u00e9n la\u00a0<em><a href=\"http:\/\/w2.vatican.va\/content\/paul-vi\/es\/encyclicals\/documents\/hf_p-vi_enc_26031967_populorum.html\">Populorum progressio<\/a><\/em>\u00a0ha jugado un papel decisivo en la reconfiguraci\u00f3n de los estudios eclesi\u00e1sticos a la luz del Vaticano II, y ha ofrecido junto con la\u00a0<em><a href=\"http:\/\/w2.vatican.va\/content\/paul-vi\/es\/apost_exhortations\/documents\/hf_p-vi_exh_19751208_evangelii-nuntiandi.html\">Evangelii nuntiandi<\/a>\u00a0\u2014<\/em>como se corrobora por la trayectoria de las diversas iglesias locales\u2014 importantes impulsos y orientaciones concretas para la inculturaci\u00f3n del Evangelio y para la evangelizaci\u00f3n de las culturas en las diversas regiones del mundo, respondiendo as\u00ed a los desaf\u00edos del presente. De hecho, esta enc\u00edclica social de Pablo VI subraya incisivamente que el desarrollo de los pueblos \u2014clave imprescindible para fomentar la justicia y la paz a nivel mundial\u2014 \u00abdebe ser integral, es decir, promover a todos los hombres y a todo el hombre\u00bb<a name=\"_ftnref13\"><\/a><a href=\"http:\/\/w2.vatican.va\/content\/francesco\/es\/apost_constitutions\/documents\/papa-francesco_costituzione-ap_20171208_veritatis-gaudium.html#_ftn13\">[13]<\/a>, y recuerda la necesidad de \u00abpensadores de reflexi\u00f3n profunda que busquen un humanismo nuevo, el cual permita al hombre moderno hallarse a s\u00ed mismo\u00bb<a name=\"_ftnref14\"><\/a><a href=\"http:\/\/w2.vatican.va\/content\/francesco\/es\/apost_constitutions\/documents\/papa-francesco_costituzione-ap_20171208_veritatis-gaudium.html#_ftn14\">[14]<\/a>. La\u00a0<em><a href=\"http:\/\/w2.vatican.va\/content\/paul-vi\/es\/encyclicals\/documents\/hf_p-vi_enc_26031967_populorum.html\">Populorum progressio<\/a><\/em>\u00a0interpreta con visi\u00f3n prof\u00e9tica la cuesti\u00f3n social como un tema antropol\u00f3gico que afecta al destino de toda la familia humana.<\/p>\n<p style=\"text-align: justify;\">Esta es la clave fundamental de lectura que inspir\u00f3 el sucesivo magisterio social de la Iglesia, desde la\u00a0<em><a href=\"http:\/\/w2.vatican.va\/content\/john-paul-ii\/es\/encyclicals\/documents\/hf_jp-ii_enc_14091981_laborem-exercens.html\">Laborem exercens<\/a><\/em>\u00a0hasta la\u00a0<em><a href=\"http:\/\/w2.vatican.va\/content\/john-paul-ii\/es\/encyclicals\/documents\/hf_jp-ii_enc_30121987_sollicitudo-rei-socialis.html\">Sollecitudo rei socialis<\/a><\/em>, desde la\u00a0<em><a href=\"http:\/\/w2.vatican.va\/content\/john-paul-ii\/es\/encyclicals\/documents\/hf_jp-ii_enc_01051991_centesimus-annus.html\">Centesimus annus<\/a><\/em>\u00a0de Juan Pablo II, pasando por la\u00a0<em><a href=\"http:\/\/w2.vatican.va\/content\/benedict-xvi\/es\/encyclicals\/documents\/hf_ben-xvi_enc_20090629_caritas-in-veritate.html\">Caritas in veritate<\/a><\/em>\u00a0de\u00a0<a href=\"http:\/\/w2.vatican.va\/content\/benedict-xvi\/es.html\">Benedicto XVI<\/a>, hasta la\u00a0<em><a href=\"http:\/\/w2.vatican.va\/content\/francesco\/es\/encyclicals\/documents\/papa-francesco_20150524_enciclica-laudato-si.html\">Laudato si\u2019<\/a><\/em>. El Papa Benedicto XVI retom\u00f3 la invitaci\u00f3n de la\u00a0<em><a href=\"http:\/\/w2.vatican.va\/content\/paul-vi\/es\/encyclicals\/documents\/hf_p-vi_enc_26031967_populorum.html\">Populorum progressio<\/a><\/em>\u00a0para impulsar una nueva etapa de pensamiento y explic\u00f3 la necesidad urgente de \u00abvivir y orientar la globalizaci\u00f3n de la humanidad en t\u00e9rminos de relaci\u00f3n, comuni\u00f3n y participaci\u00f3n\u00bb<a name=\"_ftnref15\"><\/a><a href=\"http:\/\/w2.vatican.va\/content\/francesco\/es\/apost_constitutions\/documents\/papa-francesco_costituzione-ap_20171208_veritatis-gaudium.html#_ftn15\">[15]<\/a>, destacando que Dios quiere asociar la humanidad a ese misterio inefable de comuni\u00f3n que es la Sant\u00edsima Trinidad, del que la Iglesia es en Jesucristo, signo e instrumento<a name=\"_ftnref16\"><\/a><a href=\"http:\/\/w2.vatican.va\/content\/francesco\/es\/apost_constitutions\/documents\/papa-francesco_costituzione-ap_20171208_veritatis-gaudium.html#_ftn16\">[16]<\/a>. Para alcanzar de manera realista este fin, invita a \u00abensanchar la raz\u00f3n\u00bb para hacerla capaz de conocer y orientar las nuevas e imponentes din\u00e1micas que atormentan a la familia humana, \u00abanim\u00e1ndolas en la perspectiva de esa \u201ccivilizaci\u00f3n del amor\u201d, de la cual Dios ha puesto la semilla en cada pueblo y en cada cultura\u00bb<a name=\"_ftnref17\"><\/a><a href=\"http:\/\/w2.vatican.va\/content\/francesco\/es\/apost_constitutions\/documents\/papa-francesco_costituzione-ap_20171208_veritatis-gaudium.html#_ftn17\">[17]<\/a>\u00a0y haciendo que \u00ablos diferentes \u00e1mbitos del saber humano sean interactivos\u00bb: el teol\u00f3gico, el filos\u00f3fico, el social y el cient\u00edfico<a name=\"_ftnref18\"><\/a><a href=\"http:\/\/w2.vatican.va\/content\/francesco\/es\/apost_constitutions\/documents\/papa-francesco_costituzione-ap_20171208_veritatis-gaudium.html#_ftn18\">[18]<\/a>.<\/p>\n<ol style=\"text-align: justify;\" start=\"3\">\n<li>Ha llegado el momento en el que los estudios eclesi\u00e1sticos reciban esa renovaci\u00f3n sabia y valiente que se requiere para una transformaci\u00f3n misionera de una Iglesia \u00aben salida\u00bb desde ese rico patrimonio de profundizaci\u00f3n y orientaci\u00f3n, que ha sido confrontado y enriquecido \u2014por as\u00ed decir\u2014 \u00absobre el terreno\u00bb del esfuerzo perseverante de la mediaci\u00f3n cultural y social del Evangelio, que ha sido realizada a su vez por el Pueblo de Dios en los distintos continentes y en di\u00e1logo con las diversas culturas.<\/li>\n<\/ol>\n<p style=\"text-align: justify;\">En efecto, la tarea urgente en nuestro tiempo consiste en que todo el Pueblo de Dios se prepare a emprender \u00abcon esp\u00edritu\u00bb<a name=\"_ftnref19\"><\/a><a href=\"http:\/\/w2.vatican.va\/content\/francesco\/es\/apost_constitutions\/documents\/papa-francesco_costituzione-ap_20171208_veritatis-gaudium.html#_ftn19\">[19]<\/a>\u00a0una nueva etapa de la evangelizaci\u00f3n. Esto requiere \u00abun proceso decidido de discernimiento, purificaci\u00f3n y reforma\u00bb<a name=\"_ftnref20\"><\/a><a href=\"http:\/\/w2.vatican.va\/content\/francesco\/es\/apost_constitutions\/documents\/papa-francesco_costituzione-ap_20171208_veritatis-gaudium.html#_ftn20\">[20]<\/a>. Y, dentro de ese proceso, la renovaci\u00f3n adecuada del sistema de los estudios eclesi\u00e1sticos est\u00e1 llamada a jugar un papel estrat\u00e9gico. De hecho, estos estudios no deben s\u00f3lo ofrecer lugares e itinerarios para la formaci\u00f3n cualificada de los presb\u00edteros, de las personas consagradas y de laicos comprometidos, sino que constituyen una especie de laboratorio cultural providencial, en el que la Iglesia se ejercita en la interpretaci\u00f3n de la performance de la realidad que brota del acontecimiento de Jesucristo y que se alimenta de los dones de Sabidur\u00eda y de Ciencia, con los que el Esp\u00edritu Santo enriquece en diversas formas a todo el Pueblo de Dios: desde el\u00a0<em>sensus fidei fidelium<\/em>\u00a0hasta el magisterio de los Pastores, desde el carisma de los profetas hasta el de los doctores y te\u00f3logos.<\/p>\n<p style=\"text-align: justify;\">Y esto tiene un valor indispensable para una Iglesia \u00aben salida\u00bb, puesto que hoy no vivimos s\u00f3lo una \u00e9poca de cambios sino un verdadero cambio de \u00e9poca<a name=\"_ftnref21\"><\/a><a href=\"http:\/\/w2.vatican.va\/content\/francesco\/es\/apost_constitutions\/documents\/papa-francesco_costituzione-ap_20171208_veritatis-gaudium.html#_ftn21\">[21]<\/a>, que est\u00e1 marcado por una \u00abcrisis antropol\u00f3gica\u00bb<a name=\"_ftnref22\"><\/a><a href=\"http:\/\/w2.vatican.va\/content\/francesco\/es\/apost_constitutions\/documents\/papa-francesco_costituzione-ap_20171208_veritatis-gaudium.html#_ftn22\">[22]<\/a>\u00a0y<em>\u00a0<\/em>\u00absocio-ambiental\u00bb<a name=\"_ftnref23\"><\/a><a href=\"http:\/\/w2.vatican.va\/content\/francesco\/es\/apost_constitutions\/documents\/papa-francesco_costituzione-ap_20171208_veritatis-gaudium.html#_ftn23\">[23]<\/a>\u00a0de \u00e1mbito global, en la que encontramos cada d\u00eda m\u00e1s \u00abs\u00edntomas de un punto de quiebre, a causa de la gran velocidad de los cambios y de la degradaci\u00f3n, que se manifiestan tanto en cat\u00e1strofes naturales regionales como en crisis sociales o incluso financieras\u00bb<a name=\"_ftnref24\"><\/a><a href=\"http:\/\/w2.vatican.va\/content\/francesco\/es\/apost_constitutions\/documents\/papa-francesco_costituzione-ap_20171208_veritatis-gaudium.html#_ftn24\">[24]<\/a>. Se trata, en definitiva, de \u00abcambiar el modelo de desarrollo global\u00bb y \u00abredefinir el progreso\u00bb<a name=\"_ftnref25\"><\/a><a href=\"http:\/\/w2.vatican.va\/content\/francesco\/es\/apost_constitutions\/documents\/papa-francesco_costituzione-ap_20171208_veritatis-gaudium.html#_ftn25\">[25]<\/a>: \u00abEl problema es que no disponemos todav\u00eda de la cultura necesaria para enfrentar esta crisis y hace falta construir liderazgos que marquen caminos\u00bb<a name=\"_ftnref26\"><\/a><a href=\"http:\/\/w2.vatican.va\/content\/francesco\/es\/apost_constitutions\/documents\/papa-francesco_costituzione-ap_20171208_veritatis-gaudium.html#_ftn26\">[26]<\/a>.<\/p>\n<p style=\"text-align: justify;\">Esta enorme e impostergable tarea requiere, en el \u00e1mbito cultural de la formaci\u00f3n acad\u00e9mica y de la investigaci\u00f3n cient\u00edfica, el compromiso generoso y convergente que lleve hacia un cambio radical de paradigma, m\u00e1s a\u00fan \u2014me atrevo a decir\u2014 hacia \u00abuna valiente revoluci\u00f3n cultural\u00bb<a name=\"_ftnref27\"><\/a><a href=\"http:\/\/w2.vatican.va\/content\/francesco\/es\/apost_constitutions\/documents\/papa-francesco_costituzione-ap_20171208_veritatis-gaudium.html#_ftn27\">[27]<\/a>. En este empe\u00f1o, la red mundial de las Universidades y Facultades eclesi\u00e1sticas est\u00e1 llamada a llevar la aportaci\u00f3n decisiva de la levadura, de la sal y de la luz del Evangelio de Jesucristo y de la Tradici\u00f3n viva de la Iglesia, que est\u00e1 siempre abierta a nuevos escenarios y a nuevas propuestas.<\/p>\n<p style=\"text-align: justify;\">Cada d\u00eda es m\u00e1s evidente la \u00abnecesidad de una aut\u00e9ntica hermen\u00e9utica evang\u00e9lica para comprender mejor la vida, el mundo, los hombres, no de una s\u00edntesis sino de una atm\u00f3sfera espiritual de b\u00fasqueda y certeza basada en las verdades de raz\u00f3n y de fe. La filosof\u00eda y la teolog\u00eda permiten adquirir las convicciones que estructuran y fortalecen la inteligencia e iluminan la voluntad&#8230; pero todo esto es fecundo s\u00f3lo si se hace con la mente abierta y de rodillas. El te\u00f3logo que se complace en su pensamiento completo y acabado es un mediocre. El buen te\u00f3logo y fil\u00f3sofo tiene un pensamiento abierto, es decir, incompleto, siempre abierto al\u00a0<em>maius<\/em>\u00a0de Dios y de la verdad, siempre en desarrollo, seg\u00fan la ley que san Vicente de Lerins describe as\u00ed: \u201c<em>annis consolidetur, dilatetur tempore, sublimetur aetate<\/em>\u201d (<em>Commonitorium primum<\/em>, 23:\u00a0<em>PL<\/em>\u00a050,668)\u00bb<a name=\"_ftnref28\"><\/a><a href=\"http:\/\/w2.vatican.va\/content\/francesco\/es\/apost_constitutions\/documents\/papa-francesco_costituzione-ap_20171208_veritatis-gaudium.html#_ftn28\">[28]<\/a>.<\/p>\n<ol style=\"text-align: justify;\" start=\"4\">\n<li>En este horizonte amplio e in\u00e9dito que se abre ante nosotros, \u00bfcu\u00e1les deben ser los criterios fundamentales con vistas a una renovaci\u00f3n y a un relanzamiento de la aportaci\u00f3n de los estudios eclesi\u00e1sticos a una Iglesia en salida misionera? Podemos enunciar aqu\u00ed al menos cuatro, siguiendo la ense\u00f1anza del Vaticano II y la experiencia que la Iglesia ha adquirido en estos decenios de aprendizaje, escuchando al Esp\u00edritu Santo y las necesidades m\u00e1s profundas y los interrogantes m\u00e1s agudos de la familia humana.<\/li>\n<li><strong>a)<\/strong>En primer lugar, el criterio prioritario y permanente es la contemplaci\u00f3n y la introducci\u00f3n espiritual, intelectual y existencial en el coraz\u00f3n del\u00a0<em>kerygma<\/em>, es decir, la siempre nueva y fascinante buena noticia del Evangelio de Jes\u00fas<a name=\"_ftnref29\"><\/a><a href=\"http:\/\/w2.vatican.va\/content\/francesco\/es\/apost_constitutions\/documents\/papa-francesco_costituzione-ap_20171208_veritatis-gaudium.html#_ftn29\">[29]<\/a>, \u00abque se va haciendo carne cada vez m\u00e1s y mejor\u00bb<a name=\"_ftnref30\"><\/a><a href=\"http:\/\/w2.vatican.va\/content\/francesco\/es\/apost_constitutions\/documents\/papa-francesco_costituzione-ap_20171208_veritatis-gaudium.html#_ftn30\">[30]<\/a>en la vida de la Iglesia y de la humanidad. Este es el misterio de la salvaci\u00f3n del que la Iglesia es en Cristo signo e instrumento en medio de los hombres<a name=\"_ftnref31\"><\/a><a href=\"http:\/\/w2.vatican.va\/content\/francesco\/es\/apost_constitutions\/documents\/papa-francesco_costituzione-ap_20171208_veritatis-gaudium.html#_ftn31\">[31]<\/a>: \u00abUn\u00a0<em>misterio<\/em>\u00a0que hunde sus ra\u00edces en la Trinidad, pero tiene su concreci\u00f3n hist\u00f3rica en un pueblo peregrino y evangelizador, lo cual siempre trasciende toda necesaria expresi\u00f3n institucional [\u2026] que tiene su fundamento \u00faltimo en la libre y gratuita iniciativa de Dios\u00bb<a name=\"_ftnref32\"><\/a><a href=\"http:\/\/w2.vatican.va\/content\/francesco\/es\/apost_constitutions\/documents\/papa-francesco_costituzione-ap_20171208_veritatis-gaudium.html#_ftn32\">[32]<\/a>.<\/li>\n<\/ol>\n<p style=\"text-align: justify;\">Desde esta concentraci\u00f3n vital y gozosa del rostro de Dios, que ha sido revelado como Padre rico de misericordia en Jesucristo (cf.\u00a0<em>Ef<\/em>\u00a02,4)<a name=\"_ftnref33\"><\/a><a href=\"http:\/\/w2.vatican.va\/content\/francesco\/es\/apost_constitutions\/documents\/papa-francesco_costituzione-ap_20171208_veritatis-gaudium.html#_ftn33\">[33]<\/a>, desciende la experiencia liberadora y responsable que consiste en la \u00abm\u00edstica de vivir juntos\u00bb<a name=\"_ftnref34\"><\/a><a href=\"http:\/\/w2.vatican.va\/content\/francesco\/es\/apost_constitutions\/documents\/papa-francesco_costituzione-ap_20171208_veritatis-gaudium.html#_ftn34\">[34]<\/a>\u00a0como Iglesia, que se hace levadura de aquella fraternidad universal \u00abque sabe mirar la grandeza sagrada del pr\u00f3jimo, que sabe descubrir a Dios en cada ser humano, que sabe tolerar las molestias de la convivencia aferr\u00e1ndose al amor de Dios, que sabe abrir el coraz\u00f3n al amor divino para buscar la felicidad de los dem\u00e1s como la busca su Padre bueno\u00bb<a name=\"_ftnref35\"><\/a><a href=\"http:\/\/w2.vatican.va\/content\/francesco\/es\/apost_constitutions\/documents\/papa-francesco_costituzione-ap_20171208_veritatis-gaudium.html#_ftn35\">[35]<\/a>. De ah\u00ed que el imperativo de escuchar en el coraz\u00f3n y de hacer resonar en la mente el grito de los pobres y de la tierra<a name=\"_ftnref36\"><\/a><a href=\"http:\/\/w2.vatican.va\/content\/francesco\/es\/apost_constitutions\/documents\/papa-francesco_costituzione-ap_20171208_veritatis-gaudium.html#_ftn36\">[36]<\/a>, concretice la \u00abdimensi\u00f3n social de la evangelizaci\u00f3n\u00bb<a name=\"_ftnref37\"><\/a><a href=\"http:\/\/w2.vatican.va\/content\/francesco\/es\/apost_constitutions\/documents\/papa-francesco_costituzione-ap_20171208_veritatis-gaudium.html#_ftn37\">[37]<\/a>, como parte integral de la misi\u00f3n de la Iglesia; porque \u00abDios, en Cristo, no redime solamente la persona individual, sino tambi\u00e9n las relaciones sociales entre los hombres\u00bb<a name=\"_ftnref38\"><\/a><a href=\"http:\/\/w2.vatican.va\/content\/francesco\/es\/apost_constitutions\/documents\/papa-francesco_costituzione-ap_20171208_veritatis-gaudium.html#_ftn38\">[38]<\/a>. Es cierto que \u00abla belleza misma del Evangelio no siempre puede ser adecuadamente manifestada por nosotros, pero hay un signo que no debe faltar jam\u00e1s: la opci\u00f3n por los \u00faltimos, por aquellos que la sociedad descarta y desecha\u00bb<a name=\"_ftnref39\"><\/a><a href=\"http:\/\/w2.vatican.va\/content\/francesco\/es\/apost_constitutions\/documents\/papa-francesco_costituzione-ap_20171208_veritatis-gaudium.html#_ftn39\">[39]<\/a>. Esta opci\u00f3n debe impregnar la presentaci\u00f3n y la profundizaci\u00f3n de la verdad cristiana.<\/p>\n<p style=\"text-align: justify;\">De aqu\u00ed que, en la formaci\u00f3n de una cultura cristianamente inspirada, el acento principal est\u00e9 en descubrir la huella trinitaria en la creaci\u00f3n, pues hace que el cosmos en el que vivimos sea \u00abuna trama de relaciones\u00bb, y en el que \u00abes propio de todo ser viviente tender hacia otra cosa\u00bb, favoreciendo \u00abuna espiritualidad de la solidaridad global que brota del misterio de la Trinidad\u00bb<a name=\"_ftnref40\"><\/a><a href=\"http:\/\/w2.vatican.va\/content\/francesco\/es\/apost_constitutions\/documents\/papa-francesco_costituzione-ap_20171208_veritatis-gaudium.html#_ftn40\">[40]<\/a>.<\/p>\n<ol style=\"text-align: justify;\">\n<li><strong>b)<\/strong>Un segundo criterio inspirador, que est\u00e1 \u00edntimamente relacionado con el anterior y que es fruto de ese, es el di\u00e1logo a todos los niveles, no como una mera actitud t\u00e1ctica, sino como una exigencia intr\u00ednseca para experimentar comunitariamente la alegr\u00eda de la Verdad y para profundizar su significado y sus implicaciones pr\u00e1cticas. El Evangelio y la doctrina de la Iglesia est\u00e1n llamados hoy a promover una verdadera cultura del encuentro<a name=\"_ftnref41\"><\/a><a href=\"http:\/\/w2.vatican.va\/content\/francesco\/es\/apost_constitutions\/documents\/papa-francesco_costituzione-ap_20171208_veritatis-gaudium.html#_ftn41\">[41]<\/a>, en una sinergia generosa y abierta hacia todas las instancias positivas que hacen crecer la conciencia humana universal; es m\u00e1s, una cultura \u2014podr\u00edamos afirmar\u2014 del encuentro entre todas las culturas aut\u00e9nticas y vitales, gracias al intercambio rec\u00edproco de sus propios dones en el espacio de luz que ha sido abierto por el amor de Dios para todas sus criaturas.<\/li>\n<\/ol>\n<p style=\"text-align: justify;\">Como subray\u00f3 el Papa Benedicto XVI, \u00abla verdad es \u201cl\u00f3gos\u201d que crea \u201cdi\u00e1-logos\u201d y, por tanto, comunicaci\u00f3n y comuni\u00f3n\u00bb<a name=\"_ftnref42\"><\/a><a href=\"http:\/\/w2.vatican.va\/content\/francesco\/es\/apost_constitutions\/documents\/papa-francesco_costituzione-ap_20171208_veritatis-gaudium.html#_ftn42\">[42]<\/a>. En esta luz, la\u00a0<a href=\"http:\/\/w2.vatican.va\/content\/john-paul-ii\/es\/apost_constitutions\/documents\/hf_jp-ii_apc_15041979_sapientia-christiana.html\"><em>Sapientia christiana<\/em><\/a>, remiti\u00e9ndose a la\u00a0<a href=\"http:\/\/www.vatican.va\/archive\/hist_councils\/ii_vatican_council\/documents\/vat-ii_const_19651207_gaudium-et-spes_sp.html\"><em>Gaudium et spes<\/em><\/a>, deseaba que se favoreciera el di\u00e1logo con los cristianos pertenecientes a otras Iglesias y comunidades eclesiales, as\u00ed como con los que tienen otras convicciones religiosas o human\u00edsticas, y que tambi\u00e9n se mantuviera una relaci\u00f3n \u00abcon los que cultivan otras disciplinas, creyentes o no creyentes\u00bb, tratando de \u00abvalorar e interpretar sus afirmaciones y juzgarlas a la luz de la verdad revelada\u00bb<a name=\"_ftnref43\"><\/a><a href=\"http:\/\/w2.vatican.va\/content\/francesco\/es\/apost_constitutions\/documents\/papa-francesco_costituzione-ap_20171208_veritatis-gaudium.html#_ftn43\">[43]<\/a>.<\/p>\n<p style=\"text-align: justify;\">De esto deriva que se revise, desde esta \u00f3ptica y desde este esp\u00edritu, la conveniencia necesaria y urgente de la composici\u00f3n y la metodolog\u00eda din\u00e1mica del\u00a0<em>curr\u00edculo<\/em>\u00a0de estudios que ha sido propuesto por el sistema de los estudios eclesi\u00e1sticos, en su fundamento teol\u00f3gico, en sus principios inspiradores y en sus diversos niveles de articulaci\u00f3n disciplinar, pedag\u00f3gica y did\u00e1ctica. Esta conveniencia se concreta en un compromiso exigente pero altamente productivo: repensar y actualizar la intencionalidad y la organizaci\u00f3n de las disciplinas y las ense\u00f1anzas impartidas en los estudios eclesi\u00e1sticos con esta l\u00f3gica concreta y seg\u00fan esta intencionalidad espec\u00edfica. Hoy, en efecto, \u00abse impone una evangelizaci\u00f3n que ilumine los nuevos modos de relaci\u00f3n con Dios, con los otros y con el espacio, y que suscite los valores fundamentales. Es necesario llegar all\u00ed donde se gestan los nuevos relatos y paradigmas\u00bb<a name=\"_ftnref44\"><\/a><a href=\"http:\/\/w2.vatican.va\/content\/francesco\/es\/apost_constitutions\/documents\/papa-francesco_costituzione-ap_20171208_veritatis-gaudium.html#_ftn44\">[44]<\/a>.<\/p>\n<ol style=\"text-align: justify;\">\n<li><strong>c)<\/strong>De aqu\u00ed el tercer criterio fundamental que quiero recordar: la inter- y la trans-disciplinariedad ejercidas con sabidur\u00eda y creatividad a la luz de la Revelaci\u00f3n. El principio vital e intelectual de la unidad del saber en la diversidad y en el respeto de sus expresiones m\u00faltiples, conexas y convergentes es lo que califica la propuesta acad\u00e9mica, formativa y de investigaci\u00f3n del sistema de los estudios eclesi\u00e1sticos, ya sea en cuanto al contenido como en el m\u00e9todo.<\/li>\n<\/ol>\n<p style=\"text-align: justify;\">Se trata de ofrecer, a trav\u00e9s de los distintos itinerarios propuestos por los estudios eclesi\u00e1sticos, una pluralidad de saberes que correspondan a la riqueza multiforme de lo verdadero, a la luz proveniente del acontecimiento de la Revelaci\u00f3n, que sea al mismo tiempo recogida arm\u00f3nica y din\u00e1micamente en la unidad de su fuente trascendente y de su intencionalidad hist\u00f3rica y metahist\u00f3rica, desplegada escatol\u00f3gicamente en Cristo Jes\u00fas: \u00abEn \u00c9l \u2014escribe el ap\u00f3stol Pablo\u2014, est\u00e1n encerrados todos los tesoros de la sabidur\u00eda y del conocimiento\u00bb (<em>Col<\/em>\u00a02,3). Este principio teol\u00f3gico y antropol\u00f3gico, existencial y epist\u00e9mico, tiene un significado especial y est\u00e1 llamado a mostrar toda su eficacia no s\u00f3lo dentro del sistema de los estudios eclesi\u00e1sticos, garantiz\u00e1ndole cohesi\u00f3n y flexibilidad, organicidad y dinamismo, sino tambi\u00e9n en relaci\u00f3n con el panorama actual, fragmentado y no pocas veces desintegrado, de los estudios universitarios y con el pluralismo ambiguo, conflictivo o relativista de las convicciones y de las opciones culturales.<\/p>\n<p style=\"text-align: justify;\">Hoy \u2014como afirm\u00f3 Benedicto XVI en la\u00a0<a href=\"http:\/\/w2.vatican.va\/content\/benedict-xvi\/es\/encyclicals\/documents\/hf_ben-xvi_enc_20090629_caritas-in-veritate.html\"><em>Caritas in veritate<\/em><\/a>, profundizando el mensaje cultural de la\u00a0<a href=\"http:\/\/w2.vatican.va\/content\/paul-vi\/es\/encyclicals\/documents\/hf_p-vi_enc_26031967_populorum.html\"><em>Populorum progressio<\/em><\/a>\u00a0de Pablo VI\u2014 hay \u00abuna falta de sabidur\u00eda, de reflexi\u00f3n, de pensamiento capaz de elaborar una s\u00edntesis orientadora\u00bb<a name=\"_ftnref45\"><\/a><a href=\"http:\/\/w2.vatican.va\/content\/francesco\/es\/apost_constitutions\/documents\/papa-francesco_costituzione-ap_20171208_veritatis-gaudium.html#_ftn45\">[45]<\/a>. Aqu\u00ed est\u00e1 en juego, en concreto, la\u00a0<em>misi\u00f3n<\/em>\u00a0que se le ha confiado al sistema de estudios eclesi\u00e1sticos. Esta orientadora y precisa hoja de ruta no s\u00f3lo expresa el significado intr\u00ednseco de verdades del sistema de los estudios eclesi\u00e1sticos, sino que tambi\u00e9n resalta, sobre todo hoy, su efectiva importancia humana y cultural. En este sentido, es sin duda positivo y prometedor el redescubrimiento actual del principio de la interdisciplinariedad<a name=\"_ftnref46\"><\/a><a href=\"http:\/\/w2.vatican.va\/content\/francesco\/es\/apost_constitutions\/documents\/papa-francesco_costituzione-ap_20171208_veritatis-gaudium.html#_ftn46\">[46]<\/a>: No s\u00f3lo en su forma \u00abd\u00e9bil\u00bb, de simple multidisciplinariedad, como planteamiento que favorece una mejor comprensi\u00f3n de un objeto de estudio, contempl\u00e1ndolo desde varios puntos de vista; sino tambi\u00e9n en su forma \u00abfuerte\u00bb, de transdisciplinariedad, como ubicaci\u00f3n y maduraci\u00f3n de todo el saber en el espacio de Luz y de Vida ofrecido por la Sabidur\u00eda que brota de la Revelaci\u00f3n de Dios.<\/p>\n<p style=\"text-align: justify;\">De tal manera que, quien se forme en el marco de las instituciones promovidas por el sistema de los estudios eclesi\u00e1sticos \u2014como deseaba el beato J. H. Newman\u2014 sepa \u00abd\u00f3nde colocar a s\u00ed mismo y la propia ciencia, a la que llega, por as\u00ed decirlo, desde una cumbre, despu\u00e9s de haber tenido una visi\u00f3n global de todo el saber\u00bb<a name=\"_ftnref47\"><\/a><a href=\"http:\/\/w2.vatican.va\/content\/francesco\/es\/apost_constitutions\/documents\/papa-francesco_costituzione-ap_20171208_veritatis-gaudium.html#_ftn47\">[47]<\/a>. Tambi\u00e9n el beato Antonio Rosmini, entorno al a\u00f1o 1800, invitaba a una reforma seria en el \u00e1mbito de la educaci\u00f3n cristiana, restableciendo los cuatro firmes pilares sobre los que se apoyaba durante los primeros siglos de la era cristiana: \u00abLa unicidad de la ciencia, la comunicaci\u00f3n de santidad, la costumbre de vida, la reciprocidad de amor\u00bb. Lo esencial \u2014sosten\u00eda \u00e9l\u2014 es devolver la unidad de contenido, de perspectiva, de objetivo, a la ciencia que se imparte desde la Palabra de Dios y desde su culmen en Cristo Jes\u00fas, Verbo de Dios hecho carne. Si no existe este centro vivo, la ciencia no tiene \u00abni ra\u00edz ni unidad\u00bb y sigue siendo simplemente \u00abatacada y, por as\u00ed decir, entregada a la memoria juvenil\u00bb. S\u00f3lo de este modo ser\u00e1 posible superar la \u00abnefasta separaci\u00f3n entre teor\u00eda y pr\u00e1ctica\u00bb, porque en la unidad entre ciencia y santidad \u00abconsiste propiamente la \u00edndole verdadera de la doctrina destinada a salvar el mundo\u00bb, cuyo \u00abadiestramiento [en los tiempos antiguos] no terminaba en una breve lecci\u00f3n diaria, sino que consist\u00eda en una continua conversaci\u00f3n que ten\u00edan los disc\u00edpulos con los maestros\u00bb<a name=\"_ftnref48\"><\/a><a href=\"http:\/\/w2.vatican.va\/content\/francesco\/es\/apost_constitutions\/documents\/papa-francesco_costituzione-ap_20171208_veritatis-gaudium.html#_ftn48\">[48]<\/a>.<\/p>\n<ol style=\"text-align: justify;\">\n<li><strong>d)<\/strong>Un cuarto y \u00faltimo criterio se refiere a la necesidad urgente de \u00abcrear redes\u00bb entre las distintas instituciones que, en cualquier parte del mundo, cultiven y promuevan los estudios eclesi\u00e1sticos, y activar con decisi\u00f3n las oportunas sinergias tambi\u00e9n con las instituciones acad\u00e9micas de los distintos pa\u00edses y con las que se inspiran en las diferentes tradiciones culturales y religiosas; al mismo tiempo, establecer centros especializados de investigaci\u00f3n que promuevan el estudio de los problemas de alcance hist\u00f3rico que repercuten en la humanidad de hoy, y propongan pistas de resoluci\u00f3n apropiadas y objetivas.<\/li>\n<\/ol>\n<p style=\"text-align: justify;\">Como se\u00f1al\u00e9 en la\u00a0<a href=\"http:\/\/w2.vatican.va\/content\/francesco\/es\/encyclicals\/documents\/papa-francesco_20150524_enciclica-laudato-si.html\"><em>Laudato si\u2019<\/em><\/a><em>,<\/em>\u00a0\u00abdesde mediados del siglo pasado, y superando muchas dificultades, se ha ido afirmando la tendencia a concebir el planeta como patria y la humanidad como pueblo que habita una casa de todos\u00bb<a name=\"_ftnref49\"><\/a><a href=\"http:\/\/w2.vatican.va\/content\/francesco\/es\/apost_constitutions\/documents\/papa-francesco_costituzione-ap_20171208_veritatis-gaudium.html#_ftn49\">[49]<\/a>. La toma de conciencia de esta interdependencia \u00abnos obliga a pensar en\u00a0<em>un solo mundo<\/em>, en un\u00a0<em>proyecto com\u00fan<\/em>\u00bb<a name=\"_ftnref50\"><\/a><a href=\"http:\/\/w2.vatican.va\/content\/francesco\/es\/apost_constitutions\/documents\/papa-francesco_costituzione-ap_20171208_veritatis-gaudium.html#_ftn50\">[50]<\/a>. La Iglesia, en particular \u2014en sinton\u00eda convencida y prof\u00e9tica con el impulso que le ha dado el Vaticano II hacia su presencia renovada y su misi\u00f3n en la historia\u2014, est\u00e1 llamada a experimentar c\u00f3mo la catolicidad, que la califica como fermento de unidad en la diversidad y de comuni\u00f3n en la libertad, exige para s\u00ed misma y propicia \u00abesa polaridad tensional entre lo particular y lo universal, entre lo uno y lo m\u00faltiple, entre lo simple y lo complejo. Aniquilar esta tensi\u00f3n va contra la vida del Esp\u00edritu\u00bb<a name=\"_ftnref51\"><\/a><a href=\"http:\/\/w2.vatican.va\/content\/francesco\/es\/apost_constitutions\/documents\/papa-francesco_costituzione-ap_20171208_veritatis-gaudium.html#_ftn51\">[51]<\/a>. Se trata, pues, de practicar una forma de conocimiento y de interpretaci\u00f3n de la realidad a la luz del \u00abpensamiento de Cristo\u00bb (cf.\u00a0<em>1 Co<\/em>\u00a02,16), en el que el modelo de referencia y de resoluci\u00f3n de problemas \u00abno es la esfera [\u2026] donde cada punto es equidistante del centro y no hay diferencias entre unos y otros\u00bb, sino \u00abel poliedro, que refleja la confluencia de todas las parcialidades que en \u00e9l conservan su originalidad\u00bb<a name=\"_ftnref52\"><\/a><a href=\"http:\/\/w2.vatican.va\/content\/francesco\/es\/apost_constitutions\/documents\/papa-francesco_costituzione-ap_20171208_veritatis-gaudium.html#_ftn52\">[52]<\/a>.<\/p>\n<p style=\"text-align: justify;\">En realidad, \u00abcomo podemos ver en la historia de la Iglesia, el cristianismo no tiene un \u00fanico modo cultural, sino que, \u201cpermaneciendo plenamente uno mismo, en total fidelidad al anuncio evang\u00e9lico y a la tradici\u00f3n eclesial, llevar\u00e1 consigo tambi\u00e9n el rostro de tantas culturas y de tantos pueblos en que ha sido acogido y arraigado\u201d<a name=\"_ftnref53\"><\/a><a href=\"http:\/\/w2.vatican.va\/content\/francesco\/es\/apost_constitutions\/documents\/papa-francesco_costituzione-ap_20171208_veritatis-gaudium.html#_ftn53\">[53]<\/a>. En los diferentes pueblos que experimentan el don de Dios seg\u00fan la propia cultura, la Iglesia manifiesta su genuina catolicidad y muestra \u201cla belleza de este rostro pluriforme\u201d<a name=\"_ftnref54\"><\/a><a href=\"http:\/\/w2.vatican.va\/content\/francesco\/es\/apost_constitutions\/documents\/papa-francesco_costituzione-ap_20171208_veritatis-gaudium.html#_ftn54\">[54]<\/a>. En las manifestaciones cristianas de un pueblo evangelizado, el Esp\u00edritu Santo embellece a la Iglesia, mostr\u00e1ndole nuevos aspectos de la Revelaci\u00f3n y regal\u00e1ndole un nuevo rostro\u00bb<a name=\"_ftnref55\"><\/a><a href=\"http:\/\/w2.vatican.va\/content\/francesco\/es\/apost_constitutions\/documents\/papa-francesco_costituzione-ap_20171208_veritatis-gaudium.html#_ftn55\">[55]<\/a>.<\/p>\n<p style=\"text-align: justify;\">Esta perspectiva \u2014evidentemente\u2014 traza una tarea exigente para la Teolog\u00eda, as\u00ed como para las dem\u00e1s disciplinas contempladas en los estudios eclesi\u00e1sticos seg\u00fan sus espec\u00edficas competencias. Benedicto XVI, refiri\u00e9ndose con una bella imagen a la Tradici\u00f3n de la Iglesia, afirm\u00f3 que \u00abno es transmisi\u00f3n de cosas o de palabras, una colecci\u00f3n de cosas muertas. La Tradici\u00f3n es el r\u00edo vivo que se remonta a los or\u00edgenes, el r\u00edo vivo en el que los or\u00edgenes est\u00e1n siempre presentes\u00bb<a name=\"_ftnref56\"><\/a><a href=\"http:\/\/w2.vatican.va\/content\/francesco\/es\/apost_constitutions\/documents\/papa-francesco_costituzione-ap_20171208_veritatis-gaudium.html#_ftn56\">[56]<\/a>. \u00abEste r\u00edo va regando diversas tierras, va alimentando diversas geograf\u00edas, haciendo germinar lo mejor de esa tierra, lo mejor de esa cultura. De esta manera, el Evangelio se sigue encarnando en todos los rincones del mundo de manera siempre nueva\u00bb<a name=\"_ftnref57\"><\/a><a href=\"http:\/\/w2.vatican.va\/content\/francesco\/es\/apost_constitutions\/documents\/papa-francesco_costituzione-ap_20171208_veritatis-gaudium.html#_ftn57\">[57]<\/a>. No hay duda de que la Teolog\u00eda debe estar enraizada y basada en la Sagrada Escritura y en la Tradici\u00f3n viva, pero precisamente por eso debe acompa\u00f1ar simult\u00e1neamente los procesos culturales y sociales, de modo particular las transiciones dif\u00edciles. Es m\u00e1s, \u00aben este tiempo, la teolog\u00eda tambi\u00e9n debe hacerse cargo de los conflictos: no s\u00f3lo de los que experimentamos dentro de la Iglesia, sino tambi\u00e9n de los que afectan a todo el mundo\u00bb<a name=\"_ftnref58\"><\/a><a href=\"http:\/\/w2.vatican.va\/content\/francesco\/es\/apost_constitutions\/documents\/papa-francesco_costituzione-ap_20171208_veritatis-gaudium.html#_ftn58\">[58]<\/a>. Se trata de \u00abaceptar sufrir el conflicto, resolverlo y transformarlo en el eslab\u00f3n de un nuevo proceso\u00bb, adquiriendo \u00abun modo de hacer la historia, en un \u00e1mbito viviente donde los conflictos, las tensiones y los opuestos pueden alcanzar una unidad pluriforme que engendra nueva vida. No es apostar por un sincretismo ni por la absorci\u00f3n de uno en el otro, sino por la resoluci\u00f3n en un plano superior que conserva en s\u00ed las virtualidades valiosas de las polaridades en pugna\u00bb<a name=\"_ftnref59\"><\/a><a href=\"http:\/\/w2.vatican.va\/content\/francesco\/es\/apost_constitutions\/documents\/papa-francesco_costituzione-ap_20171208_veritatis-gaudium.html#_ftn59\">[59]<\/a>.<\/p>\n<ol style=\"text-align: justify;\" start=\"5\">\n<li>Al relanzar los estudios eclesi\u00e1sticos, se advierte la viva necesidad de dar un nuevo impulso a la investigaci\u00f3n cient\u00edfica llevada a cabo en nuestras Universidades y Facultades eclesi\u00e1sticas. La Constituci\u00f3n Apost\u00f3lica\u00a0<a href=\"http:\/\/w2.vatican.va\/content\/john-paul-ii\/es\/apost_constitutions\/documents\/hf_jp-ii_apc_15041979_sapientia-christiana.html\"><em>Sapientia christiana<\/em><\/a>introduc\u00eda la investigaci\u00f3n como un \u00abdeber fundamental\u00bb en \u00abcontacto asiduo con la misma realidad [\u2026] para comunicar la doctrina a los hombres contempor\u00e1neos, empe\u00f1ados en diversos campos culturales\u00bb<a name=\"_ftnref60\"><\/a><a href=\"http:\/\/w2.vatican.va\/content\/francesco\/es\/apost_constitutions\/documents\/papa-francesco_costituzione-ap_20171208_veritatis-gaudium.html#_ftn60\">[60]<\/a>. Pero las nuevas din\u00e1micas sociales y culturales imponen una ampliaci\u00f3n de estos fines en nuestra \u00e9poca, marcada por la condici\u00f3n multicultural y multi\u00e9tnica. Para cumplir la misi\u00f3n salv\u00edfica de la Iglesia \u00abno basta la preocupaci\u00f3n del evangelizador por llegar a cada persona, y el Evangelio tambi\u00e9n se anuncia a las culturas en su conjunto\u00bb<a name=\"_ftnref61\"><\/a><a href=\"http:\/\/w2.vatican.va\/content\/francesco\/es\/apost_constitutions\/documents\/papa-francesco_costituzione-ap_20171208_veritatis-gaudium.html#_ftn61\">[61]<\/a>. Los estudios eclesi\u00e1sticos no pueden limitarse a transmitir a los hombres y mujeres de nuestro tiempo, deseosos de crecer en su conciencia cristiana, conocimientos, competencias, experiencias, sino que deben adquirir la tarea urgente de elaborar herramientas intelectuales que puedan proponerse como paradigmas de acci\u00f3n y de pensamiento, y que sean \u00fatiles para el anuncio en un mundo marcado por el pluralismo \u00e9tico-religioso. Esto no s\u00f3lo exige una profunda conciencia teol\u00f3gica, sino tambi\u00e9n la capacidad de concebir, dise\u00f1ar y realizar sistemas de presentaci\u00f3n de la religi\u00f3n cristiana que sean capaces de profundizar en los diversos sistemas culturales. Todo esto pide un aumento en la calidad de la investigaci\u00f3n cient\u00edfica y un avance progresivo del nivel de los estudios teol\u00f3gicos y de las ciencias que se le relacionan. No se trata s\u00f3lo que se ampl\u00ede el \u00e1mbito del diagn\u00f3stico, ni que se enriquezca el conjunto de datos a disposici\u00f3n para leer la realidad<a name=\"_ftnref62\"><\/a><a href=\"http:\/\/w2.vatican.va\/content\/francesco\/es\/apost_constitutions\/documents\/papa-francesco_costituzione-ap_20171208_veritatis-gaudium.html#_ftn62\">[62]<\/a>, sino que se profundice para \u00abcomunicar mejor la verdad del Evangelio en un contexto determinado, sin renunciar a la verdad, al bien y a la luz que pueda aportar cuando la perfecci\u00f3n no es posible\u00bb<a name=\"_ftnref63\"><\/a><a href=\"http:\/\/w2.vatican.va\/content\/francesco\/es\/apost_constitutions\/documents\/papa-francesco_costituzione-ap_20171208_veritatis-gaudium.html#_ftn63\">[63]<\/a>.<\/li>\n<\/ol>\n<p style=\"text-align: justify;\">Encomiendo entonces, en primer lugar, a las Universidades, Facultades e Institutos eclesi\u00e1sticos la misi\u00f3n de desarrollar en su labor de investigaci\u00f3n esa \u00aboriginal apolog\u00e9tica\u00bb que indiqu\u00e9 en la\u00a0<a href=\"http:\/\/w2.vatican.va\/content\/francesco\/es\/apost_exhortations\/documents\/papa-francesco_esortazione-ap_20131124_evangelii-gaudium.html\"><em>Evangelii gaudium<\/em><\/a>, para que ellas ayuden \u00aba crear las disposiciones para que el Evangelio sea escuchado por todos\u00bb<a name=\"_ftnref64\"><\/a><a href=\"http:\/\/w2.vatican.va\/content\/francesco\/es\/apost_constitutions\/documents\/papa-francesco_costituzione-ap_20171208_veritatis-gaudium.html#_ftn64\">[64]<\/a>.<\/p>\n<p style=\"text-align: justify;\">En este contexto, es indispensable la creaci\u00f3n de nuevos y cualificados centros de investigaci\u00f3n en los que estudiosos procedentes de diversas convicciones religiosas y de diferentes competencias cient\u00edficas puedan interactuar con responsable libertad y transparencia rec\u00edproca \u2014seg\u00fan mi deseo expresado en la\u00a0<a href=\"http:\/\/w2.vatican.va\/content\/francesco\/es\/encyclicals\/documents\/papa-francesco_20150524_enciclica-laudato-si.html\"><em>Laudato si\u2019<\/em><\/a>\u2014, a fin de \u00abentrar en un di\u00e1logo entre ellas orientado al cuidado de la naturaleza, a la defensa de los pobres, a la construcci\u00f3n de redes de respeto y de fraternidad\u00bb<a name=\"_ftnref65\"><\/a><a href=\"http:\/\/w2.vatican.va\/content\/francesco\/es\/apost_constitutions\/documents\/papa-francesco_costituzione-ap_20171208_veritatis-gaudium.html#_ftn65\">[65]<\/a>. En todos los pa\u00edses, las Universidades constituyen la sede principal de investigaci\u00f3n cient\u00edfica para el progreso del conocimiento y de la sociedad, y desempe\u00f1an un papel determinante para el desarrollo econ\u00f3mico, social y cultural, sobre todo en un tiempo, como el nuestro, caracterizado por r\u00e1pidos, constantes y evidentes cambios en el campo de la ciencia y la tecnolog\u00eda. Tambi\u00e9n en los acuerdos internacionales se subraya la responsabilidad central de la Universidad en las pol\u00edticas de investigaci\u00f3n y la necesidad de coordinarlas, creando redes de centros especializados para facilitar, entre otras cosas, la movilidad de los investigadores.<\/p>\n<p style=\"text-align: justify;\">En este sentido, se est\u00e1n proyectando polos de excelencia interdisciplinares e iniciativas destinadas a acompa\u00f1ar la evoluci\u00f3n de las tecnolog\u00edas avanzadas, la cualificaci\u00f3n de los recursos humanos y los programas de integraci\u00f3n. Tambi\u00e9n los estudios eclesi\u00e1sticos, en el esp\u00edritu de una Iglesia \u00aben salida\u00bb, est\u00e1n llamados a dotarse de centros especializados que profundicen en el di\u00e1logo con los diversos \u00e1mbitos cient\u00edficos. La investigaci\u00f3n compartida y convergente entre especialistas de diversas disciplinas constituye un servicio cualificado al Pueblo de Dios y, en particular, al Magisterio, as\u00ed como un apoyo a la misi\u00f3n de la Iglesia que est\u00e1 llamada a anunciar la Buena Nueva de Cristo a todos, dialogando con las diferentes ciencias al servicio de una cada vez m\u00e1s profunda penetraci\u00f3n y aplicaci\u00f3n de la verdad en la vida personal y social.<\/p>\n<p style=\"text-align: justify;\">As\u00ed, los estudios eclesi\u00e1sticos ser\u00e1n capaces de dar su contribuci\u00f3n espec\u00edfica e insustituible, inspiradora y orientadora, y podr\u00e1n dilucidar y expresar su tarea de modo nuevo, interpelante y real. \u00a1Siempre ha sido y siempre ser\u00e1 as\u00ed! La Teolog\u00eda y la cultura de inspiraci\u00f3n cristiana han estado a la altura de su misi\u00f3n cuando han sabido vivir con riesgo y fidelidad en la frontera. \u00abLas preguntas de nuestro pueblo, sus angustias, sus peleas, sus sue\u00f1os, sus luchas, sus preocupaciones poseen valor hermen\u00e9utico que no podemos ignorar si queremos tomar en serio el principio de encarnaci\u00f3n. Sus preguntas nos ayudan a preguntarnos, sus cuestionamientos nos cuestionan. Todo esto nos ayuda a profundizar en el misterio de la Palabra de Dios, Palabra que exige y pide dialogar, entrar en comunicaci\u00f3n\u00bb<a name=\"_ftnref66\"><\/a><a href=\"http:\/\/w2.vatican.va\/content\/francesco\/es\/apost_constitutions\/documents\/papa-francesco_costituzione-ap_20171208_veritatis-gaudium.html#_ftn66\">[66]<\/a>.<\/p>\n<ol style=\"text-align: justify;\" start=\"6\">\n<li>Esto que hoy emerge ante nuestros ojos es \u00abun gran desaf\u00edo cultural, espiritual y educativo que supondr\u00e1 largos procesos de regeneraci\u00f3n\u00bb<a name=\"_ftnref67\"><\/a><a href=\"http:\/\/w2.vatican.va\/content\/francesco\/es\/apost_constitutions\/documents\/papa-francesco_costituzione-ap_20171208_veritatis-gaudium.html#_ftn67\">[67]<\/a>, tambi\u00e9n para las Universidades y Facultades eclesi\u00e1sticas.<\/li>\n<\/ol>\n<p style=\"text-align: justify;\">Que la fe gozosa e inquebrantable en Jes\u00fas crucificado y resucitado, centro y Se\u00f1or de la historia, nos gu\u00ede, nos ilumine y nos sostenga en este tiempo arduo y fascinante, que est\u00e1 marcado por el compromiso en una renovada y clarividente configuraci\u00f3n del planteamiento de los estudios eclesi\u00e1sticos. Su resurrecci\u00f3n, con el don sobreabundante del Esp\u00edritu Santo, \u00abprovoca por todas partes g\u00e9rmenes de ese mundo nuevo; y aunque se los corte, vuelven a surgir, porque la resurrecci\u00f3n del Se\u00f1or ya ha penetrado la trama oculta de esta historia\u00bb<a name=\"_ftnref68\"><\/a><a href=\"http:\/\/w2.vatican.va\/content\/francesco\/es\/apost_constitutions\/documents\/papa-francesco_costituzione-ap_20171208_veritatis-gaudium.html#_ftn68\">[68]<\/a>.<\/p>\n<p style=\"text-align: justify;\">Que Mar\u00eda Sant\u00edsima, quien a trav\u00e9s del anuncio del \u00c1ngel concibi\u00f3 con gran alegr\u00eda al Verbo de la Verdad, acompa\u00f1e nuestro camino obteniendo del Padre de toda gracia la bendici\u00f3n de luz y de amor que, con la confianza de hijos, aguardamos en la esperanza de su Hijo y Nuestro Se\u00f1or Jesucristo, en la alegr\u00eda del Esp\u00edritu Santo.<\/p>\n<p style=\"text-align: justify;\"><strong>Primera Parte<\/strong><\/p>\n<p style=\"text-align: justify;\"><strong>NORMAS COMUNES<\/strong><\/p>\n<p style=\"text-align: justify;\"><strong>T\u00edtulo I<\/strong><\/p>\n<p style=\"text-align: justify;\"><strong>Naturaleza y finalidad de las Universidades y Facultades Eclesi\u00e1sticas<\/strong><\/p>\n<p style=\"text-align: justify;\"><strong>Art\u00edculo 1<\/strong>. Para cumplir el ministerio de la evangelizaci\u00f3n, confiado por Cristo a la Iglesia cat\u00f3lica, \u00e9sta tiene el derecho y el deber de erigir y organizar Universidades y Facultades dependientes de ella misma<a name=\"_ftnref69\"><\/a><a href=\"http:\/\/w2.vatican.va\/content\/francesco\/es\/apost_constitutions\/documents\/papa-francesco_costituzione-ap_20171208_veritatis-gaudium.html#_ftn69\">[69]<\/a>.<\/p>\n<p style=\"text-align: justify;\"><strong>Art\u00edculo 2<\/strong><em>.<\/em>\u00a0\u00a7 1. En esta Constituci\u00f3n se da el nombre de Universidades y Facultades eclesi\u00e1sticas a aquellas instituciones de educaci\u00f3n superior que, can\u00f3nicamente erigidas o aprobadas por la Santa Sede, se dedican al estudio y a la ense\u00f1anza de la doctrina sagrada y de las ciencias con ella relacionadas, gozando del derecho de conferir grados acad\u00e9micos con la autoridad de la Santa Sede<a name=\"_ftnref70\"><\/a><a href=\"http:\/\/w2.vatican.va\/content\/francesco\/es\/apost_constitutions\/documents\/papa-francesco_costituzione-ap_20171208_veritatis-gaudium.html#_ftn70\">[70]<\/a>.<\/p>\n<ul style=\"text-align: justify;\">\n<li>2. Dichas instituciones pueden ser una Universidad o Facultad eclesi\u00e1stica\u00a0<em>sui iuris<\/em>, una Facultad eclesi\u00e1stica en el seno de una Universidad Cat\u00f3lica<a name=\"_ftnref71\"><\/a><a href=\"http:\/\/w2.vatican.va\/content\/francesco\/es\/apost_constitutions\/documents\/papa-francesco_costituzione-ap_20171208_veritatis-gaudium.html#_ftn71\">[71]<\/a>o tambi\u00e9n una Facultad eclesi\u00e1stica en el seno de otra Universidad.<\/li>\n<\/ul>\n<p style=\"text-align: justify;\"><strong>Art\u00edculo 3<\/strong><em>.<\/em>\u00a0Las finalidades de las Facultades eclesi\u00e1sticas son:<\/p>\n<ul style=\"text-align: justify;\">\n<li>1. cultivar y promover, mediante la investigaci\u00f3n cient\u00edfica, las propias disciplinas, es decir, aquellas que directa o indirectamente est\u00e1n relacionadas con la Revelaci\u00f3n cristiana o que sirven de un modo directo a la misi\u00f3n de la Iglesia y, por ende, y, ante todo, ahondar cada vez m\u00e1s en el conocimiento de la Revelaci\u00f3n cristiana y de lo relacionado con ella, estudiar a fondo sistem\u00e1ticamente las verdades que en ella se contienen, reflexionar a la luz de la Revelaci\u00f3n sobre las cuestiones que plantea cada \u00e9poca, y presentarlas a los hombres contempor\u00e1neos de manera adecuada a las diversas culturas;<\/li>\n<li>2. dar una formaci\u00f3n superior a los alumnos en las propias disciplinas seg\u00fan la doctrina cat\u00f3lica, prepararlos convenientemente para el ejercicio de los diversos cargos y promover la formaci\u00f3n continua o permanente de los ministros de la Iglesia;<\/li>\n<li>3. prestar su valiosa colaboraci\u00f3n, seg\u00fan la propia \u00edndole y en estrecha comuni\u00f3n con la jerarqu\u00eda, a las Iglesias particulares y a la Iglesia universal en toda la labor de evangelizaci\u00f3n.<\/li>\n<\/ul>\n<p style=\"text-align: justify;\"><strong>Art\u00edculo 4.<\/strong>\u00a0Es un deber de las Conferencias Episcopales, dada la peculiar importancia eclesial de las Universidades y Facultades eclesi\u00e1sticas, promover con solicitud su vida y su progreso.<\/p>\n<p style=\"text-align: justify;\"><strong>Art\u00edculo 5.<\/strong>\u00a0La erecci\u00f3n can\u00f3nica o la aprobaci\u00f3n can\u00f3nica de las Universidades y de las Facultades eclesi\u00e1sticas est\u00e1n reservada a la Congregaci\u00f3n para la Educaci\u00f3n Cat\u00f3lica, que las gobierna conforme a derecho<a name=\"_ftnref72\"><\/a><a href=\"http:\/\/w2.vatican.va\/content\/francesco\/es\/apost_constitutions\/documents\/papa-francesco_costituzione-ap_20171208_veritatis-gaudium.html#_ftn72\">[72]<\/a>.<\/p>\n<p style=\"text-align: justify;\"><strong>Art\u00edculo 6<\/strong>. Solamente las Universidades y las Facultades can\u00f3nicamente erigidas o aprobadas por la Santa Sede, y organizadas seg\u00fan las normas de esta Constituci\u00f3n, tienen derecho a conferir grados acad\u00e9micos con valor can\u00f3nico<a name=\"_ftnref73\"><\/a><a href=\"http:\/\/w2.vatican.va\/content\/francesco\/es\/apost_constitutions\/documents\/papa-francesco_costituzione-ap_20171208_veritatis-gaudium.html#_ftn73\">[73]<\/a>, quedando a salvo el derecho peculiar de la Pontificia Comisi\u00f3n B\u00edblica<a name=\"_ftnref74\"><\/a><a href=\"http:\/\/w2.vatican.va\/content\/francesco\/es\/apost_constitutions\/documents\/papa-francesco_costituzione-ap_20171208_veritatis-gaudium.html#_ftn74\">[74]<\/a>.<\/p>\n<p style=\"text-align: justify;\"><strong>Art\u00edculo 7.<\/strong>\u00a0Los estatutos de toda Universidad o Facultad, que han de redactarse en conformidad con las normas de esta Constituci\u00f3n, deben ser aprobados por la Congregaci\u00f3n para la Educaci\u00f3n Cat\u00f3lica<a name=\"_ftnref75\"><\/a><a href=\"http:\/\/w2.vatican.va\/content\/francesco\/es\/apost_constitutions\/documents\/papa-francesco_costituzione-ap_20171208_veritatis-gaudium.html#_ftn75\">[75]<\/a>.<\/p>\n<p style=\"text-align: justify;\"><strong>Art\u00edculo 8<\/strong>. Las Facultades eclesi\u00e1sticas erigidas o aprobadas por la Santa Sede dentro de Universidades no eclesi\u00e1sticas, que confieren grados acad\u00e9micos tanto can\u00f3nicos como civiles, deben observar las prescripciones de esta Constituci\u00f3n, respetando los acuerdos bilaterales y multilaterales que hayan sido estipulados por la Santa Sede con las distintas Naciones o con las mismas Universidades.<\/p>\n<p style=\"text-align: justify;\"><strong>Art\u00edculo 9<\/strong>. \u00a7 1. Las Facultades, que no hayan sido can\u00f3nicamente erigidas o aprobadas por la Santa Sede, no pueden conferir grados acad\u00e9micos que tengan valor can\u00f3nico.<\/p>\n<ul style=\"text-align: justify;\">\n<li>2. Para que los grados conferidos en estas Facultades puedan tener valor en orden a algunos efectos can\u00f3nicos, necesitan el reconocimiento de la Congregaci\u00f3n para la Educaci\u00f3n Cat\u00f3lica.<\/li>\n<li>3. Para obtener este reconocimiento, adem\u00e1s de requerirse para cada uno de los grados alguna causa especial, deber\u00e1n cumplirse las condiciones establecidas por la misma Congregaci\u00f3n.<\/li>\n<\/ul>\n<p style=\"text-align: justify;\"><strong>Art\u00edculo 10<\/strong>. Para la recta ejecuci\u00f3n de esta Constituci\u00f3n, se deben observar las Normas dadas por la Congregaci\u00f3n para la Educaci\u00f3n Cat\u00f3lica.<\/p>\n<p style=\"text-align: justify;\"><strong>T\u00edtulo II<\/strong><\/p>\n<p style=\"text-align: justify;\"><strong>La comunidad acad\u00e9mica y su gobierno<\/strong><\/p>\n<p style=\"text-align: justify;\"><strong>Art\u00edculo 11<\/strong>. \u00a7 1. La Universidad o la Facultad es una comunidad de estudio, de investigaci\u00f3n y de formaci\u00f3n que obra institucionalmente para alcanzar los fines primarios contemplados en el art. 3, en conformidad con los principios de la misi\u00f3n evangelizadora de la Iglesia.<\/p>\n<ul style=\"text-align: justify;\">\n<li>2. En la comunidad acad\u00e9mica, todas las personas, tanto singularmente como reunidas en consejos, son corresponsables del bien com\u00fan y cooperan en el \u00e1mbito de sus respectivas competencias para alcanzar los fines de la misma comunidad.<\/li>\n<li>3. Consiguientemente se han de determinar cuidadosamente en los Estatutos cu\u00e1les son sus derechos y deberes en el \u00e1mbito de la comunidad acad\u00e9mica, a fin de que se ejerzan convenientemente dentro de los l\u00edmites leg\u00edtimamente definidos.<\/li>\n<\/ul>\n<p style=\"text-align: justify;\"><strong>Art\u00edculo 12<\/strong>. El Gran Canciller representa a la Santa Sede ante la Universidad o Facultad e igualmente a \u00e9sta ante la Santa Sede, \u00e9l promueve su conservaci\u00f3n y progreso y fomenta la comuni\u00f3n con la Iglesia particular y universal.<\/p>\n<p style=\"text-align: justify;\"><strong>Art\u00edculo 13<\/strong>. \u00a7 1. La Universidad o la Facultad dependen jur\u00eddicamente del Gran Canciller, a no ser que la Sede Apost\u00f3lica disponga otra cosa.<\/p>\n<ul style=\"text-align: justify;\">\n<li>2. Donde lo aconsejen las circunstancias, se puede nombrar tambi\u00e9n un Vice-Gran Canciller, cuya autoridad deber ser determinada en los estatutos.<\/li>\n<\/ul>\n<p style=\"text-align: justify;\"><strong>Art\u00edculo 14.<\/strong>\u00a0Si el Gran Canciller es una persona distinta del Ordinario del lugar, se establezcan normas para que ambos puedan cumplir concordemente la propia misi\u00f3n.<\/p>\n<p style=\"text-align: justify;\"><strong>Art\u00edculo 15<\/strong>. Las Autoridades acad\u00e9micas son personales y colegiales. Son autoridades personales en primer lugar el rector o presidente y el decano. Autoridades colegiales son los distintos organismos directivos, como los consejos de Universidad o de Facultad.<\/p>\n<p style=\"text-align: justify;\"><strong>Art\u00edculo 16<\/strong>. Los estatutos de la Universidad o Facultad deben determinar con toda claridad los nombres y la competencia de las autoridades acad\u00e9micas, las modalidades de su designaci\u00f3n y el tiempo de su duraci\u00f3n en el cargo, teniendo en cuenta tanto la naturaleza can\u00f3nica de la Universidad o Facultad, como la costumbre de las Universidades de la propia regi\u00f3n.<\/p>\n<p style=\"text-align: justify;\"><strong>Art\u00edculo 17<\/strong>. Las autoridades acad\u00e9micas ser\u00e1n elegidas de entre las personas que sean verdaderamente conocedoras de la vida universitaria y, como norma, de entre los profesores de alguna Facultad.<\/p>\n<p style=\"text-align: justify;\"><strong>Art\u00edculo 18<\/strong>. El nombramiento o al menos la confirmaci\u00f3n de los titulares de los siguientes oficios compete a la Congregaci\u00f3n para la Educaci\u00f3n Cat\u00f3lica:<\/p>\n<p style=\"text-align: justify;\">\u00a0\u00a0\u00a0\u00a0\u00a0\u00a0\u00a0\u00a0\u00a0 El Rector de una Universidad eclesi\u00e1stica;<\/p>\n<p style=\"text-align: justify;\">\u00a0\u00a0\u00a0\u00a0\u00a0\u00a0\u00a0\u00a0\u00a0 El Presidente de una Facultad eclesi\u00e1stica\u00a0<em>sui iuris<\/em>;<\/p>\n<p style=\"text-align: justify;\">\u00a0\u00a0\u00a0\u00a0\u00a0\u00a0\u00a0\u00a0\u00a0 El Decano de una Facultad eclesi\u00e1stica y el presidente ser\u00e1n nombrados o al menos confirmados por la Congregaci\u00f3n para la Educaci\u00f3n Cat\u00f3lica.<\/p>\n<p style=\"text-align: justify;\"><strong>Art\u00edculo 19.<\/strong>\u00a0\u00a7 1. Determinen los estatutos c\u00f3mo deben cooperar entre s\u00ed las autoridades personales y las colegiales, de manera que, observando fielmente el sistema colegial sobre todo en los asuntos m\u00e1s importantes, particularmente los acad\u00e9micos, las autoridades personales gocen verdaderamente de la potestad que corresponde a su oficio.<\/p>\n<ul style=\"text-align: justify;\">\n<li>2. Esto se ha de decir en primer lugar si se trata del rector, el cual tiene la misi\u00f3n de gobernar toda la Universidad y de promover por los medios adecuados su unidad, cooperaci\u00f3n y progreso.<\/li>\n<\/ul>\n<p style=\"text-align: justify;\"><strong>Art\u00edculo 20.<\/strong>\u00a0\u00a7 1. All\u00ed donde las Facultades formen parte de una Universidad eclesi\u00e1stica o de una Universidad cat\u00f3lica, los estatutos han de proveer para que su gobierno se coordine debidamente con el gobierno de toda la Universidad, de manera que se promueva convenientemente el bien tanto de cada una de las Facultades como de la Universidad y se fomente la cooperaci\u00f3n de todas las Facultades entre s\u00ed.<\/p>\n<ul style=\"text-align: justify;\">\n<li>2. Las exigencias can\u00f3nicas de una Facultad eclesi\u00e1stica han de salvaguardarse incluso cuando \u00e9sta forme parte de otra Universidad no eclesi\u00e1stica.<\/li>\n<\/ul>\n<p style=\"text-align: justify;\"><strong>Art\u00edculo 21<\/strong>. Si la Facultad est\u00e1 unida con alg\u00fan seminario mayor o colegio sacerdotal, quedando a salvo la debida cooperaci\u00f3n en todo lo que ata\u00f1e al bien de los alumnos, los estatutos tomen clara y eficazmente precauciones para que la direcci\u00f3n acad\u00e9mica y la administraci\u00f3n de la Facultad se distingan debidamente del gobierno y administraci\u00f3n del seminario mayor o colegio sacerdotal.<\/p>\n<p style=\"text-align: justify;\"><strong>T\u00edtulo III<\/strong><\/p>\n<p style=\"text-align: justify;\"><strong>El profesorado<\/strong><\/p>\n<p style=\"text-align: justify;\"><strong>Art\u00edculo 22<\/strong>. En toda Facultad debe existir un n\u00famero de profesores, especialmente estables, que corresponda a la importancia y al desarrollo de las disciplinas, as\u00ed como a la debida asistencia y al aprovechamiento de los alumnos.<\/p>\n<p style=\"text-align: justify;\"><strong>Art\u00edculo 23<\/strong>. Debe haber distintas clases de profesores, especificadas en los estatutos seg\u00fan el grado de preparaci\u00f3n, inserci\u00f3n, estabilidad y responsabilidad en la Facultad, teniendo oportunamente en cuenta la costumbre de las Universidades de la regi\u00f3n.<\/p>\n<p style=\"text-align: justify;\"><strong>Art\u00edculo 24<\/strong>. Los estatutos deben precisar a qu\u00e9 autoridades compete la asunci\u00f3n, el nombramiento y la promoci\u00f3n de los profesores, sobre todo cuando se trata de conferirles un oficio estable.<\/p>\n<p style=\"text-align: justify;\"><strong>Art\u00edculo 25<\/strong>. \u00a7 1. Para que uno pueda ser leg\u00edtimamente asumido entre los profesores estables de la Facultad, se requiere:<\/p>\n<p style=\"text-align: justify;\">1) que sea persona distinguida por su preparaci\u00f3n doctrinal, su testimonio de vida y su sentido de responsabilidad;<\/p>\n<p style=\"text-align: justify;\">2) que tenga el doctorado congruente, un t\u00edtulo equivalente o m\u00e9ritos cient\u00edficos del todo singulares;<\/p>\n<p style=\"text-align: justify;\">3) que haya probado su idoneidad para la investigaci\u00f3n cient\u00edfica de manera documentalmente segura, sobre todo mediante la publicaci\u00f3n de trabajos cient\u00edficos;<\/p>\n<p style=\"text-align: justify;\">4) que demuestre tener aptitud did\u00e1ctica para la ense\u00f1anza.<\/p>\n<ul style=\"text-align: justify;\">\n<li>2. Estos requisitos, que valen para la asunci\u00f3n de profesores estables, se han de aplicar proporcionalmente a los profesores no estables.<\/li>\n<li>3. Para la asunci\u00f3n de los profesores se deben tener presentes los requisitos cient\u00edficos vigentes en la pr\u00e1ctica universitaria de la regi\u00f3n.<\/li>\n<\/ul>\n<p style=\"text-align: justify;\"><strong>Art\u00edculo 26<\/strong>. \u00a7 1. Todos los profesores de cualquier grado deben distinguirse siempre por su honestidad de vida, su integridad doctrinal y su diligencia en el cumplimiento del deber, de manera que puedan contribuir eficazmente a conseguir los fines de una instituci\u00f3n acad\u00e9mica eclesi\u00e1stica. Si llegara a faltar cualquiera de estos requisitos, los profesores deber\u00e1n ser removidos de su encargo, observando el procedimiento previsto<a name=\"_ftnref76\"><\/a><a href=\"http:\/\/w2.vatican.va\/content\/francesco\/es\/apost_constitutions\/documents\/papa-francesco_costituzione-ap_20171208_veritatis-gaudium.html#_ftn76\">[76]<\/a>.<\/p>\n<ul style=\"text-align: justify;\">\n<li>2. Los que ense\u00f1an materias concernientes a la fe y costumbres, deben ser conscientes de que tienen que cumplir esta misi\u00f3n en plena comuni\u00f3n con el Magisterio de la Iglesia, en primer lugar con el del Romano Pont\u00edfice<a name=\"_ftnref77\"><\/a><a href=\"http:\/\/w2.vatican.va\/content\/francesco\/es\/apost_constitutions\/documents\/papa-francesco_costituzione-ap_20171208_veritatis-gaudium.html#_ftn77\">[77]<\/a>.<\/li>\n<\/ul>\n<p style=\"text-align: justify;\"><strong>Art\u00edculo 27<\/strong>. \u00a7 1. Los que ense\u00f1an materias concernientes a la fe y costumbres, deben recibir la misi\u00f3n can\u00f3nica del Gran Canciller o de su delegado, despu\u00e9s de haber hecho la profesi\u00f3n de fe<a name=\"_ftnref78\"><\/a><a href=\"http:\/\/w2.vatican.va\/content\/francesco\/es\/apost_constitutions\/documents\/papa-francesco_costituzione-ap_20171208_veritatis-gaudium.html#_ftn78\">[78]<\/a>, ya que no ense\u00f1an con autoridad propia sino en virtud de la misi\u00f3n recibida de la Iglesia. Los dem\u00e1s profesores deben recibir el permiso para ense\u00f1ar del Gran Canciller o de su delegado.<\/p>\n<ul style=\"text-align: justify;\">\n<li>2. Todos los profesores, antes de recibir un encargo estable o antes de ser promovidos al supremo orden did\u00e1ctico, o en ambos casos, seg\u00fan lo definan los estatutos, necesitan la declaraci\u00f3n\u00a0<em>nihil obstat<\/em>de la Santa Sede.<\/li>\n<\/ul>\n<p style=\"text-align: justify;\"><strong>Art\u00edculo 28<\/strong>. La promoci\u00f3n a los grados superiores se hace, despu\u00e9s de un oportuno intervalo de tiempo, teniendo en cuenta la capacidad para ense\u00f1ar, las investigaciones llevadas a cabo, los trabajos cient\u00edficos publicados, el esp\u00edritu de colaboraci\u00f3n demostrado en la ense\u00f1anza y en la investigaci\u00f3n y el empe\u00f1o puesto en la dedicaci\u00f3n a la Facultad.<\/p>\n<p style=\"text-align: justify;\"><strong>Art\u00edculo 29.<\/strong>\u00a0Para que puedan cumplir su oficio, los profesores estar\u00e1n libres de otros cargos no compatibles con su deber de investigar y ense\u00f1ar de la manera que se exija en los estatutos a cada una de las clases de profesores<a name=\"_ftnref79\"><\/a><a href=\"http:\/\/w2.vatican.va\/content\/francesco\/es\/apost_constitutions\/documents\/papa-francesco_costituzione-ap_20171208_veritatis-gaudium.html#_ftn79\">[79]<\/a>.<\/p>\n<p style=\"text-align: justify;\"><strong>Art\u00edculo 30<\/strong>. Se ha de determinar en los estatutos:<\/p>\n<ol style=\"text-align: justify;\">\n<li><em>a)\u00a0<\/em>cu\u00e1ndo y en qu\u00e9 condiciones cesan los profesores en su oficio;<\/li>\n<li><em>b)<\/em>por qu\u00e9 razones y con qu\u00e9 procedimiento se les puede suspender, cesar o privar del oficio, de manera que se tutelen adecuadamente los derechos tanto del profesor como de la Facultad o Universidad, en primer lugar de sus alumnos, como tambi\u00e9n de la misma comunidad eclesial.<\/li>\n<\/ol>\n<p style=\"text-align: justify;\"><strong>T\u00edtulo IV<\/strong><\/p>\n<p style=\"text-align: justify;\"><strong>Los alumnos<\/strong><\/p>\n<p style=\"text-align: justify;\"><strong>Art\u00edculo 31<\/strong>. Las Facultades eclesi\u00e1sticas est\u00e9n abiertas a todos aquellos, eclesi\u00e1sticos o seglares, que, presentando certificado v\u00e1lido de buena conducta y de haber realizado los estudios previos, sean id\u00f3neos para inscribirse en la Facultad.<\/p>\n<p style=\"text-align: justify;\"><strong>Art\u00edculo 32<\/strong>. \u00a7 1. Para que uno pueda ser inscripto en la Facultad con el fin de conseguir grados acad\u00e9micos, debe presentar el t\u00edtulo de estudio que se requiera para ser admitido en la Universidad civil de la propia naci\u00f3n o de la regi\u00f3n donde est\u00e1 la Facultad.<\/p>\n<ul style=\"text-align: justify;\">\n<li>2. La Facultad determine en sus estatutos lo que eventualmente sea necesario, adem\u00e1s de lo establecido en el \u00a71, para iniciar los propios estudios, incluso en lo que se refiere al conocimiento de las lenguas tanto antiguas como modernas.<\/li>\n<li>3. La Facultad determine en sus estatutos los procedimientos para evaluar las modalidades de tratamiento en el caso de refugiados, pr\u00f3fugos o personas en situaciones an\u00e1logas desprovistos de la regular documentaci\u00f3n exigida.<\/li>\n<\/ul>\n<p style=\"text-align: justify;\"><strong>Art\u00edculo 33<\/strong>. Los alumnos deben observar fielmente las normas de la Facultad en todo lo referente al ordenamiento general y a la disciplina \u2014en primer lugar lo referente al propio plan de estudios, asistencia a clase, ex\u00e1menes\u2014 as\u00ed como en todo lo que ata\u00f1e a la vida de la Facultad. Por este motivo, la Universidad y cada Facultad dispongan los modos para que los estudiantes conozcan los Estatutos y los Reglamentos.<\/p>\n<p style=\"text-align: justify;\"><strong>Art\u00edculo 34<\/strong>. Los estatutos deben definir el modo c\u00f3mo los alumnos, tanto en particular como asociados, tomar\u00e1n parte en la vida de la comunidad acad\u00e9mica, en todo aquello que pueden aportar al bien com\u00fan de la Facultad o Universidad.<\/p>\n<p style=\"text-align: justify;\"><strong>Art\u00edculo 35<\/strong>. Determinen igualmente los estatutos c\u00f3mo, por razones graves, se puede suspender o privar de algunos derechos a los alumnos o incluso excluirlos de la Facultad, con el fin de proveer as\u00ed a la tutela de los derechos tanto del alumno, tanto de la Facultad o Universidad, como tambi\u00e9n de la misma comunidad eclesial.<\/p>\n<p style=\"text-align: justify;\"><strong>T\u00edtulo V<\/strong><\/p>\n<p style=\"text-align: justify;\"><strong>Los oficiales y el personal administrativo y de servicio<\/strong><\/p>\n<p style=\"text-align: justify;\"><strong>Art\u00edculo 36<\/strong>. \u00a7 1. En el gobierno y la administraci\u00f3n de la Universidad o Facultad, las autoridades sean ayudadas por oficiales, convenientemente preparados en el propio oficio.<\/p>\n<ul style=\"text-align: justify;\">\n<li>2. Son oficiales en primer lugar el secretario, el bibliotecario y el ec\u00f3nomo y otros que la instituci\u00f3n retenga oportunos. Los derechos y los deberes de todo este personal deben ser establecidos en los Estatutos y en los reglamentos.<\/li>\n<\/ul>\n<p style=\"text-align: justify;\"><strong>T\u00edtulo VI<\/strong><\/p>\n<p style=\"text-align: justify;\"><strong>El plan de estudios<\/strong><\/p>\n<p style=\"text-align: justify;\"><strong>Art\u00edculo 37.<\/strong>\u00a0\u00a7 1. Al hacer el plan de estudios, se observen cuidadosamente los principios y las normas que, seg\u00fan la diversidad de la materia, se contienen en los documentos eclesi\u00e1sticos, sobre todo en los del Concilio Vaticano II; se tengan en cuenta al mismo tiempo los aportes seguros, que provienen del progreso cient\u00edfico y que contribuyen en particular a resolver las cuestiones hoy discutidas.<\/p>\n<ul style=\"text-align: justify;\">\n<li>2. En las distintas Facultades se adopte el m\u00e9todo cient\u00edfico correspondiente a las exigencias propias de las distintas ciencias. Asimismo se apliquen oportunamente los recientes m\u00e9todos did\u00e1cticos y pedag\u00f3gicos, aptos para promover mejor el empe\u00f1o personal de los alumnos y su participaci\u00f3n activa en los estudios.<\/li>\n<\/ul>\n<p style=\"text-align: justify;\"><strong>Art\u00edculo 38<\/strong>.<strong>\u00a0<\/strong>\u00a7 1. Seg\u00fan la norma del Concilio Vaticano II y teniendo presente la \u00edndole propia de cada Facultad:<\/p>\n<p style=\"text-align: justify;\">1\u00ba se reconozca una justa libertad<a name=\"_ftnref80\"><\/a><a href=\"http:\/\/w2.vatican.va\/content\/francesco\/es\/apost_constitutions\/documents\/papa-francesco_costituzione-ap_20171208_veritatis-gaudium.html#_ftn80\">[80]<\/a>\u00a0de investigaci\u00f3n y de ense\u00f1anza, para que se pueda lograr un aut\u00e9ntico progreso en el conocimiento y en la comprensi\u00f3n de la verdad divina;<\/p>\n<p style=\"text-align: justify;\">2\u00ba al mismo tiempo sea claro:<\/p>\n<ol style=\"text-align: justify;\">\n<li><em>a)\u00a0<\/em>que la verdadera libertad de ense\u00f1anza est\u00e1 contenida necesariamente dentro de los confines de la Palabra de Dios, tal como es ense\u00f1ada constantemente por el Magisterio vivo de la Iglesia;<\/li>\n<li><em>b)<\/em>igualmente que la verdadera libertad de investigaci\u00f3n se apoya necesariamente en la firme adhesi\u00f3n a la Palabra de Dios y en la actitud de aceptaci\u00f3n del Magisterio de la Iglesia, al cual ha sido confiado el deber de interpretar aut\u00e9nticamente la Palabra de Dios.<\/li>\n<\/ol>\n<ul style=\"text-align: justify;\">\n<li>2. Consiguientemente, en materia tan importante y que requiere tanta prudencia, se debe proceder con confianza y sin sospechas, pero tambi\u00e9n con juicio y sin temeridad, sobre todo en el campo de la ense\u00f1anza; se deben armonizar adem\u00e1s cuidadosamente las exigencias cient\u00edficas con las necesidades pastorales del Pueblo de Dios.<\/li>\n<\/ul>\n<p style=\"text-align: justify;\"><strong>Art\u00edculo 39<\/strong>. En toda Facultad se ordene convenientemente el plan de estudios, a trav\u00e9s de diversos grados o ciclos seg\u00fan las exigencias de la materia; de manera que generalmente:<\/p>\n<ol style=\"text-align: justify;\">\n<li><em>a)<\/em>se ofrezca en primer lugar una informaci\u00f3n general, mediante la exposici\u00f3n coordinada de todas las disciplinas, junto con la introducci\u00f3n al uso del m\u00e9todo cient\u00edfico;<\/li>\n<li><em>b)<\/em>sucesivamente se aborde con mayor profundidad el estudio de un sector particular de las disciplinas y al mismo tiempo se ejercite m\u00e1s de lleno a los alumnos en el uso del m\u00e9todo de investigaci\u00f3n cient\u00edfica;<\/li>\n<li><em>c)<\/em>finalmente, se vaya llegando progresivamente a la madurez cient\u00edfica, en particular mediante la elaboraci\u00f3n de un trabajo escrito, que contribuya efectivamente al adelanto de la ciencia.<\/li>\n<\/ol>\n<p style=\"text-align: justify;\"><strong>Art\u00edculo 40<\/strong>. \u00a7 1. Se determinen las disciplinas que se requieren necesariamente para lograr el fin de la Facultad, como tambi\u00e9n aquellas que, de diverso modo, ayudan a conseguir tal finalidad, y se indique consiguientemente c\u00f3mo se distinguen entre s\u00ed.<\/p>\n<ul style=\"text-align: justify;\">\n<li>2. Se ordenen las disciplinas en cada Facultad, de manera que formen un cuerpo org\u00e1nico, sirvan para la s\u00f3lida y armoniosa formaci\u00f3n de los alumnos y hagan m\u00e1s f\u00e1cil la mutua colaboraci\u00f3n de los profesores.<\/li>\n<\/ul>\n<p style=\"text-align: justify;\"><strong>Art\u00edculo 41<\/strong>. Las lecciones, sobre todo en el ciclo institucional, deben darse obligatoriamente, debiendo asistir a ellas los alumnos seg\u00fan las normas que determinar\u00e1 el plan de estudios.<\/p>\n<p style=\"text-align: justify;\"><strong>Art\u00edculo 42<\/strong>. Las ejercitaciones y los seminarios, sobre todo en el ciclo de especializaci\u00f3n, deben ser dirigidos asiduamente bajo la gu\u00eda de los profesores e integrados continuamente mediante el estudio privado y el coloquio frecuente con los profesores.<\/p>\n<p style=\"text-align: justify;\"><strong>Art\u00edculo 43<\/strong>. Defina el plan de estudios de la Facultad cu\u00e1les ex\u00e1menes o pruebas equivalentes, escritos u orales, deben darse al final de cada semestre o a\u00f1o y sobre todo al final del ciclo, con el fin de que sea posible verificar su aprovechamiento en orden a la continuaci\u00f3n de los estudios en la Facultad y a la consecuci\u00f3n de los grados acad\u00e9micos.<\/p>\n<p style=\"text-align: justify;\"><strong>Art\u00edculo 44<\/strong>. Asimismo los estatutos o los reglamentos determinar\u00e1n en qu\u00e9 consideraci\u00f3n deben tomarse los estudios hechos en otro sitio, sobre todo por lo que se refiere a la concesi\u00f3n de dispensas para algunas disciplinas o tambi\u00e9n a la reducci\u00f3n del mismo plan de estudios, respetando por lo dem\u00e1s las disposiciones de la Congregaci\u00f3n para la Educaci\u00f3n Cat\u00f3lica.<\/p>\n<p style=\"text-align: justify;\"><strong>T\u00edtulo VII<\/strong><\/p>\n<p style=\"text-align: justify;\"><strong>Los grados acad\u00e9micos y otros t\u00edtulos<\/strong><\/p>\n<p style=\"text-align: justify;\"><strong>Art\u00edculo 45<\/strong>. \u00a7 1. Al final de cada ciclo del plan de estudios, puede conferirse el conveniente grado acad\u00e9mico, que debe ser establecido para cada Facultad, teniendo en cuenta la duraci\u00f3n del ciclo y las disciplinas en \u00e9l ense\u00f1adas.<\/p>\n<ul style=\"text-align: justify;\">\n<li>2. Por tanto, en los Estatutos de cada Facultad deben determinarse cuidadosamente, seg\u00fan las normas comunes y particulares de la presente Constituci\u00f3n, todos los grados que son conferidos y cu\u00e1les condiciones se requieren.<\/li>\n<\/ul>\n<p style=\"text-align: justify;\"><strong>Art\u00edculo 46<\/strong>. Los grados acad\u00e9micos, que se confieren en una Facultad eclesi\u00e1stica, son: el bachillerato, la licenciatura, el doctorado.<\/p>\n<p style=\"text-align: justify;\"><strong>Art\u00edculo 47<\/strong>. En los Estatutos de cada Facultad, los grados acad\u00e9micos pueden ser expresados con otras denominaciones, teniendo en cuenta la costumbre de las Universidades de la regi\u00f3n, mientras se indique claramente su equivalencia con los grados acad\u00e9micos arriba mencionados y se salvaguarde la uniformidad entre las Facultades eclesi\u00e1sticas de la misma regi\u00f3n.<\/p>\n<p style=\"text-align: justify;\"><strong>Art\u00edculo 48<\/strong>. Nadie puede conseguir un grado acad\u00e9mico si no se ha inscripto regularmente en la Facultad, y no ha terminado el plan de estudios prescritos por los planes de estudio y no ha superado positivamente los relativos ex\u00e1menes y algunas otras eventuales modalidad de pruebas.<\/p>\n<p style=\"text-align: justify;\"><strong>Art\u00edculo 49<\/strong>. \u00a7 1. Para ser admitido al doctorado se requiere haber conseguido previamente la licenciatura.<\/p>\n<ul style=\"text-align: justify;\">\n<li>2. Para conseguir el doctorado se requiere adem\u00e1s una disertaci\u00f3n doctoral que contribuya efectivamente al progreso de la ciencia, que haya sido elaborada bajo la gu\u00eda de un profesor, discutida p\u00fablicamente, aprobada colegialmente y publicada al menos en su parte principal.<\/li>\n<\/ul>\n<p style=\"text-align: justify;\"><strong>Art\u00edculo 50<\/strong>. \u00a7 1. El doctorado es el grado acad\u00e9mico que habilita, y se requiere, para ense\u00f1ar en una Facultad; la licenciatura por su parte habilita, y se requiere, para ense\u00f1ar en un seminario mayor o en una instituci\u00f3n equivalente.<\/p>\n<ul style=\"text-align: justify;\">\n<li>2. Los grados acad\u00e9micos necesarios para desempe\u00f1ar los distintos oficios eclesi\u00e1sticos son establecidos por la competente autoridad eclesi\u00e1stica.<\/li>\n<\/ul>\n<p style=\"text-align: justify;\"><strong>Art\u00edculo 51<\/strong>. Concurriendo especiales m\u00e9ritos cient\u00edficos o culturales adquiridos en la promoci\u00f3n de las ciencias eclesi\u00e1sticas, se puede conceder a alguno el Doctorado\u00a0<em>honoris causa<\/em>.<\/p>\n<p style=\"text-align: justify;\"><strong>Art\u00edculo 52<\/strong>. Adem\u00e1s de los grados acad\u00e9micos, las Facultades pueden conceder otros t\u00edtulos, seg\u00fan la diversidad de las Facultades y sus respectivos planes de estudios.<\/p>\n<p style=\"text-align: justify;\"><strong>T\u00edtulo VIII<\/strong><\/p>\n<p style=\"text-align: justify;\"><strong>Cuestiones did\u00e1cticas<\/strong><\/p>\n<p style=\"text-align: justify;\"><strong>Art\u00edculo 53<\/strong>. Para la consecuci\u00f3n de los propios fines espec\u00edficos, y en particular para llevar a cabo la investigaci\u00f3n cient\u00edfica, en cada Universidad o Facultad habr\u00e1 una biblioteca adecuada, que responda a las necesidades de los profesores y alumnos, convenientemente ordenada y dotada de oportunos cat\u00e1logos.<\/p>\n<p style=\"text-align: justify;\"><strong>Art\u00edculo 54<\/strong>. Mediante la asignaci\u00f3n anual de una congrua suma de dinero, la biblioteca se enriquezca constantemente con libros antiguos y modernos, y tambi\u00e9n con las principales revistas, de manera que pueda servir eficazmente tanto para investigar y ense\u00f1ar las disciplinas, como para aprenderlas, lo mismo que para las ejercitaciones y seminarios.<\/p>\n<p style=\"text-align: justify;\"><strong>Art\u00edculo 55<\/strong>. Al frente de la biblioteca debe estar un perito en la materia, el cual ser\u00e1 ayudado por un consejo adecuado y participar\u00e1 oportunamente en los consejos de Universidad o Facultad.<\/p>\n<p style=\"text-align: justify;\"><strong>Art\u00edculo 56.<\/strong>\u00a0\u00a7 1. La Facultad debe disponer adem\u00e1s de medios inform\u00e1ticos, t\u00e9cnicos, audiovisuales, etc., que sirvan de ayuda para la ense\u00f1anza y la investigaci\u00f3n.<\/p>\n<ul style=\"text-align: justify;\">\n<li>2. En correspondencia con la naturaleza y la finalidad peculiares de la Universidad o Facultad haya tambi\u00e9n institutos de investigaci\u00f3n y laboratorios cient\u00edficos, as\u00ed como otros medios necesarios para conseguir el fin que les es propio.<\/li>\n<\/ul>\n<p style=\"text-align: justify;\"><strong>T\u00edtulo IX<\/strong><\/p>\n<p style=\"text-align: justify;\"><strong>Cuesti\u00f3n econ\u00f3mica<\/strong><\/p>\n<p style=\"text-align: justify;\"><strong>Art\u00edculo 57<\/strong>. La Universidad o Facultad debe disponer de medios econ\u00f3micos necesarios para la conveniente consecuci\u00f3n de su finalidad espec\u00edfica. Deber\u00e1 hacerse una descripci\u00f3n exacta del estado patrimonial y de los derechos de propiedad.<\/p>\n<p style=\"text-align: justify;\"><strong>Art\u00edculo 58<\/strong>. Los estatutos determinen, seg\u00fan las normas de la recta econom\u00eda, la funci\u00f3n del ec\u00f3nomo, as\u00ed como las competencias del rector o presidente y de los consejos en la gesti\u00f3n econ\u00f3mica de la Universidad o de la Facultad, con el fin de asegurar una sana administraci\u00f3n.<\/p>\n<p style=\"text-align: justify;\"><strong>Art\u00edculo 59<\/strong>. Al personal docente y no, se les d\u00e9 una congrua retribuci\u00f3n, teniendo en cuenta las costumbres vigentes en el territorio, incluso en lo que se refiere a la asistencia y a la seguridad social.<\/p>\n<p style=\"text-align: justify;\"><strong>Art\u00edculo 60<\/strong>. Los Estatutos determinen igualmente las normas generales sobre los modos de participaci\u00f3n de los estudiantes en los gastos de la Universidad o Facultad, mediante el pago de tasas acad\u00e9micas.<\/p>\n<p style=\"text-align: justify;\"><strong>T\u00edtulo X<\/strong><\/p>\n<p style=\"text-align: justify;\"><strong>Planificaci\u00f3n y cooperaci\u00f3n entre las facultades<\/strong><\/p>\n<p style=\"text-align: justify;\"><strong>Art\u00edculo 61<\/strong>. \u00a7 1. Debe ser cuidada diligentemente la llamada planificaci\u00f3n, con el fin de proveer tanto a la conservaci\u00f3n y al progreso de las Universidades o Facultades, como a su conveniente distribuci\u00f3n en las diversas partes del mundo.<\/p>\n<ul style=\"text-align: justify;\">\n<li>2. Para conseguir este fin, la Congregaci\u00f3n para la Educaci\u00f3n Cat\u00f3lica ser\u00e1 ayudada, con sus sugerencias, por las Conferencias Episcopales y por una comisi\u00f3n de expertos.<\/li>\n<\/ul>\n<p style=\"text-align: justify;\"><strong>Art\u00edculo 62<\/strong>. \u00a7 1. La erecci\u00f3n o aprobaci\u00f3n de una nueva Universidad o Facultad debe ser decidida por la Congregaci\u00f3n para la Educaci\u00f3n Cat\u00f3lica<a name=\"_ftnref81\"><\/a><a href=\"http:\/\/w2.vatican.va\/content\/francesco\/es\/apost_constitutions\/documents\/papa-francesco_costituzione-ap_20171208_veritatis-gaudium.html#_ftn81\">[81]<\/a>, cuando se est\u00e9 seguro de su necesidad o utilidad real y cuando se cumplan todos los requisitos, despu\u00e9s de o\u00edr tambi\u00e9n el parecer del Obispo diocesano o eparquial, de la Conferencia Episcopal y de los expertos, especialmente de las Facultades m\u00e1s pr\u00f3ximas.<\/p>\n<ul style=\"text-align: justify;\">\n<li>2. Para erigir can\u00f3nicamente una Universidad eclesi\u00e1stica son necesarias cuatro Facultades eclesi\u00e1sticas, para un Ateneo eclesi\u00e1stico tres Facultades eclesi\u00e1sticas.<\/li>\n<li>3. La Universidad eclesi\u00e1stica y la Facultad eclesi\u00e1stica\u00a0<em>sui iuris<\/em>gozan\u00a0<em>ipso iure<\/em>de personalidad jur\u00eddica p\u00fablica.<\/li>\n<li>4. Compete a la Congregaci\u00f3n para la Educaci\u00f3n Cat\u00f3lica conceder mediante un decreto la personalidad jur\u00eddica a una Facultad eclesi\u00e1stica que est\u00e9 en el seno de una Universidad civil.<\/li>\n<\/ul>\n<p style=\"text-align: justify;\"><strong>Art\u00edculo 63.<\/strong>\u00a0\u00a7 1. La afiliaci\u00f3n de un instituto a una Facultad para la consecuci\u00f3n del bachillerato ser\u00e1 decretada por la Congregaci\u00f3n para la Educaci\u00f3n Cat\u00f3lica, cuando se cumplan las condiciones establecidas por el mismo Dicasterio.<\/p>\n<ul style=\"text-align: justify;\">\n<li>2. Es muy de desear que los centros teol\u00f3gicos, sea de las di\u00f3cesis, sea de los institutos religiosos, se afilien a alguna Facultad teol\u00f3gica.<\/li>\n<\/ul>\n<p style=\"text-align: justify;\"><strong>Art\u00edculo 64<\/strong>. La agregaci\u00f3n y la incorporaci\u00f3n de un instituto a una Facultad para conseguir tambi\u00e9n grados acad\u00e9micos superiores ser\u00e1n decretadas por la Congregaci\u00f3n para la Educaci\u00f3n Cat\u00f3lica, cuando se cumplan las condiciones establecidas por el mismo Dicasterio.<\/p>\n<p style=\"text-align: justify;\"><strong>Art\u00edculo 65<\/strong>. Para la erecci\u00f3n de un Instituto Superior de Ciencias Religiosas se requiere el patrocinio de una Facultad de Teolog\u00eda seg\u00fan las normas peculiares, emanadas por la Congregaci\u00f3n para la Educaci\u00f3n Cat\u00f3lica.<\/p>\n<p style=\"text-align: justify;\"><strong>Art\u00edculo 66<\/strong>. La colaboraci\u00f3n entre Facultades, bien sea de una misma Universidad, bien de una misma regi\u00f3n o de un territorio m\u00e1s amplio, deber\u00e1 ser promovida diligentemente<a name=\"_ftnref82\"><\/a><a href=\"http:\/\/w2.vatican.va\/content\/francesco\/es\/apost_constitutions\/documents\/papa-francesco_costituzione-ap_20171208_veritatis-gaudium.html#_ftn82\">[82]<\/a>. En efecto, ello ser\u00e1 de gran ayuda para fomentar la investigaci\u00f3n cient\u00edfica de los profesores y la mejor formaci\u00f3n de los alumnos, as\u00ed como para conseguir la com\u00fanmente llamada \u00abrelaci\u00f3n interdisciplinar\u00bb, que se hace cada vez m\u00e1s necesaria; igualmente para desarrollar la \u00abcomplementariedad\u00bb entre las distintas Facultades; en general, para lograr la penetraci\u00f3n de la sabidur\u00eda cristiana en toda la cultura.<\/p>\n<p style=\"text-align: justify;\"><strong>Art\u00edculo 67<\/strong>. Cuando una Universidad o una Facultad eclesi\u00e1stica no est\u00e9 cumpliendo las condiciones que fueron requeridas para su erecci\u00f3n o aprobaci\u00f3n, compete a la Congregaci\u00f3n para la Educaci\u00f3n Cat\u00f3lica, notificado previamente al Gran Canciller, y al Rector o Presidente seg\u00fan las circunstancias, y luego de tener el parecer del Obispo diocesano o eparquial y de la Conferencia Episcopal, tomar la decisi\u00f3n sobre la suspensi\u00f3n de los derechos acad\u00e9micos, sobre la revocaci\u00f3n de la aprobaci\u00f3n como Universidad o Facultad eclesi\u00e1stica o sobre la supresi\u00f3n definitiva de la instituci\u00f3n.<\/p>\n<p style=\"text-align: justify;\"><strong>Segunda Parte<\/strong><\/p>\n<p style=\"text-align: justify;\"><strong>NORMAS ESPECIALES<\/strong><\/p>\n<p style=\"text-align: justify;\"><strong>Art\u00edculo 68<\/strong>. Adem\u00e1s de las normas comunes a todas las Facultades eclesi\u00e1sticas, establecidas en la primera parte de esta Constituci\u00f3n, se dan aqu\u00ed las normas especiales para algunas Facultades, teniendo en cuenta su peculiar naturaleza e importancia dentro de la Iglesia.<\/p>\n<p style=\"text-align: justify;\"><strong>T\u00edtulo I<\/strong><\/p>\n<p style=\"text-align: justify;\"><strong>La Facultad de Teolog\u00eda<\/strong><\/p>\n<p style=\"text-align: justify;\"><strong>Art\u00edculo 69.<\/strong>\u00a0La Facultad de Teolog\u00eda tiene como finalidad profundizar y estudiar sistem\u00e1ticamente con su propio m\u00e9todo la doctrina cat\u00f3lica, sacada de la divina Revelaci\u00f3n con m\u00e1xima diligencia; y tambi\u00e9n el de buscar diligentemente las soluciones de los problemas humanos a la luz de la misma Revelaci\u00f3n.<\/p>\n<p style=\"text-align: justify;\"><strong>Art\u00edculo 70<\/strong>. \u00a7 1. El estudio de la Sagrada Escritura debe ser como el alma de la Teolog\u00eda, la cual se basa, como fundamento perenne, sobre la Palabra de Dios escrita junto con la Tradici\u00f3n viva<a name=\"_ftnref83\"><\/a><a href=\"http:\/\/w2.vatican.va\/content\/francesco\/es\/apost_constitutions\/documents\/papa-francesco_costituzione-ap_20171208_veritatis-gaudium.html#_ftn83\">[83]<\/a>.<\/p>\n<ul style=\"text-align: justify;\">\n<li>2. Todas las disciplinas teol\u00f3gicas deben ser ense\u00f1adas de modo que, de las razones internas del objeto propio de cada una y en conexi\u00f3n con las dem\u00e1s disciplinas de la Facultad, como el derecho can\u00f3nico y la filosof\u00eda, incluso con las ciencias antropol\u00f3gicas, resulte bien clara la unidad de toda la ense\u00f1anza teol\u00f3gica; y todas las disciplinas converjan hacia el conocimiento \u00edntimo del misterio de Cristo, para que as\u00ed pueda ser anunciado m\u00e1s eficazmente al Pueblo de Dios y a todas las gentes<a name=\"_ftnref84\"><\/a><a href=\"http:\/\/w2.vatican.va\/content\/francesco\/es\/apost_constitutions\/documents\/papa-francesco_costituzione-ap_20171208_veritatis-gaudium.html#_ftn84\">[84]<\/a>.<\/li>\n<\/ul>\n<p style=\"text-align: justify;\"><strong>Art\u00edculo 71<\/strong>. \u00a7 1. La Verdad revelada debe ser considerada tambi\u00e9n en conexi\u00f3n con los adelantos cient\u00edficos del tiempo presente, para que se comprenda claramente \u00abc\u00f3mo la fe y la raz\u00f3n se encuentran en la \u00fanica verdad\u00bb<a name=\"_ftnref85\"><\/a><a href=\"http:\/\/w2.vatican.va\/content\/francesco\/es\/apost_constitutions\/documents\/papa-francesco_costituzione-ap_20171208_veritatis-gaudium.html#_ftn85\">[85]<\/a>\u00a0y su exposici\u00f3n sea tal, que, sin mutaci\u00f3n de la verdad, se adapte a la naturaleza y a la \u00edndole de cada cultura, teniendo especialmente en cuenta la filosof\u00eda y la sabidur\u00eda de los pueblos, excluyendo no obstante cualquier forma de sincretismo o de falso particularismo<a name=\"_ftnref86\"><\/a><a href=\"http:\/\/w2.vatican.va\/content\/francesco\/es\/apost_constitutions\/documents\/papa-francesco_costituzione-ap_20171208_veritatis-gaudium.html#_ftn86\">[86]<\/a>.<\/p>\n<ul style=\"text-align: justify;\">\n<li>2. Se deben investigar, escoger y tomar con cuidado los valores positivos que se encuentran en las distintas filosof\u00edas y culturas; pero no se deben aceptar sistemas y m\u00e9todos que no puedan conciliarse con la fe cristiana.<\/li>\n<\/ul>\n<p style=\"text-align: justify;\"><strong>Art\u00edculo 72<\/strong>. \u00a7 1. Las cuestiones ecum\u00e9nicas deben ser tratadas cuidadosamente seg\u00fan las normas emanadas de la competente autoridad eclesi\u00e1stica<a name=\"_ftnref87\"><\/a><a href=\"http:\/\/w2.vatican.va\/content\/francesco\/es\/apost_constitutions\/documents\/papa-francesco_costituzione-ap_20171208_veritatis-gaudium.html#_ftn87\">[87]<\/a>.<\/p>\n<ul style=\"text-align: justify;\">\n<li>2. Las relaciones con las religiones no cristianas hay que considerarlas con atenci\u00f3n.<\/li>\n<li>3. Ser\u00e1n examinados con escrupulosa diligencia los problemas que nacen del ate\u00edsmo y de otras corrientes de la cultura contempor\u00e1nea.<\/li>\n<\/ul>\n<p style=\"text-align: justify;\"><strong>Art\u00edculo 73<\/strong>. En el estudio y la ense\u00f1anza de la doctrina cat\u00f3lica aparezca bien clara la fidelidad al Magisterio de la Iglesia. En el cumplimiento de la misi\u00f3n de ense\u00f1ar, especialmente en el ciclo institucional, se impartan ante todo las ense\u00f1anzas que se refieren al patrimonio adquirido de la Iglesia. Las opiniones probables y personales que derivan de las nuevas investigaciones sean propuestas modestamente como tales.<\/p>\n<p style=\"text-align: justify;\"><strong>Art\u00edculo 74<\/strong>. El plan de estudios de las Facultades de Teolog\u00eda comprende:<\/p>\n<ol style=\"text-align: justify;\">\n<li>a) el primer ciclo, institucional, que dura un quinquenio o diez semestres, o tambi\u00e9n un trienio o seis semestres, si anteriormente se ha exigido un bienio de filosof\u00eda.<\/li>\n<\/ol>\n<p style=\"text-align: justify;\">Los primeros dos a\u00f1os han de ser dedicados, en mayor manera, a una s\u00f3lida formaci\u00f3n filos\u00f3fica, necesaria para afrontar adecuadamente el estudio de la teolog\u00eda. El Bachillerato obtenido en una Facultad eclesi\u00e1stica de Filosof\u00eda sustituye a los cursos de filosof\u00eda del primer ciclo en las Facultades teol\u00f3gicas. El Bachillerato en Filosof\u00eda, obtenido en una Facultad no eclesi\u00e1stica, no supone un motivo para dispensar completamente a un estudiante de los cursos filos\u00f3ficos del primer ciclo en las Facultades teol\u00f3gicas.<\/p>\n<p style=\"text-align: justify;\">Las disciplinas teol\u00f3gicas deben ser ense\u00f1adas de modo que se ofrezca una exposici\u00f3n org\u00e1nica de toda la doctrina cat\u00f3lica junto con la introducci\u00f3n al m\u00e9todo de la investigaci\u00f3n cient\u00edfica.<\/p>\n<p style=\"text-align: justify;\">El ciclo se concluye con el grado acad\u00e9mico del Bachillerato o con otro grado similar tal como se precisar\u00e1 en los Estatutos de la Facultad.<\/p>\n<ol style=\"text-align: justify;\">\n<li><em>b)<\/em>el segundo ciclo, de especializaci\u00f3n, dura un bienio o cuatro semestres.<\/li>\n<\/ol>\n<p style=\"text-align: justify;\">En \u00e9l se ense\u00f1an las disciplinas peculiares seg\u00fan la diversa \u00edndole de la especializaci\u00f3n y se tienen seminarios y ejercitaciones para conseguir pr\u00e1ctica en la investigaci\u00f3n cient\u00edfica.<\/p>\n<p style=\"text-align: justify;\">El ciclo se concluye con el grado acad\u00e9mico de la Licenciatura especializada;<\/p>\n<ol style=\"text-align: justify;\">\n<li><em>c)<\/em>el tercer ciclo en el cual, durante un per\u00edodo de tiempo congruo, se perfecciona la formaci\u00f3n cient\u00edfica, especialmente a trav\u00e9s de la elaboraci\u00f3n de la tesis doctoral.<\/li>\n<\/ol>\n<p style=\"text-align: justify;\">El ciclo se concluye con el grado acad\u00e9mico del Doctorado.<\/p>\n<p style=\"text-align: justify;\"><strong>Art\u00edculo 75<\/strong>. \u00a7 1. Para que uno pueda inscribirse v\u00e1lidamente en la Facultad de Teolog\u00eda es necesario que haya terminado los estudios precedentes, exigidos a norma del art. 32 de esta Constituci\u00f3n.<\/p>\n<ul style=\"text-align: justify;\">\n<li>2. All\u00ed donde el primer ciclo de la Facultad es trienal, el alumno debe presentar el certificado del bienio filos\u00f3fico, regularmente cursado en una Facultad filos\u00f3fica o instituto aprobados.<\/li>\n<\/ul>\n<p style=\"text-align: justify;\"><strong>Art\u00edculo 76<\/strong>. \u00a7 1. La Facultad de Teolog\u00eda tiene la misi\u00f3n particular de cuidar la cient\u00edfica formaci\u00f3n teol\u00f3gica de aquellos que se preparan al presbiterado y de aquellos que se preparan para desempe\u00f1ar cargos eclesi\u00e1sticos especiales. Por ello es necesario que exista un congruo n\u00famero de profesores presb\u00edteros.<\/p>\n<ul style=\"text-align: justify;\">\n<li>2. Con este fin, deben darse tambi\u00e9n disciplinas adaptadas a los seminaristas: es m\u00e1s, puede instituirse oportunamente por la misma Facultad el \u00abA\u00f1o de pastoral\u00bb, que se exige, despu\u00e9s de haber terminado el quinquenio institucional, para el presbiterado, y puede concluirse con la concesi\u00f3n de un diploma especial.<\/li>\n<\/ul>\n<p style=\"text-align: justify;\"><strong>T\u00edtulo II<\/strong><\/p>\n<p style=\"text-align: justify;\"><strong>La Facultad de Derecho Can\u00f3nico<\/strong><\/p>\n<p style=\"text-align: justify;\"><strong>Art\u00edculo 77<\/strong>. La Facultad de Derecho Can\u00f3nico, latino u oriental, tiene como finalidad estudiar y promover las disciplinas can\u00f3nicas a la luz de la ley evang\u00e9lica e instruir a fondo en las mismas a los alumnos para que est\u00e9n formados para la investigaci\u00f3n y la ense\u00f1anza y est\u00e9n tambi\u00e9n preparados para desempe\u00f1ar especiales cargos eclesi\u00e1sticos.<\/p>\n<p style=\"text-align: justify;\"><strong>Art\u00edculo 78<\/strong>. El curr\u00edculo de estudios de una Facultad de derecho can\u00f3nico comprende:<\/p>\n<ol style=\"text-align: justify;\">\n<li>a) el primer ciclo, que debe durar cuatro semestres o un bienio, para los que no tienen una formaci\u00f3n filos\u00f3fico-teol\u00f3gica, sin excepci\u00f3n alguna para los que ya tienen un t\u00edtulo acad\u00e9mico en derecho civil; en este ciclo se han de dedicar al estudio de las instituciones de derecho can\u00f3nico y a las disciplinas filos\u00f3ficas y teol\u00f3gicas que se requieren para una formaci\u00f3n jur\u00eddica superior;<\/li>\n<li>b) el segundo ciclo, que debe durar seis semestres o un trienio, est\u00e1 dedicado a un estudio m\u00e1s profundo del C\u00f3digo en todas sus expresiones, normativas, de jurisprudencia, doctrinales y de praxis, y, principalmente de los C\u00f3digos de la Iglesia Latina o de las Iglesias Orientales, a trav\u00e9s del estudio de sus fuentes, tanto magisteriales como disciplinares, a\u00f1adiendo el estudio de materias afines;<\/li>\n<li>c) el tercer ciclo, que abarca un per\u00edodo congruo de tiempo, en el que se perfecciona la formaci\u00f3n jur\u00eddica necesaria para la investigaci\u00f3n cient\u00edfica encaminada a la elaboraci\u00f3n de la disertaci\u00f3n doctoral.<\/li>\n<\/ol>\n<p style=\"text-align: justify;\"><strong>Art\u00edculo 79<\/strong>. \u00a7 1. Para las disciplinas prescritas en el primer ciclo, la Facultad puede servirse de los cursos tenidos en otras Facultades, siempre que sean reconocidos por ella como correspondientes a las propias exigencias.<\/p>\n<ul style=\"text-align: justify;\">\n<li>2. El segundo ciclo se concluye con la licenciatura y el tercero con el doctorado.<\/li>\n<li>3. El plan de estudios de la Facultad debe definir los requisitos particulares para la consecuci\u00f3n de los grados acad\u00e9micos, habida cuenta de las prescripciones de la Congregaci\u00f3n para la Educaci\u00f3n Cat\u00f3lica.<\/li>\n<\/ul>\n<p style=\"text-align: justify;\"><strong>Art\u00edculo 80<\/strong>. Para que uno pueda inscribirse en la Facultad de Derecho Can\u00f3nico es necesario que haya terminado los estudios exigidos, a tenor del art. 32 de esta Constituci\u00f3n.<\/p>\n<p style=\"text-align: justify;\"><strong>T\u00edtulo III<\/strong><\/p>\n<p style=\"text-align: justify;\"><strong>La Facultad de Filosof\u00eda<\/strong><\/p>\n<p style=\"text-align: justify;\"><strong>Art\u00edculo 81<\/strong>. \u00a7 1. La Facultad eclesi\u00e1stica de Filosof\u00eda tiene como finalidad investigar con m\u00e9todo cient\u00edfico los problemas filos\u00f3ficos y, bas\u00e1ndose en el patrimonio filos\u00f3fico perennemente v\u00e1lido, buscar su soluci\u00f3n a la luz natural de la raz\u00f3n, y demostrar su coherencia con la visi\u00f3n cristiana del mundo, del hombre y de Dios, poniendo de relieve las relaciones de la filosof\u00eda con la teolog\u00eda.<\/p>\n<ul style=\"text-align: justify;\">\n<li>2. Se propone asimismo instruir a los alumnos en orden a hacerlos id\u00f3neos para la ense\u00f1anza y para desarrollar convenientemente otras actividades intelectuales, as\u00ed como para promover la cultura cristiana y entablar un fructuoso di\u00e1logo con los hombres de nuestro tiempo.<\/li>\n<\/ul>\n<p style=\"text-align: justify;\"><strong>Art\u00edculo 82<\/strong>. El curr\u00edculum de los estudios de la Facultad de Filosof\u00eda comprende:<\/p>\n<ol style=\"text-align: justify;\">\n<li>a) el primer ciclo institucional, durante el cual a lo largo de un trienio o seis semestres, se hace una exposici\u00f3n org\u00e1nica de las distintas partes de la filosof\u00eda que tratan del mundo, del hombre y de Dios, como tambi\u00e9n de la historia de la filosof\u00eda, juntamente con la introducci\u00f3n al m\u00e9todo de investigaci\u00f3n cient\u00edfica;<\/li>\n<li>b) el segundo ciclo, en el cual se inicia la especializaci\u00f3n y durante el cual, por espacio de un bienio o cuatro semestres y mediante el estudio de disciplinas especiales y seminarios, se abre camino a una reflexi\u00f3n m\u00e1s profunda sobre alguna parte de la filosof\u00eda;<\/li>\n<li>c) el tercer ciclo, en el cual, durante un per\u00edodo de al menos tres a\u00f1os, se promueve la madurez filos\u00f3fica, especialmente a trav\u00e9s de la elaboraci\u00f3n de la tesis doctoral.<\/li>\n<\/ol>\n<p style=\"text-align: justify;\"><strong>Art\u00edculo 83<\/strong>. El primer ciclo se concluye con el bachillerato, el segundo con la licenciatura especializada, el tercero con el doctorado.<\/p>\n<p style=\"text-align: justify;\"><strong>Art\u00edculo 84<\/strong>. Para que uno pueda inscribirse al primer ciclo de la Facultad de Filosof\u00eda es necesario que haya terminado antes los estudios requeridos a tenor del art. 32 de esta Constituci\u00f3n Apost\u00f3lica.<\/p>\n<p style=\"text-align: justify;\">Dado el caso de un estudiante, que habiendo completado con \u00e9xito los cursos regulares de filosof\u00eda del primer ciclo en una Facultad Teol\u00f3gica, quisiera proseguir los estudios filos\u00f3ficos para obtener el Bachillerato en una Facultad eclesi\u00e1stica de Filosof\u00eda, se deber\u00e1 tener en cuenta los cursos aprobados durante el mencionado ciclo.<\/p>\n<p style=\"text-align: justify;\"><strong>T\u00edtulo IV<\/strong><\/p>\n<p style=\"text-align: justify;\"><strong>Otras facultades<\/strong><\/p>\n<p style=\"text-align: justify;\"><strong>Art\u00edculo 85<\/strong>. Adem\u00e1s de las Facultades de Teolog\u00eda, de Derecho Can\u00f3nico y de Filosof\u00eda, han sido erigidas o pueden ser erigidas can\u00f3nicamente otras Facultades eclesi\u00e1sticas, teniendo en cuenta las necesidades de la Iglesia, con objeto de conseguir algunas finalidades particulares, como por ejemplo:<\/p>\n<ol style=\"text-align: justify;\">\n<li>a) un conocimiento profundo en algunas disciplinas de mayor importancia entre las disciplinas teol\u00f3gicas, jur\u00eddicas, filos\u00f3ficas e hist\u00f3ricas;<\/li>\n<li>b) la promoci\u00f3n de otras ciencias, en primer lugar las ciencias humanas, que tengan m\u00e1s estrecha conexi\u00f3n con las disciplinas teol\u00f3gicas o con la labor de evangelizaci\u00f3n;<\/li>\n<li>c) el estudio profundo de las letras, que ayuden de modo especial tanto a comprender mejor la Revelaci\u00f3n cristiana, como a desarrollar con mayor eficacia la tarea de evangelizaci\u00f3n;<\/li>\n<li>d) finalmente, una m\u00e1s cuidada preparaci\u00f3n tanto de los cl\u00e9rigos como de los seglares para desempe\u00f1ar dignamente algunas funciones apost\u00f3licas especiales.<\/li>\n<\/ol>\n<p style=\"text-align: justify;\"><strong>Art\u00edculo 86<\/strong>. Ser\u00e1 incumbencia de la Congregaci\u00f3n para la Educaci\u00f3n Cat\u00f3lica emanar oportunamente normas especiales para estas Facultades o institutos, al igual que se ha dicho en los t\u00edtulos precedentes para las Facultades de Teolog\u00eda, Derecho Can\u00f3nico y Filosof\u00eda.<\/p>\n<p style=\"text-align: justify;\"><strong>Art\u00edculo 87<\/strong>. Tambi\u00e9n las Facultades y los Institutos para los cuales no han sido dadas a\u00fan normas especiales, deben redactar los propios estatutos en conformidad con las normas comunes establecidas en la primera parte de esta Constituci\u00f3n y teniendo en cuenta la naturaleza particular y las finalidades espec\u00edficas de cada Facultad o Instituto.<\/p>\n<p style=\"text-align: justify;\"><strong>Normas finales<\/strong><\/p>\n<p style=\"text-align: justify;\"><strong>Art\u00edculo 88<\/strong>. La presente Constituci\u00f3n entrar\u00e1 en vigor el primer d\u00eda del a\u00f1o acad\u00e9mico 2018-2019 o del a\u00f1o acad\u00e9mico 2019, seg\u00fan el calendario acad\u00e9mico de las distintas regiones.<\/p>\n<p style=\"text-align: justify;\"><strong>Art\u00edculo 89<\/strong>. \u00a7 1. Todas las Universidades o Facultades deben presentar los propios Estatutos y los Planes de estudio de cada Facultad, revisados conforme a esta Constituci\u00f3n, en la Congregaci\u00f3n para la Educaci\u00f3n Cat\u00f3lica antes del d\u00eda 8 de diciembre de 2019.<\/p>\n<ul style=\"text-align: justify;\">\n<li>2. Para eventuales modificaciones de los Estatutos o de los Planes de estudio se deber\u00e1 contar siempre con la aprobaci\u00f3n de la Congregaci\u00f3n para la Educaci\u00f3n Cat\u00f3lica.<\/li>\n<\/ul>\n<p style=\"text-align: justify;\"><strong>Art\u00edculo 90<\/strong>. En todas las Facultades deben ordenarse los estudios, de manera que los alumnos puedan conseguir los grados acad\u00e9micos seg\u00fan las normas de esta Constituci\u00f3n, quedando a salvo los derechos anteriormente adquiridos por los mismos estudiantes.<\/p>\n<p style=\"text-align: justify;\"><strong>Art\u00edculo 91<\/strong>. Los Estatutos y los Planos de estudio de las nuevas Facultades deber\u00e1n ser aprobados\u00a0<em>ad experimentum<\/em>, de modo que, tres a\u00f1os despu\u00e9s de la aprobaci\u00f3n, puedan ser perfeccionados para obtener la aprobaci\u00f3n definitiva.<\/p>\n<p style=\"text-align: justify;\"><strong>Art\u00edculo 92<\/strong>. Las Facultades que tienen vinculaci\u00f3n jur\u00eddica con las autoridades civiles podr\u00e1n, si es necesario, disponer de un per\u00edodo m\u00e1s largo de tiempo para revisar los estatutos, con la aprobaci\u00f3n de la Congregaci\u00f3n para la Educaci\u00f3n Cat\u00f3lica.<\/p>\n<p style=\"text-align: justify;\"><strong>Art\u00edculo 93<\/strong>. \u00a7 1. Ser\u00e1 incumbencia de la Congregaci\u00f3n para la Educaci\u00f3n Cat\u00f3lica, cuando pasando el tiempo lo pidan las circunstancias, proponer los cambios que se deban introducir en esta Constituci\u00f3n, a fin de que la misma se adapte continuamente a las nuevas exigencias de las Facultades eclesi\u00e1sticas.<\/p>\n<ul style=\"text-align: justify;\">\n<li>2. Solo la Congregaci\u00f3n para la Educaci\u00f3n Cat\u00f3lica podr\u00e1 dispensar sobre la observancia de cualquier art\u00edculo de esta Constituci\u00f3n o de las\u00a0<em>Ordinationes<\/em>, como tambi\u00e9n de los Estatutos y de los Planes de estudio aprobados por una Universidad o por una Facultad.<\/li>\n<\/ul>\n<p style=\"text-align: justify;\"><strong>Art\u00edculo 94<\/strong>. Las leyes o las costumbres actualmente en vigor, pero que est\u00e1n en contraste con esta Constituci\u00f3n, bien sean universales, bien sean particulares, aunque sean dignas de especial\u00edsima y particular menci\u00f3n, quedan abrogadas. Asimismo los privilegios concedidos hasta ahora por la Santa Sede a personas f\u00edsicas o morales y que est\u00e1n en contraste con las prescripciones de esta misma Constituci\u00f3n, quedan totalmente abrogados.<\/p>\n<p style=\"text-align: justify;\">Todo lo que he deliberado con la presente Constituci\u00f3n Apost\u00f3lica ordeno que se observe en todas sus partes, no obstante cualquiera disposici\u00f3n contraria, aunque fuera digna de menci\u00f3n especial, y establezco que se publique en el comentario oficial\u00a0<em>Acta Apostolic\u00e6 Sedis<\/em>.<\/p>\n<p style=\"text-align: justify;\"><em>Dado en Roma, en San Pedro, el d\u00eda 8 de diciembre, Solemnidad de la Inmaculada Concepci\u00f3n de la Sant\u00edsima Virgen Mar\u00eda, a\u00f1o 2017, V de mi Pontificado.<\/em><\/p>\n<p style=\"text-align: justify;\">\n<p style=\"text-align: justify;\"><strong>FRANCISCUS<\/strong><\/p>\n<p style=\"text-align: justify;\">\n<p style=\"text-align: justify;\">\n<p style=\"text-align: justify;\"><strong>AP\u00c9NDICE I<\/strong><\/p>\n<p style=\"text-align: justify;\"><strong>PROEMIO DE LA CONSTITUCI\u00d3N APOST\u00d3LICA\u00a0<em>SAPIENTIA CHRISTIANA<\/em>\u00a0(1979)<\/strong><\/p>\n<p style=\"text-align: justify;\">La sabidur\u00eda cristiana, que por mandato divino ense\u00f1a la Iglesia, estimula continuamente a los fieles para que se esfuercen por lograr una s\u00edntesis vital de los problemas y de las actividades humanas con los valores religiosos, bajo cuya ordenaci\u00f3n todas las cosas est\u00e1n unidas entre s\u00ed para la gloria de Dios y para el desarrollo integral del hombre en cuanto a los bienes del cuerpo y del esp\u00edritu<a name=\"_ftnref88\"><\/a><a href=\"http:\/\/w2.vatican.va\/content\/francesco\/es\/apost_constitutions\/documents\/papa-francesco_costituzione-ap_20171208_veritatis-gaudium.html#_ftn88\">[88]<\/a>.<\/p>\n<p style=\"text-align: justify;\">En efecto, la misi\u00f3n de evangelizar, que es propia de la Iglesia, exige no s\u00f3lo que el Evangelio se predique en \u00e1mbitos geogr\u00e1ficos cada vez m\u00e1s amplios y a grupos humanos cada vez m\u00e1s numerosos, sino tambi\u00e9n que sean informados por la fuerza del mismo Evangelio el sistema de pensar, los criterios de juicio y las normas de actuaci\u00f3n; en una palabra, es necesario que toda la cultura humana sea henchida por el Evangelio<a name=\"_ftnref89\"><\/a><a href=\"http:\/\/w2.vatican.va\/content\/francesco\/es\/apost_constitutions\/documents\/papa-francesco_costituzione-ap_20171208_veritatis-gaudium.html#_ftn89\">[89]<\/a>.<\/p>\n<p style=\"text-align: justify;\">Porque el medio cultural en el cual vive el hombre ejerce una gran presi\u00f3n sobre su modo de pensar y consecuentemente sobre su manera de obrar; por lo cual la divisi\u00f3n entre la fe y la cultura es un impedimento bastante grave para la evangelizaci\u00f3n, como, por el contrario, una cultura imbuida de verdadero esp\u00edritu cristiano es un instrumento que favorece la difusi\u00f3n del Evangelio.<\/p>\n<p style=\"text-align: justify;\">Adem\u00e1s, el Evangelio, en cuanto destinado a los pueblos de cualquier edad y regi\u00f3n, no est\u00e1 vinculado exclusivamente con ninguna cultura particular, sino que es capaz de penetrar todas las culturas de tal forma que las ilumina con la luz de la divina Revelaci\u00f3n, purifica las costumbres de los hombres y las restaura en Cristo.<\/p>\n<p style=\"text-align: justify;\">Por eso la Iglesia de Cristo se esfuerza en llevar el Evangelio a todo el g\u00e9nero humano, de tal forma que pueda aqu\u00e9l transformar la conciencia de cada uno y de todos los hombres en general, y ba\u00f1ar con su luz sus obras, sus proyectos, su vida entera y todo el contexto social en que se desenvuelven. De este modo, al promover tambi\u00e9n la cultura humana, cumple su propia misi\u00f3n evangelizadora<a name=\"_ftnref90\"><\/a><a href=\"http:\/\/w2.vatican.va\/content\/francesco\/es\/apost_constitutions\/documents\/papa-francesco_costituzione-ap_20171208_veritatis-gaudium.html#_ftn90\">[90]<\/a><u>.<\/u><\/p>\n<p style=\"text-align: justify;\"><strong>II<\/strong><\/p>\n<p style=\"text-align: justify;\">En esta acci\u00f3n de la Iglesia respecto a la cultura tuvieron particular importancia y siguen teni\u00e9ndola las Universidades Cat\u00f3licas, las cuales por su naturaleza tienden a esto: que \u00abse haga, por decirlo as\u00ed, p\u00fablica, estable y universal la presencia del pensamiento cristiano en todo esfuerzo encaminado a promover la cultura superior\u00bb<a name=\"_ftnref91\"><\/a><a href=\"http:\/\/w2.vatican.va\/content\/francesco\/es\/apost_constitutions\/documents\/papa-francesco_costituzione-ap_20171208_veritatis-gaudium.html#_ftn91\">[91]<\/a>.<\/p>\n<p style=\"text-align: justify;\">Efectivamente, en la Iglesia \u2014como bien recuerda mi predecesor P\u00edo XI, de feliz memoria, en el proemio de la Constituci\u00f3n Apost\u00f3lica<em>\u00a0<\/em><a href=\"http:\/\/w2.vatican.va\/content\/pius-xi\/la\/apost_constitutions\/documents\/hf_p-xi_apc_19310524_deus-scientiarum-dominus.html\"><em>Deus scientiarum Dominus<\/em><\/a><a name=\"_ftnref92\"><\/a><a href=\"http:\/\/w2.vatican.va\/content\/francesco\/es\/apost_constitutions\/documents\/papa-francesco_costituzione-ap_20171208_veritatis-gaudium.html#_ftn92\">[92]<\/a>\u2014 aparecieron ya en sus primeros tiempos los\u00a0<em>didascaleia<\/em>, con el fin de ense\u00f1ar la sabidur\u00eda cristiana destinada a imbuir la vida y las costumbres humanas. En estos centros de sabidur\u00eda cristiana bebieron su ciencia los m\u00e1s ilustres Padres y Doctores de la Iglesia, los maestros y los escritores eclesi\u00e1sticos.<\/p>\n<p style=\"text-align: justify;\">Con el correr de los tiempos, gracias al sol\u00edcito empe\u00f1o de los obispos y de los monjes, se fundaron cerca de las iglesias catedrales y de los monasterios las escuelas, que promov\u00edan tanto la doctrina eclesi\u00e1stica como la cultura profana, como un todo \u00fanico. De tales escuelas surgieron las Universidades, gloriosa instituci\u00f3n de la Edad Media que desde su origen tuvo a la Iglesia como madre y protectora generos\u00edsima.<\/p>\n<p style=\"text-align: justify;\">Cuando m\u00e1s adelante las autoridades civiles, sol\u00edcitas del bien com\u00fan, comenzaron a crear y promover universidades propias, la Iglesia, seg\u00fan exigencias de su misma naturaleza, no ces\u00f3 de crear y fomentar estos centros de sabidur\u00eda cristiana e institutos de ense\u00f1anza, como lo demuestran no pocas Universidades Cat\u00f3licas erigidas, incluso en \u00e9poca reciente, en casi todas las partes del mundo. En efecto la Iglesia, consciente de su misi\u00f3n salv\u00edfica en el mundo, desea tener particularmente vinculados a s\u00ed estos centros de instrucci\u00f3n superior y quiere que sean florecientes y eficaces por doquier para que hagan presente y hagan tambi\u00e9n progresar el aut\u00e9ntico mensaje de Cristo en el campo de la cultura humana.<\/p>\n<p style=\"text-align: justify;\">Con el fin de que las Universidades Cat\u00f3licas consiguieran mejor esta finalidad, mi predecesor P\u00edo XII, trat\u00f3 de estimular su com\u00fan colaboraci\u00f3n cuando, con el Breve Apost\u00f3lico del 27 de julio de 1949, constituy\u00f3 formalmente la Federaci\u00f3n de las Universidades Cat\u00f3licas, la cual \u00abpueda abarcar todos los ateneos que o bien la misma Santa Sede erigi\u00f3 o erigir\u00e1 can\u00f3nicamente en el mundo o bien haya reconocido expl\u00edcitamente como orientados seg\u00fan los principios de la educaci\u00f3n cat\u00f3lica y del todo conformes con ella\u00bb<a name=\"_ftnref93\"><\/a><a href=\"http:\/\/w2.vatican.va\/content\/francesco\/es\/apost_constitutions\/documents\/papa-francesco_costituzione-ap_20171208_veritatis-gaudium.html#_ftn93\">[93]<\/a>.<\/p>\n<p style=\"text-align: justify;\">De ah\u00ed que el Concilio Vaticano II no haya dudado en afirmar que \u00abla Iglesia cat\u00f3lica sigue con mucha atenci\u00f3n estas escuelas de grado superior\u00bb, recomendando vivamente \u00abque se promuevan Universidades Cat\u00f3licas convenientemente distribuidas en todas las partes de la tierra\u00bb para que en ellas \u00ablos alumnos puedan formarse como hombres de aut\u00e9ntico prestigio por su doctrina, preparados para desempe\u00f1ar las funciones m\u00e1s importantes en la sociedad y atestiguar en el mundo su propia fe\u00bb<a name=\"_ftnref94\"><\/a><a href=\"http:\/\/w2.vatican.va\/content\/francesco\/es\/apost_constitutions\/documents\/papa-francesco_costituzione-ap_20171208_veritatis-gaudium.html#_ftn94\">[94]<\/a>. En efecto, la Iglesia sabe muy bien que la \u00absuerte de la sociedad y de la misma Iglesia est\u00e1 \u00edntimamente unida con el aprovechamiento de los j\u00f3venes dedicados a los estudios superiores\u00bb<a name=\"_ftnref95\"><\/a><a href=\"http:\/\/w2.vatican.va\/content\/francesco\/es\/apost_constitutions\/documents\/papa-francesco_costituzione-ap_20171208_veritatis-gaudium.html#_ftn95\">[95]<\/a>.<\/p>\n<p style=\"text-align: justify;\"><strong>III<\/strong><\/p>\n<p style=\"text-align: justify;\">Sin embargo no es de extra\u00f1ar que, entre las Universidades Cat\u00f3licas, la Iglesia haya promovido siempre con empe\u00f1o particular las\u00a0<em>Facultades<\/em>\u00a0y las\u00a0<em>Universidades<\/em>\u00a0<em>Eclesi\u00e1sticas<\/em>, es decir, aquellas que se ocupan especialmente de la Revelaci\u00f3n cristiana y de las cuestiones relacionadas con la misma y que por tanto est\u00e1n m\u00e1s estrechamente unidas con la propia misi\u00f3n evangelizadora.<\/p>\n<p style=\"text-align: justify;\">A estas Facultades ha confiado ante todo la important\u00edsima misi\u00f3n de preparar con cuidado particular a sus propios alumnos para el ministerio sacerdotal, la ense\u00f1anza de las ciencias sagradas y las funciones m\u00e1s arduas del apostolado. Concierne asimismo a estas Facultades \u00abel investigar m\u00e1s a fondo los distintos campos de las disciplinas sagradas, de forma que se logre una inteligencia cada d\u00eda m\u00e1s profunda de la sagrada Revelaci\u00f3n, se abra acceso m\u00e1s amplio al patrimonio de la sabidur\u00eda cristiana legado por nuestros mayores, se promueva el di\u00e1logo con los hermanos separados y con los no cristianos y se responda a los problemas suscitados por el progreso de las ciencias\u00bb<a name=\"_ftnref96\"><\/a><a href=\"http:\/\/w2.vatican.va\/content\/francesco\/es\/apost_constitutions\/documents\/papa-francesco_costituzione-ap_20171208_veritatis-gaudium.html#_ftn96\">[96]<\/a>.<\/p>\n<p style=\"text-align: justify;\">En efecto, las nuevas ciencias y los nuevos inventos plantean nuevos problemas, que piden soluci\u00f3n a las disciplinas sagradas. Consiguientemente es necesario que las personas dedicadas a las ciencias sagradas, al mismo tiempo que cumplen el deber fundamental de conseguir mediante la investigaci\u00f3n teol\u00f3gica un conocimiento m\u00e1s profundo de la verdad revelada, fomenten el intercambio con los que cultivan otras disciplinas, creyentes o no creyentes, y traten de valorar e interpretar sus afirmaciones y juzgarlas a la luz de la verdad revelada<a name=\"_ftnref97\"><\/a><a href=\"http:\/\/w2.vatican.va\/content\/francesco\/es\/apost_constitutions\/documents\/papa-francesco_costituzione-ap_20171208_veritatis-gaudium.html#_ftn97\">[97]<\/a>.<\/p>\n<p style=\"text-align: justify;\">Por este contacto asiduo con la misma realidad, tambi\u00e9n los te\u00f3logos son estimulados a buscar el m\u00e9todo m\u00e1s adecuado para comunicar la doctrina a los hombres contempor\u00e1neos, empe\u00f1ados en diversos campos culturales; en efecto, \u00abuna cosa es el dep\u00f3sito mismo de la fe, es decir, las verdades contenidas en nuestra venerable doctrina, y otra cosa es el modo como son formuladas, conservando no obstante el mismo sentido y el mismo significado\u00bb<a name=\"_ftnref98\"><\/a><a href=\"http:\/\/w2.vatican.va\/content\/francesco\/es\/apost_constitutions\/documents\/papa-francesco_costituzione-ap_20171208_veritatis-gaudium.html#_ftn98\">[98]<\/a>. Todo esto ser\u00e1 de gran ayuda para que en el pueblo de Dios el culto religioso y la rectitud moral vayan al paso con el progreso de la ciencia y de la t\u00e9cnica y para que en la acci\u00f3n pastoral los fieles sean conducidos gradualmente a una vida de fe m\u00e1s pura y m\u00e1s madura.<\/p>\n<p style=\"text-align: justify;\">La posibilidad de conexi\u00f3n con la misi\u00f3n evangelizadora existe tambi\u00e9n en las Facultades de aquellas ciencias que, aunque no tengan un nexo particular con la Revelaci\u00f3n cristiana, sin embargo pueden contribuir mucho a la labor de evangelizaci\u00f3n; las cuales, consideradas por la Iglesia precisamente bajo este aspecto, son erigidas como Facultades eclesi\u00e1sticas y tienen por tanto una relaci\u00f3n peculiar con la Jerarqu\u00eda.<\/p>\n<p style=\"text-align: justify;\">De ah\u00ed que la Sede Apost\u00f3lica, para cumplir su misi\u00f3n, sienta claramente su derecho y su deber de crear y promover Facultades eclesi\u00e1sticas, que dependan de ella, bien sea como entidades separadas, bien sea formando parte de alguna universidad, destinadas a los eclesi\u00e1sticos y a los seglares; y desea vivamente que todo el Pueblo de Dios, bajo la gu\u00eda de los Pastores, colabore a que estos centros de sabidur\u00eda contribuyan eficazmente al incremento de la fe y de la vida cristiana.<\/p>\n<p style=\"text-align: justify;\"><strong>IV<\/strong><\/p>\n<p style=\"text-align: justify;\">Las Facultades eclesi\u00e1sticas \u2014ordenadas al bien com\u00fan de la Iglesia y que deben considerarse como algo precioso para toda la comunidad eclesial\u2014 deben formarse una conciencia clara de su importancia en la Iglesia y de la parte que les corresponde en el ministerio de \u00e9sta. En particular, aquellas que tratan espec\u00edficamente de la Revelaci\u00f3n cristiana, recuerden tambi\u00e9n el mandato que Cristo, Supremo Maestro, dio a la Iglesia acerca de este ministerio, con estas palabras: \u00abId, pues, y ense\u00f1ad a todas las gentes, bautiz\u00e1ndolas en el nombre del Padre y del Hijo y del Esp\u00edritu Santo, ense\u00f1\u00e1ndolas a practicar todo cuanto os he mandado\u00bb (<em>Mt<\/em>\u00a028, 19-20).<\/p>\n<p style=\"text-align: justify;\">Considerando todo lo cual, se sigue la intr\u00ednseca relaci\u00f3n que une estas Facultades a la \u00edntegra doctrina de Cristo, cuyo aut\u00e9ntico int\u00e9rprete y custodio ha sido siempre en el correr de los siglos el Magisterio de la Iglesia.<\/p>\n<p style=\"text-align: justify;\">Las Conferencias Episcopales, existentes en las diversas naciones y regiones, sigan con asiduo cuidado su desarrollo, fomentando al mismo tiempo en ellas la fidelidad hacia la doctrina de la Iglesia, para que den a toda la comunidad de los fieles el testimonio de un esp\u00edritu completamente entregado al mencionado mandato de Cristo. Este testimonio deben hacerlo patente constantemente ya la Facultad en cuanto tal, ya todos y cada uno de sus miembros; porque las Universidades y las Facultades eclesi\u00e1sticas est\u00e1n constituidas para la edificaci\u00f3n de la Iglesia y el bien de los fieles: lo cual han de tener siempre presente como criterio de su importante labor.<\/p>\n<p style=\"text-align: justify;\">Los profesores principalmente, sobre los que recae una gran responsabilidad, en cuanto que desempe\u00f1an un peculiar ministerio de la Palabra de Dios y son maestros de la fe de sus alumnos, sean para \u00e9stos y para todos los fieles de Cristo, testigos de la verdad viva del Evangelio y modelos de fidelidad a la Iglesia. Conviene recordar a este prop\u00f3sito aquellas ponderadas palabras del Papa Pablo VI: \u00abEl oficio de te\u00f3logo se ejercita para la edificaci\u00f3n de la comuni\u00f3n eclesial y a fin de que el Pueblo de Dios crezca en la pr\u00e1ctica de la fe\u00bb<a name=\"_ftnref99\"><\/a><a href=\"http:\/\/w2.vatican.va\/content\/francesco\/es\/apost_constitutions\/documents\/papa-francesco_costituzione-ap_20171208_veritatis-gaudium.html#_ftn99\">[99]<\/a>.<\/p>\n<p style=\"text-align: justify;\"><strong>V<\/strong><\/p>\n<p style=\"text-align: justify;\">Para conseguir sus propios fines es necesario que las Facultades eclesi\u00e1sticas se organicen de tal modo que respondan convenientemente a las nuevas exigencias del tiempo presente; por esto, el Concilio mismo estableci\u00f3 que sus leyes deb\u00edan ser revisadas<a name=\"_ftnref100\"><\/a><a href=\"http:\/\/w2.vatican.va\/content\/francesco\/es\/apost_constitutions\/documents\/papa-francesco_costituzione-ap_20171208_veritatis-gaudium.html#_ftn100\">[100]<\/a>.<\/p>\n<p style=\"text-align: justify;\">En efecto, la Constituci\u00f3n Apost\u00f3lica\u00a0<em>Deus scientiarum Dominus<\/em>, promulgada por mi predecesor P\u00edo XI, el 24 de mayo de 1931, contribuy\u00f3 notablemente en su tiempo a la renovaci\u00f3n de los estudios eclesi\u00e1sticos superiores; pero, a causa de las nuevas circunstancias de vida, exige oportunas adaptaciones e innovaciones.<\/p>\n<p style=\"text-align: justify;\">En realidad, en el transcurso de casi cincuenta a\u00f1os, se han producido grandes cambios no s\u00f3lo en la sociedad civil, sino tambi\u00e9n en la misma Iglesia. Efectivamente, se han verificado grandes acontecimientos -como, en primer lugar, el Concilio Vaticano II- que han influido tanto en la vida interna de la Iglesia como en sus relaciones externas, ya con los cristianos de otras Iglesias, ya con los no cristianos y con los no creyentes, y en general con cuantos son protagonistas de una civilizaci\u00f3n m\u00e1s humana.<\/p>\n<p style=\"text-align: justify;\">A\u00f1\u00e1dase a esto el hecho de que se vuelva cada vez m\u00e1s la atenci\u00f3n a las ciencias teol\u00f3gicas no s\u00f3lo por parte de los eclesi\u00e1sticos, sino tambi\u00e9n de los seglares, los cuales asisten en n\u00famero cada d\u00eda m\u00e1s creciente a las escuelas de teolog\u00eda que, en consecuencia, se han ido multiplicando en los \u00faltimos a\u00f1os.<\/p>\n<p style=\"text-align: justify;\">Por \u00faltimo, est\u00e1 aflorando una nueva mentalidad que afecta a la estructura misma de la Universidad y de la Facultad, tanto civil como eclesi\u00e1stica, a causa del justo deseo de una vida universitaria abierta a mayor participaci\u00f3n; deseo que anima a cuantos de cualquier modo forman parte de ella.<\/p>\n<p style=\"text-align: justify;\">No hay que olvidar tampoco la gran evoluci\u00f3n que se ha llevado a cabo en los m\u00e9todos pedag\u00f3gicos y did\u00e1cticos, que exigen nuevos criterios en la programaci\u00f3n de los estudios; como tambi\u00e9n la m\u00e1s estrecha conexi\u00f3n que se va notando cada vez m\u00e1s entre las diversas ciencias y disciplinas y el deseo de una mayor colaboraci\u00f3n en el mundo universitario.<\/p>\n<p style=\"text-align: justify;\">Con el fin de satisfacer estas nuevas exigencias, la Congregaci\u00f3n para la Educaci\u00f3n Cat\u00f3lica, haci\u00e9ndose eco del mandato recibido del Concilio, afront\u00f3 desde el a\u00f1o 1967 la cuesti\u00f3n de la renovaci\u00f3n siguiendo la l\u00ednea conciliar; el 20 de mayo de 1968 promulg\u00f3 \u00abAlgunas Normas para la revisi\u00f3n de la Constituci\u00f3n Apost\u00f3lica\u00a0<em>Deus scientiarum Dominus<\/em>\u00a0sobre los estudios acad\u00e9micos eclesi\u00e1sticos\u00bb que han ejercido una saludable influencia durante estos a\u00f1os.<\/p>\n<p style=\"text-align: justify;\"><strong>VI<\/strong><\/p>\n<p style=\"text-align: justify;\">Pero ahora se hace necesario completar y perfeccionar la obra con una nueva ley que \u2014abrogando la Constituci\u00f3n Apost\u00f3lica\u00a0<em>Deus scientiarum Dominus<\/em>, las Normas anejas y las mencionadas Normas publicadas el 20 de mayo de 1968 por la Congregaci\u00f3n para la Educaci\u00f3n Cat\u00f3lica\u2014 recoja los elementos que se consideran todav\u00eda v\u00e1lidos en tales documentos y establezca las nuevas normas, conforme a las cuales se desarrolle y complete la renovaci\u00f3n ya felizmente iniciada.<\/p>\n<p style=\"text-align: justify;\">A nadie ciertamente se le ocultan las dificultades que parecen oponerse a la promulgaci\u00f3n de una nueva Constituci\u00f3n Apost\u00f3lica. Existe ante todo \u00abel correr del tiempo\u00bb que lleva consigo cambios tan r\u00e1pidos que parece que no se pueda establecer nada definitivo y permanente; existe adem\u00e1s la \u00abdiversidad de lugares\u00bb que parece exigir tal pluralismo que har\u00eda casi imposible emanar normas comunes v\u00e1lidas para todas las partes del mundo.<\/p>\n<p style=\"text-align: justify;\">Sin embargo, dado que en todo el mundo existen Facultades eclesi\u00e1sticas creadas o aprobadas por la Santa Sede y que dan los mismos t\u00edtulos acad\u00e9micos en nombre de la Sede Apost\u00f3lica, es necesario que se guarde una cierta unidad sustancial y se determinen claramente y valgan en todas partes los mismos requisitos para conseguir dichos grados acad\u00e9micos. Ciertamente, se debe procurar que se determinen por ley las cosas que se crean necesarias y que probablemente tendr\u00e1n bastante estabilidad, y, al mismo tiempo, que se deje suficiente libertad para que en los respectivos estatutos de cada Facultad se hagan ulteriores especificaciones, teniendo en cuenta las diversas circunstancias locales y las costumbres universitarias vigentes en cada lugar. De este modo no se impide ni se coarta el leg\u00edtimo progreso de los estudios acad\u00e9micos, sino al contrario, se le orienta por el recto camino para que pueda obtener frutos m\u00e1s abundantes; pero al mismo tiempo, dentro de la leg\u00edtima diversidad de las Facultades, aparecer\u00e1 clara a todos la unidad de la Iglesia Cat\u00f3lica incluso en estos centros de instrucci\u00f3n superior.<\/p>\n<p style=\"text-align: justify;\">Por consiguiente, la Congregaci\u00f3n para la Educaci\u00f3n Cat\u00f3lica, por mandato de mi predecesor Pablo VI, consult\u00f3 en primer lugar a las mismas Universidades y Facultades eclesi\u00e1sticas, as\u00ed como a los dicasterios de la Curia Romana y otras entidades interesadas en ello; sucesivamente constituy\u00f3 una comisi\u00f3n de expertos, los cuales, bajo la direcci\u00f3n de la misma Congregaci\u00f3n, han revisado atentamente la legislaci\u00f3n relativa a los estudios acad\u00e9micos eclesi\u00e1sticos.<\/p>\n<p style=\"text-align: justify;\">Felizmente llevado a t\u00e9rmino cuanto he dicho, todo estaba a punto para la promulgaci\u00f3n de esta Constituci\u00f3n por parte de Pablo VI, como ardientemente deseaba, cuando le sobrevino la muerte; e igualmente una muerte improvisa impidi\u00f3 que llevase a cabo el mismo prop\u00f3sito Juan Pablo I. Por eso, Yo, despu\u00e9s de haberlo considerado todo de nuevo detenida y cuidadosamente, con mi Autoridad Apost\u00f3lica decreto y establezco las siguientes leyes y normas.<\/p>\n<p style=\"text-align: justify;\">\n<p style=\"text-align: justify;\"><strong>NORMAS APLICATIVAS DE LA CONGREGACI\u00d3N PARA LA EDUCACI\u00d3N CAT\u00d3LICA<br \/>\nEN ORDEN A LA RECTA EJECUCI\u00d3N<br \/>\nDE LA CONSTITUCI\u00d3N APOST\u00d3LICA\u00a0<em>VERITATIS GAUDIUM<\/em><\/strong><\/p>\n<p style=\"text-align: justify;\">La Congregaci\u00f3n para la Educaci\u00f3n Cat\u00f3lica, a tenor del\u00a0art. 10 de la Constituci\u00f3n Apost\u00f3lica\u00a0<em>Veritatis gaudium<\/em>, presenta a las Universidades y Facultades Eclesi\u00e1sticas las siguientes Normas y prescribe que sean observadas fielmente.<\/p>\n<p style=\"text-align: justify;\">\n<p style=\"text-align: justify;\"><strong>PRIMERA PARTE<\/strong><\/p>\n<p style=\"text-align: justify;\"><strong>NORMAS COMUNES<\/strong><\/p>\n<p style=\"text-align: justify;\"><strong>T\u00edtulo I<\/strong><\/p>\n<p style=\"text-align: justify;\"><strong>NATURALEZA Y FINALIDAD DE LAS UNIVERSIDADES Y<br \/>\nFACULTADES ECLESI\u00c1STICAS<\/strong><\/p>\n<p style=\"text-align: justify;\">(Const. Apost.,\u00a0art. 1-10)<\/p>\n<p style=\"text-align: justify;\">\n<p style=\"text-align: justify;\"><em>Art. 1<\/em>. \u00a7 1. Las normas sobre las Universidades y Facultades eclesi\u00e1sticas se aplican, teniendo en cuenta su peculiaridad,\u00a0<em>congrua congruis referendo<\/em>, incluyendo las otras instituciones de educaci\u00f3n superior que hayan sido can\u00f3nicamente erigidas o aprobadas por la Santa Sede, con derecho de conferir grados acad\u00e9micos con la autoridad de la misma Santa Sede.<\/p>\n<ul style=\"text-align: justify;\">\n<li>2. Las Universidades y Facultades eclesi\u00e1sticas, adem\u00e1s de las otras instituciones de educaci\u00f3n superior, est\u00e1n por norma sujetas a la evaluaci\u00f3n de la Agencia de la Santa Sede para la Evaluaci\u00f3n y la Promoci\u00f3n de la Calidad de las Universidades y Facultades eclesi\u00e1sticas (AVEPRO).<\/li>\n<\/ul>\n<p style=\"text-align: justify;\"><em>Art. 2<\/em>. Con el fin de fomentar el trabajo cient\u00edfico, se recomiendan vivamente los centros especiales de investigaci\u00f3n, las revistas y colecciones cient\u00edficas, as\u00ed como los congresos cient\u00edficos y cualquier otra forma id\u00f3nea de colaboraci\u00f3n cient\u00edfica.<\/p>\n<p style=\"text-align: justify;\"><em>Art. 3.<\/em>\u00a0Los cometidos para los cuales se preparan los alumnos pueden ser o propiamente cient\u00edficos, como la investigaci\u00f3n y la ense\u00f1anza, o tambi\u00e9n pastorales. Habr\u00e1 que tener debidamente en cuenta esta diversidad para ordenar el plan de estudios y para determinar los grados acad\u00e9micos, salvaguardando siempre su car\u00e1cter cient\u00edfico<\/p>\n<p style=\"text-align: justify;\"><em>Art. 4<\/em>. La colaboraci\u00f3n en la obra de evangelizaci\u00f3n se refiere a la acci\u00f3n de la Iglesia en la tarea pastoral, ecum\u00e9nica y misionera y est\u00e1 encaminada en primer lugar a la comprensi\u00f3n profunda, a la defensa y a la difusi\u00f3n de la fe; se extiende adem\u00e1s a todo el \u00e1mbito de la cultura y de la sociedad humana.<\/p>\n<p style=\"text-align: justify;\"><em>Art. 5<\/em>. Las Conferencias Episcopales, tambi\u00e9n en esta materia en uni\u00f3n con la Santa Sede, tendr\u00e1n especial solicitud por las Universidades y las Facultades; y por tanto:<\/p>\n<p style=\"text-align: justify;\">1\u00b0 fomentar\u00e1n, en uni\u00f3n con el Gran Canciller, su progreso y, salva la autonom\u00eda de la ciencia seg\u00fan la mente del Concilio Vaticano II, se mostrar\u00e1n sol\u00edcitas ante todo por su condici\u00f3n cient\u00edfica y eclesial;<\/p>\n<p style=\"text-align: justify;\">2\u00b0 ayudar\u00e1n a la actividad de las Facultades, la inspirar\u00e1n y coordinar\u00e1n convenientemente en cuanto se refiere a las cuestiones comunes dentro de los l\u00edmites de la propia regi\u00f3n;<\/p>\n<p style=\"text-align: justify;\">3\u00b0 salvaguardando siempre el alto nivel cient\u00edfico, teniendo en cuenta las necesidades de la Iglesia y el progreso cultural de la propia regi\u00f3n, procurar\u00e1n la elecci\u00f3n de las mismas en un n\u00famero adecuado;<\/p>\n<p style=\"text-align: justify;\">4\u00b0 para todo esto constituir\u00e1n una Comisi\u00f3n con miembros pertenecientes a la Conferencia, asistida por un grupo de expertos;<\/p>\n<p style=\"text-align: justify;\"><em>Art. 6<\/em>. Una instituci\u00f3n a la cual la Congregaci\u00f3n para la Educaci\u00f3n Cat\u00f3lica haya conferido el derecho de otorgar solo el grado acad\u00e9mico del segundo y\/o del tercer ciclo se le denomina Instituto\u00a0<em>ad instar Facultatis<\/em>.<\/p>\n<p style=\"text-align: justify;\"><em>Art. 7<\/em>. \u00a7 1. En la preparaci\u00f3n de los Estatutos y del Plan de estudios se han de tener presentes las normas contenidas en el\u00a0<em>Ap\u00e9ndice I<\/em>.<\/p>\n<ul style=\"text-align: justify;\">\n<li>2. Seg\u00fan la modalidad establecida en los Estatutos, las Universidades y las Facultades pueden por su propia autoridad instituir Reglamentos que, en observancia con los Estatutos, definan m\u00e1s detalladamente lo que est\u00e1 relacionado con la constituci\u00f3n, con la conducci\u00f3n y con el modo de actuar.<\/li>\n<\/ul>\n<p style=\"text-align: justify;\"><em>Art. 8<\/em>. \u00a7 1. El valor can\u00f3nico de un grado acad\u00e9mico significa que tal grado habilita para desempe\u00f1ar las funciones eclesi\u00e1sticas para las que es requerido, en particular modo para ense\u00f1ar las ciencias sagradas en las Facultades, en los Seminarios mayores y en las Instituciones equivalentes.<\/p>\n<ul style=\"text-align: justify;\">\n<li>2. Las condiciones necesarias para el reconocimiento de cada uno de los grados, de que se trata en el art. 9 de la Constituci\u00f3n Apost\u00f3lica se refieren, adem\u00e1s del consentimiento de la Autoridad eclesi\u00e1stica local o regional competente, sobre todo al cuerpo docente, al Plan de estudios y a los subsidios cient\u00edficos.<\/li>\n<li>3. Los grados reconocidos para determinados efectos can\u00f3nicos no se equiparen nunca por completo a los grados acad\u00e9micos can\u00f3nicos.<\/li>\n<\/ul>\n<p style=\"text-align: justify;\"><strong>T\u00edtulo II<\/strong><\/p>\n<p style=\"text-align: justify;\"><strong>LA COMUNIDAD ACAD\u00c9MICA Y SU GOBIERNO<\/strong><\/p>\n<p style=\"text-align: justify;\">(Const. Apost.,\u00a0art. 11-21)<\/p>\n<p style=\"text-align: justify;\"><em>Art. 9<\/em>. Corresponde al Gran Canciller:<\/p>\n<p style=\"text-align: justify;\">1\u00b0 hacer progresar constantemente la Universidad o Facultad; promover el quehacer cient\u00edfico y la identidad eclesi\u00e1stica; procurar que se mantenga \u00edntegra la doctrina cat\u00f3lica y se observen fielmente los Estatutos y las normas dictadas por la Santa Sede;<\/p>\n<p style=\"text-align: justify;\">2\u00b0 favorecer estrechas relaciones entre todos los miembros de la comunidad acad\u00e9mica;<\/p>\n<p style=\"text-align: justify;\">3\u00b0 proponer a la Congregaci\u00f3n para la Educaci\u00f3n Cat\u00f3lica el nombre de aquellos que, de acuerdo al art. 18 de la Constituci\u00f3n, deba ser nombrado o confirmado sea como Rector, Presidente o Decano, sea como de los profesores para los cuales se requiere el \u00abnihil obstat\u00bb;<\/p>\n<p style=\"text-align: justify;\">4\u00b0 recibir la profesi\u00f3n de fe del Rector o Presidente o del Decano<a name=\"_ftnref101\"><\/a><a href=\"http:\/\/w2.vatican.va\/content\/francesco\/es\/apost_constitutions\/documents\/papa-francesco_costituzione-ap_20171208_veritatis-gaudium.html#_ftn101\">[101]<\/a>;<\/p>\n<p style=\"text-align: justify;\">5\u00b0 conferir o retirar el permiso de ense\u00f1ar o la misi\u00f3n can\u00f3nica a los profesores, seg\u00fan las normas de la Constituci\u00f3n;<\/p>\n<p style=\"text-align: justify;\">6\u00b0 solicitar a la Congregaci\u00f3n para la Educaci\u00f3n Cat\u00f3lica el \u00abnihil obstat\u00bb para otorgar el doctorado\u00a0<em>honoris causa<\/em>;<\/p>\n<p style=\"text-align: justify;\">7\u00b0 informar a la Congregaci\u00f3n para la Educaci\u00f3n Cat\u00f3lica acerca de los asuntos m\u00e1s importantes y enviar a la misma cada cinco a\u00f1os una relaci\u00f3n detallada sobre la situaci\u00f3n acad\u00e9mica, moral y econ\u00f3mica de la Universidad o Facultad. Junto a ello, enviar el plan estrat\u00e9gico seg\u00fan el esquema establecido por la misma Congregaci\u00f3n, anexando su parecer.<\/p>\n<p style=\"text-align: justify;\"><em>Art. 10<\/em>. En caso de que la Universidad o Facultad dependan de una autoridad colegial (como por ejemplo, de la Conferencia Episcopal), deber\u00e1 ser nombrada una persona perteneciente a la misma para desempe\u00f1ar las funciones de Gran Canciller.<\/p>\n<p style=\"text-align: justify;\"><em>Art. 11<\/em>. El Ordinario del lugar que no sea Gran Canciller, como tiene la responsabilidad de la vida pastoral de su di\u00f3cesis, en caso de que venga a saber que en la Universidad o Facultad se verifican hechos contrarios a la sana doctrina, a la moral o a la disciplina eclesi\u00e1stica, deber\u00e1 informar al Gran Canciller para que provea; si el Gran Canciller no tomase providencias, podr\u00e1 recurrir a la Santa Sede, salvo la obligaci\u00f3n de proveer directamente en los casos m\u00e1s graves o urgentes que constituyan un peligro para la propia di\u00f3cesis.<\/p>\n<p style=\"text-align: justify;\"><em>Art. 12<\/em>. El nombramiento o la confirmaci\u00f3n de todos aquellos que son nombrados en el art. 18 de la Constituci\u00f3n son necesarios tambi\u00e9n para un nuevo mandato.<\/p>\n<p style=\"text-align: justify;\"><em>Art. 13<\/em>. Cuanto ha sido establecido en el art. 19 de la Constituci\u00f3n, debe ser precisado en los Estatutos de la Universidad as\u00ed como tambi\u00e9n en los de cada Facultad, dando mayor importancia, seg\u00fan los casos, al sistema colegial o al gobierno personal, con tal de que se mantengan una y otra modalidad, teniendo en cuenta la costumbre de las Universidades de la regi\u00f3n en que se halla la Facultad, o del Instituto religioso al que pertenece.<\/p>\n<p style=\"text-align: justify;\"><em>Art. 14<\/em>. Adem\u00e1s del Consejo de Universidad (Senado Acad\u00e9mico) y del Consejo de Facultad \u2014que existen en todas partes, aunque con nombres diversos\u2014, los Estatutos pueden establecer tambi\u00e9n oportunamente otros Consejos o Comisiones especiales para la direcci\u00f3n y promoci\u00f3n del sector cient\u00edfico, pedag\u00f3gico, disciplinar, econ\u00f3mico, etc.<\/p>\n<p style=\"text-align: justify;\"><em>Art. 15.<\/em>\u00a0\u00a7 1. Seg\u00fan la Constituci\u00f3n, Rector es el que est\u00e1 al frente de la Universidad; Presidente el que est\u00e1 al frente de un Instituto o de una Facultad\u00a0<em>sui iuris<\/em>; Decano el que est\u00e1 al frente de una Facultad que forma parte de una Universidad; Director es el que est\u00e1 al frente de un Centro acad\u00e9mico agregado o incorporado.<\/p>\n<ul style=\"text-align: justify;\">\n<li>2. En los Estatutos se ha de fijar por cu\u00e1nto tiempo est\u00e1n nombrados, c\u00f3mo y cu\u00e1ntas veces consecutivas pueden ser confirmados en su cargo.<\/li>\n<\/ul>\n<p style=\"text-align: justify;\"><em>Art. 16<\/em>. Al cargo de Rector o de Presidente corresponde:<\/p>\n<p style=\"text-align: justify;\">1\u00b0 dirigir, promover y coordinar toda la actividad de la comunidad acad\u00e9mica;<\/p>\n<p style=\"text-align: justify;\">2\u00b0 representar a la Universidad, al Instituto o a la Facultad\u00a0<em>sui iuris<\/em>;<\/p>\n<p style=\"text-align: justify;\">3\u00b0 convocar los Consejos de Universidad, Instituto o Facultad\u00a0<em>sui iuris<\/em>\u00a0y presidirlos a norma de los Estatutos;<\/p>\n<p style=\"text-align: justify;\">4\u00b0 vigilar la administraci\u00f3n temporal;<\/p>\n<p style=\"text-align: justify;\">5\u00b0 informar al Gran Canciller sobre los hechos m\u00e1s importantes;<\/p>\n<p style=\"text-align: justify;\">6\u00b0 vigilar para que todos los a\u00f1os sean actualizados de forma electr\u00f3nica los datos de la instituci\u00f3n, presentes en el Banco de datos de la Congregaci\u00f3n para la Educaci\u00f3n Cat\u00f3lica.<\/p>\n<p style=\"text-align: justify;\"><em>Art. 17<\/em>. Al Decano de Facultad corresponde:<\/p>\n<p style=\"text-align: justify;\">1\u00b0 promover y coordinar toda la actividad de la Facultad, especialmente en lo que se refiere a los estudios, y proveer oportunamente a sus necesidades;<\/p>\n<p style=\"text-align: justify;\">2\u00b0 convocar el Consejo de Facultad y presidirlo;<\/p>\n<p style=\"text-align: justify;\">3\u00b0 admitir o excluir a los alumnos, en nombre del Rector, a norma de los Estatutos;<\/p>\n<p style=\"text-align: justify;\">4\u00b0 informar al Rector de lo que se hace o se propone la Facultad;<\/p>\n<p style=\"text-align: justify;\">5\u00ba ejecutar todo cuanto ha sido establecido por las Autoridades superiores;<\/p>\n<p style=\"text-align: justify;\">6\u00b0 actualizar de forma electr\u00f3nica al menos una vez al a\u00f1o los datos de la instituci\u00f3n, presentes en el Banco de datos de la Congregaci\u00f3n para la Educaci\u00f3n Cat\u00f3lica.<\/p>\n<p style=\"text-align: justify;\"><strong>T\u00edtulo III<\/strong><\/p>\n<p style=\"text-align: justify;\"><strong>LOS PROFESORES<\/strong><\/p>\n<p style=\"text-align: justify;\">(Const. Apost.,\u00a0art. 22-30)<\/p>\n<p style=\"text-align: justify;\"><em>Art. 18.<\/em>\u00a0\u00a7 1. Son Profesores establemente adscritos a la Facultad, en primer lugar, aquellos que han sido asumidos con derecho pleno y firme y suelen ser designados con el nombre de Ordinarios; les siguen de cerca los Extraordinarios; pueden adem\u00e1s admitirse \u00fatilmente otros, seg\u00fan el uso de las Universidades.<\/p>\n<ul style=\"text-align: justify;\">\n<li>2. Las Facultades deben tener un n\u00famero m\u00ednimo de Profesores estables: 12 para la Facultad de Teolog\u00eda (eventualmente 3 de Filosof\u00eda), 7 para la Facultad de Filosof\u00eda y 5 para la Facultad de Derecho Can\u00f3nico, de igual modo, 5 o 4 para un Instituto Superior de Ciencias Religiosas, seg\u00fan posea el 1\u00b0 y 2\u00b0 ciclo o solamente el 1\u00b0. Las otras Facultades deben tener al menos 5 Profesores estables.<\/li>\n<li>3. Adem\u00e1s de los Profesores estables, suele haber otros que llevan diversos nombres, en primer lugar los que son invitados de otras Facultades.<\/li>\n<li>4. En fin, oportunamente pueden existir Profesores Asistentes para desempe\u00f1ar peculiares cargos acad\u00e9micos, los cuales deber\u00e1n tener un t\u00edtulo congruente.<\/li>\n<\/ul>\n<p style=\"text-align: justify;\"><em>Art. 19<\/em>. \u00a7 1. Se entiende por Doctorado congruente el que tiene relaci\u00f3n con la disciplina que se ha de ense\u00f1ar.<\/p>\n<ul style=\"text-align: justify;\">\n<li>2. En las Facultades de Teolog\u00eda y de Derecho Can\u00f3nico, si se trata de una disciplina sagrada o conexa con ella, ordinariamente se requiere el Doctorado can\u00f3nico; si el Doctorado no es can\u00f3nico, se requiere al menos la Licenciatura can\u00f3nica.<\/li>\n<li>3. En las dem\u00e1s Facultades, si el Profesor no posee ni un Doctorado can\u00f3nico ni una Licencia can\u00f3nica, podr\u00e1 ser Profesor estable solo con la condici\u00f3n de que su formaci\u00f3n sea coherente con la identidad de una Facultad eclesi\u00e1stica. Para evaluar los candidatos para la ense\u00f1anza se deber\u00e1 tener presente, adem\u00e1s de la necesaria competencia en la materia asignada, tambi\u00e9n la consonancia y la adhesi\u00f3n en sus publicaciones y en su actividad did\u00e1ctica con la verdad transmitida por la fe.<\/li>\n<\/ul>\n<p style=\"text-align: justify;\"><em>Art. 20.<\/em>\u00a0\u00a7 1. A los Profesores de otras Iglesias y comunidades eclesiales, asumidos seg\u00fan las normas de la competente Autoridad Eclesi\u00e1stica<a name=\"_ftnref102\"><\/a><a href=\"http:\/\/w2.vatican.va\/content\/francesco\/es\/apost_constitutions\/documents\/papa-francesco_costituzione-ap_20171208_veritatis-gaudium.html#_ftn102\">[102]<\/a>\u00a0el permiso de ense\u00f1ar les es dado por el Gran Canciller.<\/p>\n<ul style=\"text-align: justify;\">\n<li>2. Los Profesores de otras Iglesias o comunidades eclesiales no pueden ense\u00f1ar los cursos de doctrina en el primer ciclo pero pueden ense\u00f1ar otras disciplinas<a name=\"_ftnref103\"><\/a><a href=\"http:\/\/w2.vatican.va\/content\/francesco\/es\/apost_constitutions\/documents\/papa-francesco_costituzione-ap_20171208_veritatis-gaudium.html#_ftn103\">[103]<\/a>. En el segundo ciclo, ellos pueden ser llamados como Profesores invitados<a name=\"_ftnref104\"><\/a><a href=\"http:\/\/w2.vatican.va\/content\/francesco\/es\/apost_constitutions\/documents\/papa-francesco_costituzione-ap_20171208_veritatis-gaudium.html#_ftn104\">[104]<\/a>.<\/li>\n<\/ul>\n<p style=\"text-align: justify;\"><em>Art. 21<\/em>. \u00a7 1. Los Estatutos deben establecer cu\u00e1ndo se confiere el oficio estable, y esto a los efectos de pedir la declaraci\u00f3n \u00abnihil obstat\u00bb a norma del art. 27 de la Constituci\u00f3n.<\/p>\n<ul style=\"text-align: justify;\">\n<li>2. El \u00abnihil obstat\u00bb de la Santa Sede es la declaraci\u00f3n de que, a norma de la Constituci\u00f3n y de los Estatutos particulares, no resulta ning\u00fan impedimento al nombramiento propuesto, lo que de por s\u00ed no comporta un derecho para ense\u00f1ar. Si hubiese alg\u00fan impedimento, se deber\u00e1 comunicar al Gran Canciller, el cual oir\u00e1 sobre el mismo al Profesor.<\/li>\n<li>3. Si circunstancias particulares de tiempo o lugar impidiesen la petici\u00f3n del \u00abnihil obstat\u00bb a la Santa Sede, el Gran Canciller se pondr\u00e1 en contacto con la Congregaci\u00f3n para la Educaci\u00f3n Cat\u00f3lica con el fin de encontrar una soluci\u00f3n oportuna.<\/li>\n<li>4. Las Facultades que est\u00e9n bajo un particular r\u00e9gimen concordatario, observen las normas en \u00e9l establecidas y, si existieran, aquellas particulares emanadas por la Congregaci\u00f3n para la Educaci\u00f3n Cat\u00f3lica.<\/li>\n<\/ul>\n<p style=\"text-align: justify;\"><em>Art. 22<\/em>. El espacio de tiempo necesario para una promoci\u00f3n, que debe ser por lo menos de un trienio, deber\u00e1 establecerse en los Estatutos.<\/p>\n<p style=\"text-align: justify;\"><em>Art. 23<\/em>. \u00a7 1. Los Profesores, sobre todo los estables, traten de colaborar entre s\u00ed. Se recomienda tambi\u00e9n la colaboraci\u00f3n con los Profesores de otras Facultades, especialmente en materias afines o relacionadas entre s\u00ed.<\/p>\n<ul style=\"text-align: justify;\">\n<li>2. No se puede ser contempor\u00e1neamente Profesor estable en varias Facultades.<\/li>\n<\/ul>\n<p style=\"text-align: justify;\"><em>Art. 24<\/em>. \u00a7 1. Se defina con precisi\u00f3n en los Estatutos el modo de proceder en casos de suspensi\u00f3n o de cesamiento del Profesor, especialmente por razones doctrinales.<\/p>\n<ul style=\"text-align: justify;\">\n<li>2. Ante todo, se debe tratar de arreglar la cuesti\u00f3n privadamente entre el Rector, o el Presidente o el Decano, y el mismo Profesor. Si no se llega a un acuerdo, la cuesti\u00f3n sea tratada oportunamente por el Consejo o Comisi\u00f3n competente, de manera que el primer examen del caso se haga dentro de la Universidad o de la Facultad. Si esto no es suficiente, el\u00e9vese la cuesti\u00f3n al Gran Canciller, el cual, junto con personas expertas de la Universidad o de la Facultad, o de fuera de ellas, examinar\u00e1 el asunto para proveer de modo oportuno. Se debe siempre asegurar al Profesor el derecho de conocer la causa y las pruebas, adem\u00e1s de exponer y defender las propias razones. Queda abierta el derecho de recurso a la Santa Sede para una soluci\u00f3n definitiva del caso<a name=\"_ftnref105\"><\/a><a href=\"http:\/\/w2.vatican.va\/content\/francesco\/es\/apost_constitutions\/documents\/papa-francesco_costituzione-ap_20171208_veritatis-gaudium.html#_ftn105\">[105]<\/a>.<\/li>\n<li>3. No obstante, en los casos m\u00e1s graves o urgentes) con el fin de proveer al bien de los alumnos y de los fieles, el Gran Canciller podr\u00e1 suspender \u00abad tempus\u00bb al Profesor, hasta que se concluya el procedimiento ordinario.<\/li>\n<\/ul>\n<p style=\"text-align: justify;\"><em>Art. 25<\/em>. Los cl\u00e9rigos diocesanos y los religiosos o equiparados a ellos en el derecho, para llegar a ser profesores de una Facultad y para permanecer en ella como tales, deben tener el consentimiento del propio Ordinario diocesano, Jerarca o del Superior, seg\u00fan las normas establecidas a este respecto por la competente Autoridad eclesi\u00e1stica.<\/p>\n<p style=\"text-align: justify;\"><strong>T\u00edtulo IV<\/strong><\/p>\n<p style=\"text-align: justify;\"><strong>LOS ALUMNOS<\/strong><\/p>\n<p style=\"text-align: justify;\">(Const. Apost.,\u00a0art. 31-35)<\/p>\n<p style=\"text-align: justify;\"><em>Art. 26<\/em>. \u00a7 1. El certificado exigido, a norma del art. 31 de la Constituci\u00f3n:<\/p>\n<p style=\"text-align: justify;\">1\u00b0 de buena conducta, para los cl\u00e9rigos, los seminaristas y los consagrados, es dado por el Ordinario o del Jerarca, o del Superior o su delegado; para todos los dem\u00e1s por una persona eclesi\u00e1stica;<\/p>\n<p style=\"text-align: justify;\">2\u00b0 de estudios previos, es el t\u00edtulo de estudios exigido a norma del art. 32 de la Constituci\u00f3n.<\/p>\n<ul style=\"text-align: justify;\">\n<li>2. Dado que difieren entre s\u00ed los estudios necesarios requeridos en las distintas naciones para ingresar en la Universidad, la Facultad tiene el derecho y el deber de examinar si se han cursado todas las disciplinas consideradas necesarias por la misma Facultad.<\/li>\n<li>3. En las Facultades de Ciencias Sagradas se requiere un conocimiento suficiente de la lengua latina, para que los alumnos puedan comprender y utilizar las fuentes de tales ciencias y los documentos de la Iglesia.<\/li>\n<li>4. Si una disciplina no ha sido cursada o lo ha sido de manera insuficiente, la Facultad ofrezca modo de complementar durante el tiempo oportuno los estudios que faltan y se haga examen de ellos.<\/li>\n<\/ul>\n<p style=\"text-align: justify;\"><em>Art. 27<\/em>. Adem\u00e1s de los alumnos ordinarios, es decir, aquellos que aspiran a conseguir grados acad\u00e9micos, pueden ser admitidos tambi\u00e9n alumnos extraordinarios, seg\u00fan las normas establecidas en los Estatutos<\/p>\n<p style=\"text-align: justify;\"><em>Art. 28<\/em>. El paso del alumno de una Facultad a otra se puede hacer solamente al comienzo del a\u00f1o acad\u00e9mico o del semestre, una vez examinado cuidadosamente su expediente acad\u00e9mico y disciplinar; en todo caso, ninguno puede ser admitido a un grado acad\u00e9mico, si antes no ha completado todo lo necesario para conseguir tal grado, seg\u00fan los Estatutos de la Facultad y del plan de estudios.<\/p>\n<p style=\"text-align: justify;\"><em>Art. 29<\/em>. Al determinar las normas para suspensi\u00f3n o exclusi\u00f3n de un alumno de la Facultad, sea tutelado el derecho que tiene \u00e9l de defenderse.<\/p>\n<p style=\"text-align: justify;\"><strong>T\u00edtulo V<\/strong><\/p>\n<p style=\"text-align: justify;\"><strong>LOS OFICIALES Y EL PERSONAL AUXILIAR<\/strong><\/p>\n<p style=\"text-align: justify;\">(Const. Apost.,\u00a0art. 36)<\/p>\n<p style=\"text-align: justify;\">\n<p style=\"text-align: justify;\"><strong>T\u00edtulo VI<\/strong><\/p>\n<p style=\"text-align: justify;\"><strong>EL PLAN DE ESTUDIOS<\/strong><\/p>\n<p style=\"text-align: justify;\">(Const. Apost.,\u00a0art. 37-44)<\/p>\n<p style=\"text-align: justify;\"><em>Art. 30<\/em>. El Plan de estudios necesita de la aprobaci\u00f3n de la Congregaci\u00f3n para la Educaci\u00f3n Cat\u00f3lica<a name=\"_ftnref106\"><\/a><a href=\"http:\/\/w2.vatican.va\/content\/francesco\/es\/apost_constitutions\/documents\/papa-francesco_costituzione-ap_20171208_veritatis-gaudium.html#_ftn106\">[106]<\/a>.<\/p>\n<p style=\"text-align: justify;\"><em>Art. 31<\/em>\u00a0El plan de estudio de cada Facultad debe establecer qu\u00e9 disciplinas (principales o auxiliares) son obligatorias, cu\u00e1les deben ser frecuentadas por todos y cu\u00e1les en cambio son libres u opcionales.<\/p>\n<p style=\"text-align: justify;\"><em>Art. 32<\/em>. Asimismo los planes de estudio deben establecer las ejercitaciones y seminarios a los cuales los alumnos deben no solamente asistir, sino tambi\u00e9n participar activamente colaborando con los compa\u00f1eros y preparando los propios trabajos.<\/p>\n<p style=\"text-align: justify;\"><em>Art. 33<\/em>. \u00a7 1. Se organice racionalmente la distribuci\u00f3n de las clases y de las ejercitaciones, de manera que se fomente seriamente el estudio privado y el trabajo personal bajo la gu\u00eda de los profesores.<\/p>\n<ul style=\"text-align: justify;\">\n<li>2. Una parte de los cursos pueden ser impartidos en la modalidad de ense\u00f1anza a distancia, si el plan de estudios, aprobado por la Congregaci\u00f3n para la Educaci\u00f3n Cat\u00f3lica, lo prev\u00e9 y determina las condiciones, en modo particular lo relacionado con los ex\u00e1menes.<\/li>\n<\/ul>\n<p style=\"text-align: justify;\"><em>Art. 34.<\/em>\u00a0\u00a7 1. Determinen tambi\u00e9n los Estatutos o los Reglamentos de la Universidad o de cada Facultad de qu\u00e9 modo los examinadores deben expresar el juicio sobre los candidatos.<\/p>\n<ul style=\"text-align: justify;\">\n<li>2. En el voto final sobre los candidatos a los diversos grados, se tengan en cuenta todas las calificaciones conseguidas en los distintos ex\u00e1menes del mismo ciclo, tanto orales como escritos.<\/li>\n<li>3. En los ex\u00e1menes para la concesi\u00f3n de grados, especialmente del Doctorado, ser\u00e1 muy \u00fatil invitar tambi\u00e9n a profesores externos.<\/li>\n<\/ul>\n<p style=\"text-align: justify;\"><strong>T\u00edtulo VII<\/strong><\/p>\n<p style=\"text-align: justify;\"><strong>LOS GRADOS ACAD\u00c9MICOS<\/strong><\/p>\n<p style=\"text-align: justify;\">(Const. Apost.,\u00a0art. 45-52)<\/p>\n<p style=\"text-align: justify;\"><em>Art. 35<\/em>. En las Universidades o Facultades eclesi\u00e1sticas, can\u00f3nicamente erigidas o aprobadas, los grados acad\u00e9micos son conferidos por autoridad de la Santa Sede.<\/p>\n<p style=\"text-align: justify;\"><em>Art. 36<\/em>. \u00a7 1. Los Estatutos establezcan los requisitos necesarios para la preparaci\u00f3n de la tesis doctoral y las normas para su defensa p\u00fablica y su edici\u00f3n.<\/p>\n<ul style=\"text-align: justify;\">\n<li>2. La publicaci\u00f3n de la tesis doctoral en forma electr\u00f3nica es admisible, siempre y cuando el plan de los estudios lo prevea y se determinen las condiciones para que sea garantizada la permanente accesibilidad a dicha tesis.<\/li>\n<\/ul>\n<p style=\"text-align: justify;\"><em>Art. 37<\/em>. Un ejemplar impreso de las disertaciones publicadas ser\u00e1 enviado a la Congregaci\u00f3n para la Educaci\u00f3n Cat\u00f3lica. Se aconseja enviar tambi\u00e9n un ejemplar a las Facultades Eclesi\u00e1sticas, al menos a las de la propia regi\u00f3n, que se ocupan de las mismas ciencias.<\/p>\n<p style=\"text-align: justify;\"><em>Art. 38.<\/em>\u00a0Los documentos aut\u00e9nticos de los grados acad\u00e9micos conferidos ser\u00e1n firmados por las Autoridades Acad\u00e9micas, seg\u00fan los Estatutos, y adem\u00e1s por el Secretario de la Universidad o de la Facultad; p\u00f3ngase tambi\u00e9n en ellos el sello de la misma.<\/p>\n<p style=\"text-align: justify;\"><em>Art. 39.<\/em>\u00a0En los pa\u00edses en donde los convenios internacionales establecidos por la Santa Sede lo requieran y en las instituciones en donde las autoridades acad\u00e9micas lo retengan oportuno, los documentos aut\u00e9nticos de los grados acad\u00e9micos ser\u00e1n acompa\u00f1ados por un documento con informaciones ulteriores, relacionadas con el itinerario de estudios (por ejemplo el\u00a0<em>Diploma Supplement<\/em>).<\/p>\n<p style=\"text-align: justify;\"><em>Art. 40.\u00a0<\/em>No se conceda el Doctorado \u00abhonoris causa\u00bb sin el consentimiento del Gran Canciller, el cual a su vez debe obtener previamente el \u00abnihil obstat\u00bb de la Santa Sede y o\u00edr el parecer del Consejo de Universidad o Facultad.<\/p>\n<p style=\"text-align: justify;\"><em>Art. 41.\u00a0<\/em>Para que una Facultad pueda conferir otros t\u00edtulos, m\u00e1s all\u00e1 de los grados acad\u00e9micos establecidos, es necesario:<\/p>\n<p style=\"text-align: justify;\">1\u00b0 que la Congregaci\u00f3n para la Educaci\u00f3n Cat\u00f3lica haya concedido el\u00a0<em>nulla obstat<\/em>\u00a0para que se otorguen dichos t\u00edtulos;<\/p>\n<p style=\"text-align: justify;\">2\u00b0 que el respectivo plan de estudios establezca la naturaleza del t\u00edtulo, indicando expresamente que no se trata de un grado acad\u00e9mico concedido por autoridad de la Santa Sede;<\/p>\n<p style=\"text-align: justify;\">3\u00b0 que el mismo Diploma declare que el t\u00edtulo acad\u00e9mico no ha sido conferido por autoridad de la Santa Sede.<\/p>\n<p style=\"text-align: justify;\"><strong>T\u00edtulo VIII<\/strong><\/p>\n<p style=\"text-align: justify;\"><strong>CUESTIONES DID\u00c1CTICAS<\/strong><\/p>\n<p style=\"text-align: justify;\">(Const. Apost.,\u00a0art. 53-56)<\/p>\n<p style=\"text-align: justify;\"><em>Art. 42<\/em>. La Universidad o Facultad debe tener aulas verdaderamente funcionales y decorosas, adecuadas a las exigencias de la ense\u00f1anza de las distintas disciplinas y al n\u00famero de alumnos.<\/p>\n<p style=\"text-align: justify;\"><em>Art. 43<\/em>. Debe haber a disposici\u00f3n una Biblioteca para consultas, en la que se encuentren las obras principales necesarias para el trabajo cient\u00edfico tanto de los profesores como de los alumnos.<\/p>\n<p style=\"text-align: justify;\"><em>Art. 44<\/em>. Se establezcan normas para la Biblioteca, de manera que se facilite el acceso y el uso, particularmente a los profesores y a los alumnos.<\/p>\n<p style=\"text-align: justify;\"><em>Art. 45.<\/em>\u00a0Se fomente tambi\u00e9n la colaboraci\u00f3n y la coordinaci\u00f3n entre las bibliotecas de la misma ciudad o regi\u00f3n.<\/p>\n<p style=\"text-align: justify;\"><strong>T\u00edtulo IX<\/strong><\/p>\n<p style=\"text-align: justify;\"><strong>CUESTIONES ECON\u00d3MICAS<\/strong><\/p>\n<p style=\"text-align: justify;\">(Const. Apost.,\u00a0art. 57-60)<\/p>\n<p style=\"text-align: justify;\"><em>Art. 46<\/em>. \u00a7 1. Para la buena marcha de la administraci\u00f3n, procuren las Autoridades acad\u00e9micas informarse, en fechas determinadas, de la situaci\u00f3n econ\u00f3mica, someti\u00e9ndola peri\u00f3dicamente a un cuidadoso control.<\/p>\n<ul style=\"text-align: justify;\">\n<li>2. Anualmente el Rector o el Presidente transmitan una relaci\u00f3n sobre el estado econ\u00f3mico de la Universidad o de la Facultad al Gran Canciller.<\/li>\n<\/ul>\n<p style=\"text-align: justify;\"><em>Art. 47.\u00a0<\/em>\u00a7 1. Se provea de modo oportuno a que el pago de las tasas acad\u00e9micas no impida el acceso a los grados acad\u00e9micos a aquellos alumnos que, por las cualidades intelectuales de que est\u00e1n dotados, dan esperanzas de ser muy \u00fatiles a la Iglesia en el futuro.<\/p>\n<ul style=\"text-align: justify;\">\n<li>2. Se ha de procurar por tanto que se creen para los estudiantes, particulares ayudas econ\u00f3micas, de proveniencia eclesial, civil o privada, destinadas a ayudarles.<\/li>\n<\/ul>\n<p style=\"text-align: justify;\"><strong>T\u00edtulo X<\/strong><\/p>\n<p style=\"text-align: justify;\"><strong>PLANIFICACI\u00d3N Y COOPERACI\u00d3N ENTRE LAS FACULTADES<\/strong><\/p>\n<p style=\"text-align: justify;\">(Const. Apost.,\u00a0art. 61-67)<\/p>\n<p style=\"text-align: justify;\"><em>Art. 48.\u00a0<\/em>\u00a7 1. Cuando se trate de crear una nueva Universidad o Facultad, es necesario:<\/p>\n<ol style=\"text-align: justify;\">\n<li><em>a)<\/em>demostrar una necesidad o verdadera utilidad, que no pueda satisfacerse por la afiliaci\u00f3n, o la agregaci\u00f3n o la incorporaci\u00f3n;<\/li>\n<li><em>b)<\/em>presentar los requisitos necesarios, de los cuales los principales son:<\/li>\n<\/ol>\n<p style=\"text-align: justify;\">1\u00b0 el n\u00famero de Profesores estables y su titulaci\u00f3n, de acuerdo con la naturaleza y las exigencias de la Facultad;<\/p>\n<p style=\"text-align: justify;\">2\u00b0 un conveniente n\u00famero de alumnos;<\/p>\n<p style=\"text-align: justify;\">3\u00b0 la biblioteca, los dem\u00e1s subsidios cient\u00edficos y las aulas;<\/p>\n<p style=\"text-align: justify;\">4\u00b0 recursos econ\u00f3micos realmente suficientes para la Universidad o Facultad;<\/p>\n<ol style=\"text-align: justify;\">\n<li><em>c)<\/em>presentar los Estatutos, junto con el plan de estudios, que est\u00e9n en conformidad con la presente Constituci\u00f3n y con estas Normas aplicativas.<\/li>\n<\/ol>\n<ul style=\"text-align: justify;\">\n<li>2. La Congregaci\u00f3n para la Educaci\u00f3n Cat\u00f3lica \u2014 o\u00eddo el parecer tanto de la Conferencia Episcopal, del Obispo diocesano o eparquial, principalmente por lo que se refiere al aspecto pastoral, como de los peritos, en particular los de las Facultades m\u00e1s pr\u00f3ximas, m\u00e1s bien bajo el aspecto cient\u00edfico \u2014 determinar\u00e1 sobre la oportunidad de proceder a la nueva erecci\u00f3n.<\/li>\n<\/ul>\n<p style=\"text-align: justify;\"><em>Art. 49.<\/em>\u00a0Cuando se trate de aprobar una Universidad o Facultad, se requiere:<\/p>\n<ol style=\"text-align: justify;\">\n<li><em>a)<\/em>el consentimiento tanto de la Conferencia Episcopal como del Obispo diocesano o eparquial;<\/li>\n<li><em>b)<\/em>que se cumplan las condiciones establecidas en el art\u00edculo 48, \u00a7 1,\u00a0<em>b)<\/em><em>c).<\/em><\/li>\n<\/ol>\n<p style=\"text-align: justify;\"><em>Art. 50<\/em>. Las condiciones de la afiliaci\u00f3n se refieren sobre todo al n\u00famero y a la calidad de los profesores, al plan de estudios, a la biblioteca y al deber de la Facultad afiliante de asistir al Instituto afiliado; esto exige normalmente que la Facultad afiliante y el Instituto afiliado se encuentren en la misma naci\u00f3n o regi\u00f3n cultural.<\/p>\n<p style=\"text-align: justify;\"><em>Art. 51<\/em>. \u00a7 1. La agregaci\u00f3n es la uni\u00f3n con una Facultad de un Instituto, que solamente abarque el primero y el segundo ciclo, con el fin de conseguir a trav\u00e9s de la Facultad los correspondientes grados acad\u00e9micos.<\/p>\n<ul style=\"text-align: justify;\">\n<li>2. La incorporaci\u00f3n en cambio, es la inserci\u00f3n en una Facultad de un Instituto que abarque el segundo o tercer ciclo o tambi\u00e9n entrambos, con el fin de conseguir median te la Facultad los correspondientes grados acad\u00e9micos.<\/li>\n<li>3. La agregaci\u00f3n y la incorporaci\u00f3n no pueden concederse si el Instituto no est\u00e1 adecuadamente equipado para la consecuci\u00f3n de los correspondientes grados acad\u00e9micos, de manera que se tenga fundada esperanza de que la conexi\u00f3n con la Facultad pueda llevar realmente a la finalidad deseada.<\/li>\n<\/ul>\n<p style=\"text-align: justify;\"><em>Art. 52<\/em>. \u00a7 1. Se ha de fomentar la cooperaci\u00f3n entre las Facultades Eclesi\u00e1sticas, bien sea mediante la rec\u00edproca invitaci\u00f3n de los profesores, la comunicaci\u00f3n de las propias actividades cient\u00edficas, o bien mediante la promoci\u00f3n de investigaciones comunes orientadas a la utilidad del pueblo de Dios.<\/p>\n<ul style=\"text-align: justify;\">\n<li>2. Se debe promover tambi\u00e9n la cooperaci\u00f3n con las dem\u00e1s Facultades aun no cat\u00f3licas, pero conservando fielmente la propia identidad.<\/li>\n<\/ul>\n<p style=\"text-align: justify;\">\n<p style=\"text-align: justify;\"><strong>PARTE SEGUNDA<\/strong><\/p>\n<p style=\"text-align: justify;\"><strong>NORMAS ESPECIALES<\/strong><\/p>\n<p style=\"text-align: justify;\"><strong>T\u00edtulo I<\/strong><\/p>\n<p style=\"text-align: justify;\"><strong>LA FACULTAD DE TEOLOG\u00cdA<\/strong><\/p>\n<p style=\"text-align: justify;\">(Const. Apost.,\u00a0art. 68-76)<\/p>\n<p style=\"text-align: justify;\"><em>Art. 53.<\/em>\u00a0Las disciplinas teol\u00f3gicas sean ense\u00f1adas de manera que aparezca claramente su conexi\u00f3n org\u00e1nica y se pongan de relieve sus varias dimensiones, intr\u00ednsecamente pertenecientes a la \u00edndole propia de la doctrina sagrada cuales son ante todo la b\u00edblica, la patr\u00edstica, la hist\u00f3rica, la lit\u00fargica y la pastoral. Los alumnos ser\u00e1n orientados a una profunda asimilaci\u00f3n de la materia y al mismo tiempo a la formaci\u00f3n de una s\u00edntesis personal, con el fin de hacer propio el m\u00e9todo de la investigaci\u00f3n cient\u00edfica y de prepararse id\u00f3neamente a la exposici\u00f3n adecuada de la doctrina sagrada.<\/p>\n<p style=\"text-align: justify;\"><em>Art. 54.<\/em>\u00a0En la ense\u00f1anza han de observarse las normas contenidas en los documentos del Concilio Vaticano II<a name=\"_ftnref107\"><\/a><a href=\"http:\/\/w2.vatican.va\/content\/francesco\/es\/apost_constitutions\/documents\/papa-francesco_costituzione-ap_20171208_veritatis-gaudium.html#_ftn107\">[107]<\/a>, y tambi\u00e9n en los documentos m\u00e1s recientes de la Santa Sede<a name=\"_ftnref108\"><\/a><a href=\"http:\/\/w2.vatican.va\/content\/francesco\/es\/apost_constitutions\/documents\/papa-francesco_costituzione-ap_20171208_veritatis-gaudium.html#_ftn108\">[108]<\/a>, en cuanto se refieren a los estudios acad\u00e9micos.<\/p>\n<p style=\"text-align: justify;\"><em>Art. 55.<\/em>\u00a0Las disciplinas obligatorias son:<\/p>\n<p style=\"text-align: justify;\">Las disciplinas obligatorias son:<\/p>\n<p style=\"text-align: justify;\">1\u00b0 En el primer ciclo:<\/p>\n<ol style=\"text-align: justify;\">\n<li><em>a)<\/em>Las disciplinas filos\u00f3ficas que se requieren para la Teolog\u00eda, como son en primer lugar la filosof\u00eda sistem\u00e1tica y la historia de la filosof\u00eda (antigua, medieval, moderna, contempor\u00e1nea). La ense\u00f1anza sistem\u00e1tica, adem\u00e1s de una introducci\u00f3n general, deber\u00e1 comprender las partes principales de la filosof\u00eda: 1) metaf\u00edsica (entendida como filosof\u00eda del ser y teolog\u00eda natural), 2) filosof\u00eda de la naturaleza, 3) filosof\u00eda del hombre, 4) filosof\u00eda moral y pol\u00edtica, 5) l\u00f3gica y filosof\u00eda del conocimiento.<\/li>\n<\/ol>\n<p style=\"text-align: justify;\">&#8211; Excluidas las ciencias humanas, las disciplinas estrictamente filos\u00f3ficas (cf. Ord., Art. 66, 1\u00ba a) deben constituir al menos el 60% del n\u00famero de los cr\u00e9ditos de los dos primeros a\u00f1os. Cada a\u00f1o deber\u00e1 prever un n\u00famero de cr\u00e9ditos adecuados a un a\u00f1o de estudios universitarios a tiempo completo.<\/p>\n<p style=\"text-align: justify;\">&#8211; Es en gran manera recomendable que los cursos de filosof\u00eda est\u00e9n concentrados en los dos primeros a\u00f1os de la formaci\u00f3n filos\u00f3fico-teol\u00f3gica. Estos estudios de filosof\u00eda, realizados en raz\u00f3n de los estudios de teolog\u00eda, estar\u00e1n unidos en el arco de este bienio, a los cursos introductorios de la teolog\u00eda.<\/p>\n<ol style=\"text-align: justify;\">\n<li><em>b)<\/em>Las disciplinas teol\u00f3gicas, a saber:<\/li>\n<\/ol>\n<p style=\"text-align: justify;\">\u2014 la Sagrada Escritura: introducci\u00f3n y ex\u00e9gesis;<\/p>\n<p style=\"text-align: justify;\">\u2014 la Teolog\u00eda fundamental, con referencia a las cuestiones sobre el ecumenismo, las religiones no cristianas, el ate\u00edsmo y las otras corrientes de la cultura contempor\u00e1nea;<\/p>\n<p style=\"text-align: justify;\">\u2014 la Teolog\u00eda dogm\u00e1tica;<\/p>\n<p style=\"text-align: justify;\">\u2014 la Teolog\u00eda moral y espiritual;<\/p>\n<p style=\"text-align: justify;\">\u2014 la Teolog\u00eda pastoral;<\/p>\n<p style=\"text-align: justify;\">\u2014 la Liturgia;<\/p>\n<p style=\"text-align: justify;\">\u2014 la Historia de la Iglesia, la Patrolog\u00eda y la Arqueolog\u00eda;<\/p>\n<p style=\"text-align: justify;\">\u2014 el Derecho can\u00f3nico.<\/p>\n<ol style=\"text-align: justify;\">\n<li><em>c)<\/em>Las disciplinas auxiliares, esto es, algunas ciencias humanas y, adem\u00e1s de la lengua latina, las lenguas b\u00edblicas en la medida en que se requieren para los ciclos siguientes.<\/li>\n<\/ol>\n<p style=\"text-align: justify;\">2\u00b0 En el segundo ciclo: las disciplinas especiales, oportunamente establecidas en las diversas secciones, seg\u00fan las distintas especialidades, con seminarios y ejercitaciones propias, comprendiendo tambi\u00e9n alg\u00fan trabajo escrito.<\/p>\n<p style=\"text-align: justify;\">3\u00b0 En el tercer ciclo: el plan de estudios de Facultad determinar\u00e1 si se deben ense\u00f1ar disciplinas peculiares con los relativos seminarios y ejercitaciones y cu\u00e1les lenguas antiguas y modernas debe comprender el estudiante para la elaboraci\u00f3n de la tesis doctoral.<\/p>\n<p style=\"text-align: justify;\"><em>Art. 56<\/em>. En el quinquenio institucional hay que procurar con diligencia que todas las disciplinas sean explicadas con orden, amplitud y m\u00e9todo propio, de manera que concurran arm\u00f3nica y eficazmente al objeto de ofrecer a los alumnos una formaci\u00f3n s\u00f3lida, org\u00e1nica y completa en materia teol\u00f3gica, gracias a la cual se les capacite para proseguir los estudios superiores del segundo ciclo, as\u00ed como para ejercer convenientemente determinados oficios eclesi\u00e1sticos.<\/p>\n<p style=\"text-align: justify;\"><em>Art. 57<\/em>. El n\u00famero de profesores que ense\u00f1en filosof\u00eda debe ser de al menos tres, provistos de los t\u00edtulos filos\u00f3ficos requeridos (cfr.\u00a0<em>Ord.<\/em>, Art. 19 y 67, 2). Deben ser estables, es decir, dedicados a tiempo completo a la ense\u00f1anza de la filosof\u00eda y a la investigaci\u00f3n en este campo.<\/p>\n<p style=\"text-align: justify;\"><em>Art. 58<\/em>. Adem\u00e1s de los ex\u00e1menes o pruebas equivalentes de cada disciplina, al final del primero y del segundo ciclo se haga o un examen global de todas las disciplinas o una prueba equivalente, en el cual el alumno demuestre que ha adquirido la plena formaci\u00f3n cient\u00edfica requerida por el ciclo en cuesti\u00f3n.<\/p>\n<p style=\"text-align: justify;\"><em>Art. 59<\/em>. Corresponde a la Facultad determinar en qu\u00e9 condiciones los alumnos, que hayan terminado regularmente el curr\u00edculo filos\u00f3fico-teol\u00f3gico en un Seminario mayor o en otro Instituto superior aprobado, pueden ser admitidos al segundo ciclo, teniendo cuidadosamente en cuenta los estudios ya hechos y, seg\u00fan el caso, prescribiendo tambi\u00e9n cursos y ex\u00e1menes especiales.<\/p>\n<p style=\"text-align: justify;\"><strong>T\u00edtulo II<\/strong><\/p>\n<p style=\"text-align: justify;\"><strong>LA FACULTAD DE DERECHO CAN\u00d3NICO<\/strong><\/p>\n<p style=\"text-align: justify;\">(Const. Apost.,\u00a0art. 77-80)<\/p>\n<p style=\"text-align: justify;\"><em>Art. 60<\/em>. En la Facultad de Derecho Can\u00f3nico, Latino u Oriental, se ha de procurar ense\u00f1ar cient\u00edficamente tanto la historia y los textos de las leyes eclesi\u00e1sticas, tanto su sentido y conexi\u00f3n, como sus fundamentos teol\u00f3gicos.<\/p>\n<p style=\"text-align: justify;\"><em>Art. 61<\/em>. Las disciplinas obligatorias son:<\/p>\n<p style=\"text-align: justify;\">1)\u00a0<em>En el primer ciclo:<\/em><\/p>\n<ol style=\"text-align: justify;\">\n<li>a) elementos de filosof\u00eda: antropolog\u00eda filos\u00f3fica, metaf\u00edsica y \u00e9tica;<\/li>\n<li>b) elementos de teolog\u00eda: introducci\u00f3n a la sagrada Escritura; teolog\u00eda fundamental: revelaci\u00f3n divina, su transmisi\u00f3n y credibilidad; teolog\u00eda trinitaria; cristolog\u00eda; tratado sobre la gracia; de modo particular, eclesiolog\u00eda; teolog\u00eda sacramental general y especial; teolog\u00eda moral fundamental y especial;<\/li>\n<li>c) instituciones generales de derecho can\u00f3nico;<\/li>\n<li>d) lengua latina.<\/li>\n<\/ol>\n<p style=\"text-align: justify;\">2)<em>\u00a0En el segundo ciclo:\u00a0<\/em><\/p>\n<ol style=\"text-align: justify;\">\n<li>a) el C\u00f3digo de derecho can\u00f3nico o el C\u00f3digo de c\u00e1nones de las Iglesias orientales en todas sus partes y las dem\u00e1s leyes can\u00f3nicas vigentes;<\/li>\n<li>b) disciplinas conexas: teolog\u00eda del derecho can\u00f3nico; filosof\u00eda del derecho; instituciones del derecho romano; elementos de derecho civil; historia de las instituciones can\u00f3nicas; historia de las fuentes del derecho can\u00f3nico; relaciones entre la Iglesia y la sociedad civil; praxis can\u00f3nica administrativa y judicial;<\/li>\n<li>c) introducci\u00f3n al C\u00f3digo de c\u00e1nones de las Iglesias orientales para los estudiantes de una Facultad de derecho can\u00f3nico latino; introducci\u00f3n al C\u00f3digo de derecho can\u00f3nico para los estudiantes de una Facultad de derecho can\u00f3nico oriental;<\/li>\n<li>d) lengua latina;<\/li>\n<li>e) cursos opcionales, ejercitaciones y seminarios prescritos por cada Facultad.<\/li>\n<\/ol>\n<p style=\"text-align: justify;\">3)\u00a0<em>En el tercer ciclo:<\/em><\/p>\n<ol style=\"text-align: justify;\">\n<li>a) latinidad can\u00f3nica;<\/li>\n<li>b) cursos opcionales o ejercitaciones prescritas por cada Facultad.<\/li>\n<\/ol>\n<p style=\"text-align: justify;\"><em>Art. 62<\/em>. \u00a7 1. Pueden ser admitidos directamente al segundo ciclo los estudiantes que hayan completado el curr\u00edculo filos\u00f3fico-teol\u00f3gico en un seminario mayor o en una Facultad teol\u00f3gica, a no ser que el decano considere necesario u oportuno exigir un curso previo de lengua latina o de instituciones generales de derecho can\u00f3nico.<\/p>\n<p style=\"text-align: justify;\">Quienes demuestren que ya han estudiado algunas materias del primer ciclo en una Facultad o instituto universitario id\u00f3neos, pueden ser dispensados de ellas.<\/p>\n<ul style=\"text-align: justify;\">\n<li>2. Quienes hayan conseguido un grado acad\u00e9mico en derecho civil pueden ser dispensados de algunos cursos del segundo ciclo (como derecho romano y derecho civil), pero no podr\u00e1n ser eximidos del trienio de licenciatura.<\/li>\n<li>3. Al concluir el segundo ciclo, los estudiantes deben conocer de tal manera la lengua latina, que puedan entender bien el C\u00f3digo de derecho can\u00f3nico y el C\u00f3digo de c\u00e1nones de las Iglesias orientales, as\u00ed como los dem\u00e1s documentos can\u00f3nicos; esa obligaci\u00f3n se mantiene tambi\u00e9n en el tercer ciclo, de modo que puedan interpretar correctamente las fuentes del derecho as\u00ed como tambi\u00e9n las otras lenguas necesarias para la elaboraci\u00f3n de la disertaci\u00f3n.<\/li>\n<\/ul>\n<p style=\"text-align: justify;\"><em>Art. 63<\/em>. Adem\u00e1s de los ex\u00e1menes o pruebas equivalentes sobre cada una de las disciplinas, al final del segundo ciclo se har\u00e1 un examen de conjunto o una prueba equivalente, donde el alumno demuestre haber adquirido la plena madurez cient\u00edfica requerida por dicho ciclo.<\/p>\n<p style=\"text-align: justify;\"><strong>T\u00edtulo III<\/strong><\/p>\n<p style=\"text-align: justify;\"><strong>LA FACULTAD DE FILOSOF\u00cdA<\/strong><\/p>\n<p style=\"text-align: justify;\">(Const. Apost.,\u00a0art. 81-84)<\/p>\n<p style=\"text-align: justify;\"><em>Art. 64<\/em>. \u00a7 1. La investigaci\u00f3n y la ense\u00f1anza de la filosof\u00eda en una Facultad eclesi\u00e1stica de Filosof\u00eda deben basarse \u201cen el patrimonio filos\u00f3fico perennemente v\u00e1lido\u201d<a name=\"_ftnref109\"><\/a><a href=\"http:\/\/w2.vatican.va\/content\/francesco\/es\/apost_constitutions\/documents\/papa-francesco_costituzione-ap_20171208_veritatis-gaudium.html#_ftn109\">[109]<\/a>, que se ha desarrollado a lo largo de la historia, teniendo en cuenta particularmente la obra de Santo Tom\u00e1s de Aquino. Al mismo tiempo, la filosof\u00eda ense\u00f1ada en una Facultad eclesi\u00e1stica deber\u00e1 estar abierta a las contribuciones que las investigaciones m\u00e1s recientes han aportado y contin\u00faan aportando. Se requerir\u00e1 subrayar la dimensi\u00f3n sapiencial y metaf\u00edsica de la filosof\u00eda.<\/p>\n<ul style=\"text-align: justify;\">\n<li>2.En el primer ciclo, la Filosof\u00eda se ense\u00f1e de manera que los alumnos del ciclo institucional logren una s\u00edntesis doctrinal, s\u00f3lida y coherente, aprendan a examinar y a juzgar los diversos sistemas filos\u00f3ficos y se acostumbren gradualmente a una mentalidad filos\u00f3fica personal.<\/li>\n<li>3. Si los estudiantes del primer ciclo de los estudios teol\u00f3gicos frecuentan los cursos del primer ciclo de la Facultad de Filosof\u00eda, se preste atenci\u00f3n a que sea salvaguardada la especificidad del contenido y del objetivo de cada proceso formativo. Al terminar la formaci\u00f3n filos\u00f3fica, no ser\u00e1 entregado ning\u00fan t\u00edtulo acad\u00e9mico en filosof\u00eda (cfr\u00a0<em>VG<\/em>, art. 74 a), pero los estudiantes podr\u00e1n solicitar un certificado que reconozca los cursos frecuentados y los cr\u00e9ditos obtenidos.<\/li>\n<li>4<em>.\u00a0<\/em>La formaci\u00f3n obtenida en el primer ciclo podr\u00e1 ser perfeccionada en el ciclo sucesivo de inicio de especializaci\u00f3n mediante la mayor concentraci\u00f3n sobre una parte de la filosof\u00eda y un mayor empe\u00f1o por parte del estudiante en la reflexi\u00f3n filos\u00f3fica.<\/li>\n<li>5.Es oportuno hacer una clara distinci\u00f3n entre los estudios de las Facultades eclesi\u00e1sticas de Filosof\u00eda y el recorrido filos\u00f3fico que forma parte integrante de los estudios en una Facultad de Teolog\u00eda o en un Seminario mayor. En una instituci\u00f3n donde se hallen contempor\u00e1neamente tanto una Facultad eclesi\u00e1stica de Filosof\u00eda como una Facultad de Teolog\u00eda, cuando los cursos de filosof\u00eda que forman parte del primer ciclo quinquenal de teolog\u00eda se realizan en la Facultad de Filosof\u00eda, la autoridad que decide el programa es el Decano de la Facultad de Teolog\u00eda, respetando la ley vigente y valorando la colaboraci\u00f3n estrecha con la Facultad de Filosof\u00eda.<\/li>\n<\/ul>\n<p style=\"text-align: justify;\"><em>Art. 65<\/em>. En la ense\u00f1anza de la Filosof\u00eda se deben observar las normas que le ata\u00f1en y que se contienen en los documentos del Concilio Vaticano II<a name=\"_ftnref110\"><\/a><a href=\"http:\/\/w2.vatican.va\/content\/francesco\/es\/apost_constitutions\/documents\/papa-francesco_costituzione-ap_20171208_veritatis-gaudium.html#_ftn110\">[110]<\/a>, en lo que hacen referencia a los estudios acad\u00e9micos.<\/p>\n<p style=\"text-align: justify;\"><em>Art. 66<\/em>. Las disciplinas ense\u00f1adas en los diversos ciclos son:<\/p>\n<p style=\"text-align: justify;\"><em>1\u00b0 En el primer ciclo:<\/em><\/p>\n<ol style=\"text-align: justify;\">\n<li>a) Las materias obligatorias fundamentales:<\/li>\n<\/ol>\n<p style=\"text-align: justify;\">\u2014 Una introducci\u00f3n general que pretender\u00e1, en modo particular, mostrar la dimensi\u00f3n sapiencial de la filosof\u00eda.<\/p>\n<p style=\"text-align: justify;\">\u2014 Las disciplinas filos\u00f3ficas principales: 1) metaf\u00edsica (entendida como filosof\u00eda del ser y teolog\u00eda natural), 2) filosof\u00eda de la naturaleza, 3) filosof\u00eda del hombre, 4) filosof\u00eda moral y pol\u00edtica, 5) l\u00f3gica y filosof\u00eda del conocimiento. Dada la importancia particular de la metaf\u00edsica, a esta disciplina le deber\u00e1 corresponder un adecuado n\u00famero de los cr\u00e9ditos.<\/p>\n<p style=\"text-align: justify;\">\u2014 La historia de la filosof\u00eda: antigua, medieval, moderna y contempor\u00e1nea. El examen atento de las corrientes que han tenido mayor influencia, ser\u00e1 acompa\u00f1ado, cuando sea posible, de una lectura de textos de los autores m\u00e1s significativos. Se a\u00f1adir\u00e1, en funci\u00f3n de las necesidades, un estudio de filosof\u00edas locales.<\/p>\n<p style=\"text-align: justify;\">Las materias obligatorias fundamentales deben constituir al menos el 60% y no superar el 70% del n\u00famero de los cr\u00e9ditos del primer ciclo.<\/p>\n<ol style=\"text-align: justify;\">\n<li>b) Las materias obligatorias complementarias:<\/li>\n<\/ol>\n<p style=\"text-align: justify;\">\u2014 El estudio de las relaciones entre raz\u00f3n y fe cristiana, o sea, entre filosof\u00eda y teolog\u00eda, desde un punto de vista sistem\u00e1tico e hist\u00f3rico, con la atenci\u00f3n puesta en salvaguardar, tanto la autonom\u00eda de los propios campos como su vinculaci\u00f3n mutua.<\/p>\n<p style=\"text-align: justify;\">\u2014 El lat\u00edn, en modo de poder comprender las obras filos\u00f3ficas (especialmente de los autores cristianos) redactadas en dicha lengua. Un tal conocimiento del lat\u00edn se debe verificar en el arco de los primeros dos a\u00f1os.<\/p>\n<p style=\"text-align: justify;\">\u2014 Una lengua moderna diferente de la propia lengua madre, cuyo conocimiento se debe verificar antes de finalizar el tercer a\u00f1o.<\/p>\n<p style=\"text-align: justify;\">\u2014 Una introducci\u00f3n a la metodolog\u00eda de estudio y del trabajo cient\u00edfico que favorezca el uso de los instrumentos de la investigaci\u00f3n y la pr\u00e1ctica del discurso argumentativo.<\/p>\n<ol style=\"text-align: justify;\">\n<li>c) Las materias complementarias opcionales:<\/li>\n<\/ol>\n<p style=\"text-align: justify;\">\u2014 Elementos de literatura y de las artes.<\/p>\n<p style=\"text-align: justify;\">\u2014 Elementos de alguna ciencia humana y de alguna ciencia natural (por ejemplo: psicolog\u00eda, sociolog\u00eda, historia, biolog\u00eda, f\u00edsica). Se controle, de manera particular, que se establezca una conexi\u00f3n entre las ciencias y la filosof\u00eda.<\/p>\n<p style=\"text-align: justify;\">\u2014 Alguna otra disciplina filos\u00f3fica opcional, por ejemplo: filosof\u00eda de las ciencias, filosof\u00eda de la cultura, filosof\u00eda del arte, filosof\u00eda de la t\u00e9cnica, filosof\u00eda del lenguaje, filosof\u00eda del derecho, filosof\u00eda de la religi\u00f3n.<\/p>\n<p style=\"text-align: justify;\">2\u00b0\u00a0<em>En el segundo ciclo<\/em>:<\/p>\n<p style=\"text-align: justify;\">\u2014 Algunas disciplinas especiales que ser\u00e1n distribuidas oportunamente en las varias secciones seg\u00fan las diversas especializaciones, con las respectivas ejercitaciones y seminarios, incluyendo tambi\u00e9n una tesina escrita.<\/p>\n<p style=\"text-align: justify;\">\u2014 El conocimiento o la profundizaci\u00f3n del griego antiguo, o de una segunda lengua moderna, adem\u00e1s de aquella exigida en el primer ciclo o la profundizaci\u00f3n de esta \u00faltima.<\/p>\n<p style=\"text-align: justify;\">3\u00b0\u00a0<em>En el tercer ciclo<\/em>:<\/p>\n<p style=\"text-align: justify;\">El Plan de estudios de la Facultad determinar\u00e1 si se deben ense\u00f1ar disciplinas especiales y cu\u00e1les son \u00e9stas, con sus ejercitaciones y seminarios. Ser\u00e1 necesario el aprendizaje de otra lengua o la profundizaci\u00f3n de algunas de las lenguas estudiadas precedentemente.<\/p>\n<p style=\"text-align: justify;\"><em>Art. 67<\/em>. \u00a7 1. La Facultad debe emplear de modo estable al menos siete docentes debidamente cualificados de modo que puedan asegurar la ense\u00f1anza de cada una de las materias obligatorias fundamentales (cfr.\u00a0<em>Ord.<\/em>, art. 66, 1\u00b0; art. 48, \u00a7 1, b).<\/p>\n<p style=\"text-align: justify;\">En particular: el primer ciclo debe tener al menos cinco docentes estables distribuidos del siguiente modo: uno en metaf\u00edsica; uno en filosof\u00eda de la naturaleza; uno en filosof\u00eda del hombre; uno en filosof\u00eda moral y pol\u00edtica; uno en l\u00f3gica y en filosof\u00eda del conocimiento.<\/p>\n<p style=\"text-align: justify;\">Para el resto de las materias, obligatorias y opcionales, la Facultad puede pedir la ayuda de otros docentes.<\/p>\n<ul style=\"text-align: justify;\">\n<li>2. Un docente queda habilitado para ense\u00f1ar en una Instituci<em>\u00f3<\/em>n eclesi\u00e1stica si ha conseguido los grados acad\u00e9micos requeridos en el seno de una Facultad eclesi\u00e1stica de Filosof\u00eda (cfr.\u00a0<em>Ord.<\/em>, art. 19).<\/li>\n<li>3. Si el docente no est\u00e1 en posesi\u00f3n ni de un Doctorado can\u00f3nico ni de una Licencia can\u00f3nica, podr\u00e1 ser contado como docente estable s\u00f3lo con la condici\u00f3n que su formaci\u00f3n filos\u00f3fica sea coherente con el contenido y el m\u00e9todo que se propone en una Facultad eclesi\u00e1stica. Al valorar los candidatos a la ense\u00f1anza en una Facultad eclesi\u00e1stica de Filosof\u00eda se deber\u00e1 considerar: la necesaria competencia en la materia asignada; una oportuna apertura a la visi\u00f3n de conjunto del saber; la adhesi\u00f3n en sus publicaciones y en sus actividades did\u00e1cticas a la verdad ense\u00f1ada por la fe; un conocimiento adecuadamente profundizado de la armoniosa relaci\u00f3n entre fe y raz\u00f3n.<\/li>\n<li>4. Se necesitar\u00e1, garantizar que una Facultad eclesi\u00e1stica de Filosof\u00eda tenga siempre una mayor\u00eda de docentes estables en posesi\u00f3n de un Doctorado eclesi\u00e1stico en Filosof\u00eda, o de una Licencia eclesi\u00e1stica en una ciencia sagrada junto a un Doctorado en Filosof\u00eda conseguido en una Universidad no eclesi\u00e1stica.<\/li>\n<\/ul>\n<p style=\"text-align: justify;\"><em>Art. 68<\/em>. En general, para que un estudiante pueda ser admitido en el segundo ciclo de filosof\u00eda, es necesario que haya obtenido el Bachillerato eclesi\u00e1stico en Filosof\u00eda.<\/p>\n<p style=\"text-align: justify;\">Si un estudiante ha hecho estudios filos\u00f3ficos en una Facultad no eclesi\u00e1stica de Filosof\u00eda, en una Universidad cat\u00f3lica o en otro Instituto de Estudios superiores, puede ser admitido al segundo ciclo s\u00f3lo despu\u00e9s de haber demostrado, con un examen apropiado, que su preparaci\u00f3n es conciliable con aquella propuesta por una Facultad eclesi\u00e1stica de Filosof\u00eda y haber completado eventuales lagunas en relaci\u00f3n a los a\u00f1os y al plan de estudio previsto para el primer ciclo en base a las presentes\u00a0<em>Ordinationes.<\/em>La elecci\u00f3n de los cursos deber\u00e1 favorecer una s\u00edntesis de las materias recibidas (cfr.\u00a0<em>VG<\/em>, art. 82, a). Al terminar estos estudios integrativos, el estudiante ser\u00e1 admitido en el segundo ciclo, sin recibir el Bachillerato eclesi\u00e1stico en Filosof\u00eda.<\/p>\n<p style=\"text-align: justify;\"><em>Art. 69.<\/em>\u00a0\u00a7 1 Teniendo en cuenta la reforma del primer ciclo de tres a\u00f1os de los estudios eclesi\u00e1sticos de filosof\u00eda que se concluye con el Bachillerato en Filosof\u00eda, la afiliaci\u00f3n filos\u00f3fica debe estar en conformidad con todo lo que ha sido decretado para el primer ciclo, en cuanto al n\u00famero de a\u00f1os y al programa de los estudios (cfr.\u00a0<em>Ord.<\/em>, art. 66, 1\u00b0); el n\u00famero de los docentes estables en un instituto filos\u00f3fico afiliado debe ser al menos de cinco con las cualificaciones requeridas (cfr.\u00a0<em>Ord.<\/em>, art. 67).<\/p>\n<ul style=\"text-align: justify;\">\n<li>2. Teniendo en cuenta la reforma del segundo ciclo de dos a\u00f1os de los estudios eclesi\u00e1sticos de filosof\u00eda que se concluyen con la Licencia en filosof\u00eda, la agregaci\u00f3n filos\u00f3fica debe estar en conformidad con aquello que ha sido decretado para el primer y para el segundo ciclo, en cuanto al n\u00famero de a\u00f1os y al plan de estudios (cfr.\u00a0<em>VG<\/em>, art. 74 a y b;\u00a0<em>Ord<\/em>., art. 66); el n\u00famero de docentes estables en un instituto filos\u00f3fico agregado debe ser de al menos seis con las cualificaciones requeridas (cfr.\u00a0<em>Ord<\/em>. art. 67).<\/li>\n<li>3. Teniendo en cuenta la reforma de los estudios filos\u00f3ficos incluidos en el primer ciclo filos\u00f3fico-teol\u00f3gico que se concluye con el Bachillerato en Teolog\u00eda, la formaci\u00f3n filos\u00f3fica de un Instituto afiliado en Teolog\u00eda debe estar en conformidad con aquello que ha sido decretado en cuanto al plan de estudios (cfr.\u00a0<em>Ord<\/em>., art 55, 1\u00ba); el n\u00famero de docentes estables en Filosof\u00eda debe ser de al menos dos.<\/li>\n<\/ul>\n<p style=\"text-align: justify;\"><strong>T\u00edtulo IV<\/strong><\/p>\n<p style=\"text-align: justify;\"><strong>OTRAS FACULTADES<\/strong><\/p>\n<p style=\"text-align: justify;\">(Const. Apost.,\u00a0art. 85-87)<\/p>\n<p style=\"text-align: justify;\"><em>Art. 70.<\/em>\u00a0Para conseguir los fines expuestos en el art\u00edculo 85 de la Constituci\u00f3n Apost\u00f3lica, han sido ya erigidas y habilitadas para conferir grados acad\u00e9micos con autoridad de la Santa Sede, las siguientes Facultades o Institutos\u00a0<em>ad instar Facultatis<\/em>:<\/p>\n<p style=\"text-align: justify;\">\u2014 de Arqueolog\u00eda Cristiana,<br \/>\n\u2015 de Bio\u00e9tica,<br \/>\n\u2014 de Ciencias de la Educaci\u00f3n o Pedagog\u00eda,<br \/>\n\u2014 de Ciencias Religiosas,<br \/>\n\u2014 de Ciencias Sociales,<br \/>\n\u2015 de Comunicaci\u00f3n Social,<br \/>\n\u2015 de Espiritualidad,<br \/>\n\u2014 de Estudios \u00c1rabes y de Islamolog\u00eda,<br \/>\n\u2015 de Estudios B\u00edblicos,<br \/>\n\u2014 de Estudios Orientales,<br \/>\n\u2014 de Estudios Medievales,<br \/>\n\u2015 de Estudios sobre Matrimonio y Familia,<br \/>\n\u2014 de Historia Eclesi\u00e1stica,<br \/>\n\u2014 de Literatura Cristiana y Cl\u00e1sica,<br \/>\n\u2014 de Liturgia,<br \/>\n\u2014 de Misionolog\u00eda,<br \/>\n\u2014 de M\u00fasica Sacra,<br \/>\n\u2015 de Oriente Antiguo,<br \/>\n\u2014 de Psicolog\u00eda.<\/p>\n<p style=\"text-align: justify;\">Su Santidad el Papa Francisco ha aprobado y ha mandado publicar todas y cada una de las presentes Normas Aplicativas, no obstante cualquier disposici\u00f3n contraria.<\/p>\n<p style=\"text-align: justify;\"><em>Roma, en la sede de la Congregaci\u00f3n para la Educaci\u00f3n Cat\u00f3lica, el d\u00eda 27 de diciembre, fiesta de San Juan Ap\u00f3stol y Evangelista, del a\u00f1o 2017<\/em>.<\/p>\n<p style=\"text-align: justify;\">\n<p style=\"text-align: justify;\"><strong>GIUSEPPE CARD. VERSALDI<br \/>\n<\/strong><em>PREFECTO<\/em><\/p>\n<p style=\"text-align: justify;\">\n<p style=\"text-align: justify;\"><strong>ANGELO VINCEZO ZANI<br \/>\n<\/strong><em>Arzobispo titular de Volturno<br \/>\nSECRETARIO<\/em><\/p>\n<p style=\"text-align: justify;\">\n<p style=\"text-align: justify;\">\n<p style=\"text-align: justify;\"><strong>AP\u00c9NDICE I<br \/>\nAL ART. 7 DE LAS NORMAS APLICATIVAS<\/strong><\/p>\n<p style=\"text-align: justify;\">\n<p style=\"text-align: justify;\"><strong>NORMAS PARA LA REDACCI\u00d3N DE LOS ESTATUTOS Y DE LOS PLANES DE ESTUDIO DE UNA UNIVERSIDAD<br \/>\nO DE UNA FACULTAD ECLESI\u00c1STICAS<\/strong><\/p>\n<p style=\"text-align: justify;\">Teniendo en cuenta lo dispuesto en la Constituci\u00f3n Apost\u00f3lica y en las Normas aplicativas \u2014 y dejando a los propios reglamentos internos lo que es de \u00edndole m\u00e1s peculiar y mudable \u2014 los Estatutos de la Universidad o de la Facultad tratar\u00e1n principalmente los temas siguientes:<\/p>\n<ol style=\"text-align: justify;\">\n<li>El<em>nombre<\/em>, la<em>naturaleza<\/em>\u00a0y la<em>\u00a0finalidad<\/em>\u00a0de la Universidad o Facultad (con una breve informaci\u00f3n hist\u00f3rica en el proemio),<\/li>\n<li><em>El Gobierno<\/em>\u2014 El Gran Canciller; las Autoridades acad\u00e9micas, personales y colegiales: cu\u00e1les son sus competencias concretas; c\u00f3mo han de ser elegidas las Autoridades personales y cu\u00e1nto tiempo dura su mandato; c\u00f3mo se eligen las Autoridades colegiales o los miembros de los Consejos y cu\u00e1nto tiempo deben permanecer en el cargo,<\/li>\n<li><em>Los Profesores<\/em>\u2014 Cu\u00e1l debe ser su n\u00famero m\u00ednimo en cada Facultad; qu\u00e9 categor\u00edas se han de distinguir tanto entre los profesores estables como entre los no estables; qu\u00e9 requisitos se les deben exigir; c\u00f3mo deben ser asumidos, nombrados, promovidos y c\u00f3mo deben cesar en sus funciones, describiendo los motivos y los procedimientos; sus deberes y sus derechos.<\/li>\n<li><em>Los alumnos<\/em>\u2014 Los requisitos para su inscripci\u00f3n; sus deberes y sus derechos; motivos y procedimiento para su suspensi\u00f3n.<\/li>\n<li><em>Los oficiales y el personal administrativo y de servicio<\/em>\u2014 Sus deberes y sus derechos.<\/li>\n<li><em>Los grados acad\u00e9micos<\/em>\u2014 Qu\u00e9 grados se conferir\u00e1n en cada Facultad y bajo qu\u00e9 condiciones; otros t\u00edtulos.<\/li>\n<li><em>El material did\u00e1ctico e inform\u00e1tico<\/em>\u2014 La Biblioteca; c\u00f3mo se piensa proveer a su conservaci\u00f3n y a su incremento; los dem\u00e1s instrumentos did\u00e1cticos, inform\u00e1ticos y los laboratorios cient\u00edficos, si son necesarios.<\/li>\n<li><em>Los aspectos econ\u00f3micos<\/em>\u2014 El patrimonio de la Universidad o de la Facultad y su administraci\u00f3n; las normas acerca de los honorarios de las autoridades, profesores, oficiales y sobre las tasas de los alumnos, comprendiendo las ayudas econ\u00f3micas destinadas a ellos.<\/li>\n<li><em>Las relaciones con las otras Facultades, Institutos<\/em>, etc.<\/li>\n<\/ol>\n<p style=\"text-align: justify;\">Teniendo en cuenta lo dispuesto en la Constituci\u00f3n Apost\u00f3lica y en las Normas aplicativas, el Plan de estudios que deber\u00e1 ser presentado a la Congregaci\u00f3n para la Educaci\u00f3n Cat\u00f3lica para su aprobaci\u00f3n contendr\u00e1:<\/p>\n<ol style=\"text-align: justify;\">\n<li>El respectivo Plan de estudios en cada Facultad;<br \/>\n2. Cu\u00e1ntos ciclos comprende;<br \/>\n3. Las disciplinas que ser\u00e1n ense\u00f1adas; especificando su obligatoriedad o no;<br \/>\n4. Seminarios y ejercitaciones;<br \/>\n5. Ex\u00e1menes y pruebas;<br \/>\n6. Eventual modalidad a distancia.<\/li>\n<\/ol>\n<p style=\"text-align: justify;\"><strong>AP\u00c9NDICE II<br \/>\nAL ART. 70 DE LAS NORMAS<\/strong><\/p>\n<p style=\"text-align: justify;\"><strong>SECTORES DE ESTUDIOS ECLESI\u00c1STICOS EN EL PRESENTE (A. 2017) ORDENAMIENTO DE LA IGLESIA<\/strong><\/p>\n<p style=\"text-align: justify;\"><em>Advertencia<\/em>\u00a0\u2014 Cada uno de los Sectores de estudio, enumerados aqu\u00ed siguiendo el orden alfab\u00e9tico y en cursiva, est\u00e1 vigente actualmente. Cada Sector contiene diversas especializaciones.<\/p>\n<p style=\"text-align: justify;\">Las especializaciones existentes se encuentran en el Banco de Datos de las Instituciones de Estudios Superiores Eclesi\u00e1sticos, accesibles mediante la p\u00e1gina web\u00a0<a href=\"http:\/\/www.educatio.va\/\">www.educatio.va<\/a><\/p>\n<p style=\"text-align: justify;\">En el mencionado Banco de Datos se incluyen todas las Instituciones de Estudios Superiores erigidas o aprobadas por la Congregaci\u00f3n para la Educaci\u00f3n Cat\u00f3lica como parte del sistema educativo de la Santa Sede.<\/p>\n<p style=\"text-align: justify;\">\u2014 Estudios\u00a0<em>\u00c1rabes y de Islamolog\u00eda.<br \/>\n<\/em>\u2014 Estudios de\u00a0<em>Arqueolog\u00eda Cristiana<\/em>.<br \/>\n\u2014 Estudios\u00a0<em>B\u00edblicos<\/em>.<br \/>\n\u2014 Estudios de\u00a0<em>Bio\u00e9tica<\/em>.<br \/>\n\u2014 Estudios de\u00a0<em>Ciencias de la Educaci\u00f3n<\/em>.<br \/>\n\u2014 Estudios de\u00a0<em>Ciencias Religiosas<\/em>.<br \/>\n\u2014 Estudios de\u00a0<em>Ciencias Sociales<\/em>.<br \/>\n\u2014 Estudios de\u00a0<em>Comunicaci\u00f3n Social<\/em>.<br \/>\n\u2014 Estudios de<em>\u00a0Derecho.<\/em><br \/>\n\u2014 Estudios de\u00a0<em>Derecho Can\u00f3nico<\/em>.<br \/>\n\u2014 Estudios de Espiritualidad.<br \/>\n\u2014 Estudios de\u00a0<em>Filosof\u00eda<\/em>.<br \/>\n\u2014 Estudios de\u00a0<em>Historia de la Iglesia<\/em>.<br \/>\n\u2014 Estudios de\u00a0<em>Literatura Cl\u00e1sica y Cristiana<\/em>.<br \/>\n\u2014 Estudios de<em>\u00a0Liturgia.<br \/>\n<\/em>\u2014 Estudios de<em>\u00a0Matrimonio y Familia.<br \/>\n<\/em>\u2014 Estudios de\u00a0<em>Misionolog\u00eda<\/em>.<br \/>\n\u2014 Estudios de\u00a0<em>M\u00fasica Sacra<\/em>.<br \/>\n\u2014 Estudios\u00a0<em>Orientales<\/em>.<br \/>\n\u2014 Estudios de\u00a0<em>Oriente Antiguo<\/em>.<br \/>\n\u2014 Estudios de\u00a0<em>Psicolog\u00eda.<\/em><br \/>\n\u2014 Estudios de\u00a0<em>Teolog\u00eda<\/em>.<\/p>\n<p style=\"text-align: justify;\">\n<p>&nbsp;<\/p>\n<p><a name=\"_ftn1\"><\/a><a href=\"http:\/\/w2.vatican.va\/content\/francesco\/es\/apost_constitutions\/documents\/papa-francesco_costituzione-ap_20171208_veritatis-gaudium.html#_ftnref1\">[1]<\/a>\u00a0Cf. San Agust\u00edn,\u00a0<em>Confesiones<\/em>, X, 23.33; I,1,1.<\/p>\n<p><a name=\"_ftn2\"><\/a><a href=\"http:\/\/w2.vatican.va\/content\/francesco\/es\/apost_constitutions\/documents\/papa-francesco_costituzione-ap_20171208_veritatis-gaudium.html#_ftnref2\">[2]<\/a>\u00a0Conc. Ecum. Vat. II, Constituci\u00f3n pastoral\u00a0<em><a href=\"http:\/\/www.vatican.va\/archive\/hist_councils\/ii_vatican_council\/documents\/vat-ii_const_19651207_gaudium-et-spes_sp.html\">Gaudium et spes<\/a><\/em>, n. 22.<\/p>\n<p><a name=\"_ftn3\"><\/a><a href=\"http:\/\/w2.vatican.va\/content\/francesco\/es\/apost_constitutions\/documents\/papa-francesco_costituzione-ap_20171208_veritatis-gaudium.html#_ftnref3\">[3]<\/a>\u00a0<em><a href=\"http:\/\/w2.vatican.va\/content\/john-paul-ii\/es\/apost_constitutions\/documents\/hf_jp-ii_apc_15041979_sapientia-christiana.html\">Sapientia christiana<\/a><\/em>, Proemio, III; cf. infra, Ap\u00e9ndice, I.<\/p>\n<p><a name=\"_ftn4\"><\/a><a href=\"http:\/\/w2.vatican.va\/content\/francesco\/es\/apost_constitutions\/documents\/papa-francesco_costituzione-ap_20171208_veritatis-gaudium.html#_ftnref4\">[4]<\/a>\u00a0<em><a href=\"http:\/\/w2.vatican.va\/content\/francesco\/es\/messages\/pont-messages\/2015\/documents\/papa-francesco_20150903_videomessaggio-teologia-buenos-aires.html\">Videomensaje al Congreso Internacional de Teolog\u00eda organizado por la Pontificia Universidad Cat\u00f3lica Argentina \u00abSanta Mar\u00eda de los Buenos Aires\u00bb<\/a><\/em>, 1-3 de septiembre de 2015.<\/p>\n<p><a name=\"_ftn5\"><\/a><a href=\"http:\/\/w2.vatican.va\/content\/francesco\/es\/apost_constitutions\/documents\/papa-francesco_costituzione-ap_20171208_veritatis-gaudium.html#_ftnref5\">[5]<\/a>\u00a0n. 14.<\/p>\n<p><a name=\"_ftn6\"><\/a><a href=\"http:\/\/w2.vatican.va\/content\/francesco\/es\/apost_constitutions\/documents\/papa-francesco_costituzione-ap_20171208_veritatis-gaudium.html#_ftnref6\">[6]<\/a>\u00a0Ib\u00edd., n. 16.<\/p>\n<p><a name=\"_ftn7\"><\/a><a href=\"http:\/\/w2.vatican.va\/content\/francesco\/es\/apost_constitutions\/documents\/papa-francesco_costituzione-ap_20171208_veritatis-gaudium.html#_ftnref7\">[7]<\/a>\u00a0Ib\u00edd.<\/p>\n<p><a name=\"_ftn8\"><\/a><a href=\"http:\/\/w2.vatican.va\/content\/francesco\/es\/apost_constitutions\/documents\/papa-francesco_costituzione-ap_20171208_veritatis-gaudium.html#_ftnref8\">[8]<\/a>\u00a0Cf. ib\u00edd.<\/p>\n<p><a name=\"_ftn9\"><\/a><a href=\"http:\/\/w2.vatican.va\/content\/francesco\/es\/apost_constitutions\/documents\/papa-francesco_costituzione-ap_20171208_veritatis-gaudium.html#_ftnref9\">[9]<\/a>\u00a0Ib\u00edd., 19.<\/p>\n<p><a name=\"_ftn10\"><\/a><a href=\"http:\/\/w2.vatican.va\/content\/francesco\/es\/apost_constitutions\/documents\/papa-francesco_costituzione-ap_20171208_veritatis-gaudium.html#_ftnref10\">[10]<\/a>\u00a0Ib\u00edd., 20.<\/p>\n<p><a name=\"_ftn11\"><\/a><a href=\"http:\/\/w2.vatican.va\/content\/francesco\/es\/apost_constitutions\/documents\/papa-francesco_costituzione-ap_20171208_veritatis-gaudium.html#_ftnref11\">[11]<\/a>\u00a0Proemio n. I.<\/p>\n<p><a name=\"_ftn12\"><\/a><a href=\"http:\/\/w2.vatican.va\/content\/francesco\/es\/apost_constitutions\/documents\/papa-francesco_costituzione-ap_20171208_veritatis-gaudium.html#_ftnref12\">[12]<\/a>\u00a0n. 85.<\/p>\n<p><a name=\"_ftn13\"><\/a><a href=\"http:\/\/w2.vatican.va\/content\/francesco\/es\/apost_constitutions\/documents\/papa-francesco_costituzione-ap_20171208_veritatis-gaudium.html#_ftnref13\">[13]<\/a>\u00a0n. 14.<\/p>\n<p><a name=\"_ftn14\"><\/a><a href=\"http:\/\/w2.vatican.va\/content\/francesco\/es\/apost_constitutions\/documents\/papa-francesco_costituzione-ap_20171208_veritatis-gaudium.html#_ftnref14\">[14]<\/a>\u00a0n. 20.<\/p>\n<p><a name=\"_ftn15\"><\/a><a href=\"http:\/\/w2.vatican.va\/content\/francesco\/es\/apost_constitutions\/documents\/papa-francesco_costituzione-ap_20171208_veritatis-gaudium.html#_ftnref15\">[15]<\/a>\u00a0Carta Enc\u00edclica\u00a0<em><a href=\"http:\/\/w2.vatican.va\/content\/benedict-xvi\/es\/encyclicals\/documents\/hf_ben-xvi_enc_20090629_caritas-in-veritate.html\">Caritas in veritate<\/a><\/em>, n. 42.<\/p>\n<p><a name=\"_ftn16\"><\/a><a href=\"http:\/\/w2.vatican.va\/content\/francesco\/es\/apost_constitutions\/documents\/papa-francesco_costituzione-ap_20171208_veritatis-gaudium.html#_ftnref16\">[16]<\/a>\u00a0Cf. ib\u00edd., 54; Conc. Ecum. Vat. II, Constituci\u00f3n d\u00f3gmatica.\u00a0<em><a href=\"http:\/\/www.vatican.va\/archive\/hist_councils\/ii_vatican_council\/documents\/vat-ii_const_19641121_lumen-gentium_sp.html\">Lumen gentium<\/a><\/em>, n. 1.<\/p>\n<p><a name=\"_ftn17\"><\/a><a href=\"http:\/\/w2.vatican.va\/content\/francesco\/es\/apost_constitutions\/documents\/papa-francesco_costituzione-ap_20171208_veritatis-gaudium.html#_ftnref17\">[17]<\/a>\u00a0Carta Enc\u00edclica\u00a0<em><a href=\"http:\/\/w2.vatican.va\/content\/benedict-xvi\/es\/encyclicals\/documents\/hf_ben-xvi_enc_20090629_caritas-in-veritate.html\">Caritas in veritate<\/a><\/em>, n. 33.<\/p>\n<p><a name=\"_ftn18\"><\/a><a href=\"http:\/\/w2.vatican.va\/content\/francesco\/es\/apost_constitutions\/documents\/papa-francesco_costituzione-ap_20171208_veritatis-gaudium.html#_ftnref18\">[18]<\/a>\u00a0Ib\u00edd., n. 30.<\/p>\n<p><a name=\"_ftn19\"><\/a><a href=\"http:\/\/w2.vatican.va\/content\/francesco\/es\/apost_constitutions\/documents\/papa-francesco_costituzione-ap_20171208_veritatis-gaudium.html#_ftnref19\">[19]<\/a>\u00a0Cf. Exhortaci\u00f3n Apost\u00f3lica\u00a0<a href=\"http:\/\/w2.vatican.va\/content\/francesco\/es\/apost_exhortations\/documents\/papa-francesco_esortazione-ap_20131124_evangelii-gaudium.html#CAP%C3%8DTULO_QUINTO\"><em>Evangelii gaudium<\/em>, cap. 5<\/a>.<\/p>\n<p><a name=\"_ftn20\"><\/a><a href=\"http:\/\/w2.vatican.va\/content\/francesco\/es\/apost_constitutions\/documents\/papa-francesco_costituzione-ap_20171208_veritatis-gaudium.html#_ftnref20\">[20]<\/a>\u00a0Ib\u00edd., n. 30.<\/p>\n<p><a name=\"_ftn21\"><\/a><a href=\"http:\/\/w2.vatican.va\/content\/francesco\/es\/apost_constitutions\/documents\/papa-francesco_costituzione-ap_20171208_veritatis-gaudium.html#_ftnref21\">[21]<\/a>\u00a0Cf.\u00a0<em><a href=\"http:\/\/w2.vatican.va\/content\/francesco\/es\/speeches\/2015\/november\/documents\/papa-francesco_20151110_firenze-convegno-chiesa-italiana.html\">Discurso al V Convenio nacional de la Iglesia italiana<\/a><\/em>, Florencia, 10 de noviembre de 2015.<\/p>\n<p><a name=\"_ftn22\"><\/a><a href=\"http:\/\/w2.vatican.va\/content\/francesco\/es\/apost_constitutions\/documents\/papa-francesco_costituzione-ap_20171208_veritatis-gaudium.html#_ftnref22\">[22]<\/a>\u00a0Cf. Exhortaci\u00f3n Apost\u00f3lica\u00a0<a href=\"http:\/\/w2.vatican.va\/content\/francesco\/es\/apost_exhortations\/documents\/papa-francesco_esortazione-ap_20131124_evangelii-gaudium.html#No_a_la_nueva_idolatr%C3%ADa_del_dinero\"><em>Evangelii gaudium<\/em>, n. 55<\/a>.<\/p>\n<p><a name=\"_ftn23\"><\/a><a href=\"http:\/\/w2.vatican.va\/content\/francesco\/es\/apost_constitutions\/documents\/papa-francesco_costituzione-ap_20171208_veritatis-gaudium.html#_ftnref23\">[23]<\/a>\u00a0Cf. Carta Enc\u00edclica\u00a0<a href=\"http:\/\/w2.vatican.va\/content\/francesco\/es\/encyclicals\/documents\/papa-francesco_20150524_enciclica-laudato-si.html#139\"><em>Laudato si\u2019<\/em>, n. 139<\/a>.<\/p>\n<p><a name=\"_ftn24\"><\/a><a href=\"http:\/\/w2.vatican.va\/content\/francesco\/es\/apost_constitutions\/documents\/papa-francesco_costituzione-ap_20171208_veritatis-gaudium.html#_ftnref24\">[24]<\/a>\u00a0Ib\u00edd., n. 61.<\/p>\n<p><a name=\"_ftn25\"><\/a><a href=\"http:\/\/w2.vatican.va\/content\/francesco\/es\/apost_constitutions\/documents\/papa-francesco_costituzione-ap_20171208_veritatis-gaudium.html#_ftnref25\">[25]<\/a>\u00a0Cf. ib\u00edd., n. 194.<\/p>\n<p><a name=\"_ftn26\"><\/a><a href=\"http:\/\/w2.vatican.va\/content\/francesco\/es\/apost_constitutions\/documents\/papa-francesco_costituzione-ap_20171208_veritatis-gaudium.html#_ftnref26\">[26]<\/a>\u00a0Ib\u00edd., n. 53; cf. n. 105.<\/p>\n<p><a name=\"_ftn27\"><\/a><a href=\"http:\/\/w2.vatican.va\/content\/francesco\/es\/apost_constitutions\/documents\/papa-francesco_costituzione-ap_20171208_veritatis-gaudium.html#_ftnref27\">[27]<\/a>\u00a0Ib\u00edd., 114.<\/p>\n<p><a name=\"_ftn28\"><\/a><a href=\"http:\/\/w2.vatican.va\/content\/francesco\/es\/apost_constitutions\/documents\/papa-francesco_costituzione-ap_20171208_veritatis-gaudium.html#_ftnref28\">[28]<\/a>\u00a0<em><a href=\"http:\/\/w2.vatican.va\/content\/francesco\/es\/speeches\/2014\/april\/documents\/papa-francesco_20140410_universita-consortium-gregorianum.html\">Discurso a la Comunidad de la Pontificia Universidad Gregoriana y a los miembros de los asociados Pontificio Instituto B\u00edblico y Pontificio Instituto Oriental<\/a><\/em>, 10 de abril de 2014,: AAS 106 (2014), p\u00e1g. 374.<\/p>\n<p><a name=\"_ftn29\"><\/a><a href=\"http:\/\/w2.vatican.va\/content\/francesco\/es\/apost_constitutions\/documents\/papa-francesco_costituzione-ap_20171208_veritatis-gaudium.html#_ftnref29\">[29]<\/a>\u00a0Cf. Exhortaci\u00f3n Apost\u00f3lica\u00a0<a href=\"http:\/\/w2.vatican.va\/content\/francesco\/es\/apost_exhortations\/documents\/papa-francesco_esortazione-ap_20131124_evangelii-gaudium.html#Una_eterna_novedad\"><em>Evangelii gaudium<\/em>, nn. 11<\/a>; 34ss.; 164-165.<\/p>\n<p><a name=\"_ftn30\"><\/a><a href=\"http:\/\/w2.vatican.va\/content\/francesco\/es\/apost_constitutions\/documents\/papa-francesco_costituzione-ap_20171208_veritatis-gaudium.html#_ftnref30\">[30]<\/a>\u00a0Ib\u00edd., n. 165.<\/p>\n<p><a name=\"_ftn31\"><\/a><a href=\"http:\/\/w2.vatican.va\/content\/francesco\/es\/apost_constitutions\/documents\/papa-francesco_costituzione-ap_20171208_veritatis-gaudium.html#_ftnref31\">[31]<\/a>\u00a0Cf. Conc. Ecum. Vat. II, Constituci\u00f3n dogm\u00e1tica\u00a0<em><a href=\"http:\/\/www.vatican.va\/archive\/hist_councils\/ii_vatican_council\/documents\/vat-ii_const_19641121_lumen-gentium_sp.html\">Lumen gentium<\/a><\/em>, n. 1.<\/p>\n<p><a name=\"_ftn32\"><\/a><a href=\"http:\/\/w2.vatican.va\/content\/francesco\/es\/apost_constitutions\/documents\/papa-francesco_costituzione-ap_20171208_veritatis-gaudium.html#_ftnref32\">[32]<\/a>\u00a0Exhortaci\u00f3n Apost\u00f3lica\u00a0<a href=\"http:\/\/w2.vatican.va\/content\/francesco\/es\/apost_exhortations\/documents\/papa-francesco_esortazione-ap_20131124_evangelii-gaudium.html#Todo_el_Pueblo_de_Dios_anuncia_el_Evangelio\"><em>Evangelii gaudium<\/em>, n. 111<\/a>.<\/p>\n<p><a name=\"_ftn33\"><\/a><a href=\"http:\/\/w2.vatican.va\/content\/francesco\/es\/apost_constitutions\/documents\/papa-francesco_costituzione-ap_20171208_veritatis-gaudium.html#_ftnref33\">[33]<\/a>\u00a0Cf. Bula de convocaci\u00f3n del Jubileo Extraordinario de la Misericordia,\u00a0<em><a href=\"http:\/\/w2.vatican.va\/content\/francesco\/es\/bulls\/documents\/papa-francesco_bolla_20150411_misericordiae-vultus.html\">Misericordiae Vultus<\/a><\/em>\u00a0(11 abril 2015).<\/p>\n<p><a name=\"_ftn34\"><\/a><a href=\"http:\/\/w2.vatican.va\/content\/francesco\/es\/apost_constitutions\/documents\/papa-francesco_costituzione-ap_20171208_veritatis-gaudium.html#_ftnref34\">[34]<\/a>\u00a0Cf. Exhortaci\u00f3n Apost\u00f3lica\u00a0<em><a href=\"http:\/\/w2.vatican.va\/content\/francesco\/es\/apost_exhortations\/documents\/papa-francesco_esortazione-ap_20131124_evangelii-gaudium.html\">Evangelii gaudium<\/a><\/em>, nn.\u00a0<a href=\"http:\/\/w2.vatican.va\/content\/francesco\/es\/apost_exhortations\/documents\/papa-francesco_esortazione-ap_20131124_evangelii-gaudium.html#S%C3%AD_a_las_relaciones_nuevas_que_genera_Jesucristo\">87<\/a>\u00a0y\u00a0<a href=\"http:\/\/w2.vatican.va\/content\/francesco\/es\/apost_exhortations\/documents\/papa-francesco_esortazione-ap_20131124_evangelii-gaudium.html#El_gusto_espiritual_de_ser_pueblo\">272<\/a>.<\/p>\n<p><a name=\"_ftn35\"><\/a><a href=\"http:\/\/w2.vatican.va\/content\/francesco\/es\/apost_constitutions\/documents\/papa-francesco_costituzione-ap_20171208_veritatis-gaudium.html#_ftnref35\">[35]<\/a>\u00a0Ib\u00edd., n. 92.<\/p>\n<p><a name=\"_ftn36\"><\/a><a href=\"http:\/\/w2.vatican.va\/content\/francesco\/es\/apost_constitutions\/documents\/papa-francesco_costituzione-ap_20171208_veritatis-gaudium.html#_ftnref36\">[36]<\/a>\u00a0Cf. Carta enc\u00edclica\u00a0<em><a href=\"http:\/\/w2.vatican.va\/content\/francesco\/es\/encyclicals\/documents\/papa-francesco_20150524_enciclica-laudato-si.html\">Laudato si\u2019<\/a><\/em>, n. 49.<\/p>\n<p><a name=\"_ftn37\"><\/a><a href=\"http:\/\/w2.vatican.va\/content\/francesco\/es\/apost_constitutions\/documents\/papa-francesco_costituzione-ap_20171208_veritatis-gaudium.html#_ftnref37\">[37]<\/a>\u00a0Cf. Exhortaci\u00f3n Apost\u00f3lica\u00a0<em><a href=\"http:\/\/w2.vatican.va\/content\/francesco\/es\/apost_exhortations\/documents\/papa-francesco_esortazione-ap_20131124_evangelii-gaudium.html\">Evangelii gaudium<\/a><\/em>, cap. 4.<\/p>\n<p><a name=\"_ftn38\"><\/a><a href=\"http:\/\/w2.vatican.va\/content\/francesco\/es\/apost_constitutions\/documents\/papa-francesco_costituzione-ap_20171208_veritatis-gaudium.html#_ftnref38\">[38]<\/a>\u00a0Consejo Pontificio Justicia y Paz,\u00a0<em><a href=\"http:\/\/www.vatican.va\/roman_curia\/pontifical_councils\/justpeace\/documents\/rc_pc_justpeace_doc_20060526_compendio-dott-soc_sp.html\">Compendio de la Doctrina Social de la Iglesia<\/a><\/em>, 52; cf. Exhortaci\u00f3n Apost\u00f3lica\u00a0<em><a href=\"http:\/\/w2.vatican.va\/content\/francesco\/es\/apost_exhortations\/documents\/papa-francesco_esortazione-ap_20131124_evangelii-gaudium.html\">Evangelii gaudium<\/a><\/em>, n. 178.<\/p>\n<p><a name=\"_ftn39\"><\/a><a href=\"http:\/\/w2.vatican.va\/content\/francesco\/es\/apost_constitutions\/documents\/papa-francesco_costituzione-ap_20171208_veritatis-gaudium.html#_ftnref39\">[39]<\/a>\u00a0Exhortaci\u00f3n Apost\u00f3lica\u00a0<em><a href=\"http:\/\/w2.vatican.va\/content\/francesco\/es\/apost_exhortations\/documents\/papa-francesco_esortazione-ap_20131124_evangelii-gaudium.html\">Evangelii gaudium<\/a><\/em>, n. 195.<\/p>\n<p><a name=\"_ftn40\"><\/a><a href=\"http:\/\/w2.vatican.va\/content\/francesco\/es\/apost_constitutions\/documents\/papa-francesco_costituzione-ap_20171208_veritatis-gaudium.html#_ftnref40\">[40]<\/a>\u00a0Cf. Carta Enc\u00edclica\u00a0<em><a href=\"http:\/\/w2.vatican.va\/content\/francesco\/es\/encyclicals\/documents\/papa-francesco_20150524_enciclica-laudato-si.html\">Laudato si\u2019<\/a><\/em>, n. 240.<\/p>\n<p><a name=\"_ftn41\"><\/a><a href=\"http:\/\/w2.vatican.va\/content\/francesco\/es\/apost_constitutions\/documents\/papa-francesco_costituzione-ap_20171208_veritatis-gaudium.html#_ftnref41\">[41]<\/a>\u00a0Cf. Exhortaci\u00f3n Apost\u00f3lica\u00a0<em><a href=\"http:\/\/w2.vatican.va\/content\/francesco\/es\/apost_exhortations\/documents\/papa-francesco_esortazione-ap_20131124_evangelii-gaudium.html\">Evangelii gaudium<\/a><\/em>, n. 239.<\/p>\n<p><a name=\"_ftn42\"><\/a><a href=\"http:\/\/w2.vatican.va\/content\/francesco\/es\/apost_constitutions\/documents\/papa-francesco_costituzione-ap_20171208_veritatis-gaudium.html#_ftnref42\">[42]<\/a>\u00a0Carta Enc\u00edclica\u00a0<em><a href=\"http:\/\/w2.vatican.va\/content\/benedict-xvi\/es\/encyclicals\/documents\/hf_ben-xvi_enc_20090629_caritas-in-veritate.html\">Caritas in veritate<\/a><\/em>, n. 4.<\/p>\n<p><a name=\"_ftn43\"><\/a><a href=\"http:\/\/w2.vatican.va\/content\/francesco\/es\/apost_constitutions\/documents\/papa-francesco_costituzione-ap_20171208_veritatis-gaudium.html#_ftnref43\">[43]<\/a>\u00a0Proemio, III; cf. Conc. Ecum. Vat. II, Constituci\u00f3n pastoral\u00a0<em><a href=\"http:\/\/www.vatican.va\/archive\/hist_councils\/ii_vatican_council\/documents\/vat-ii_const_19651207_gaudium-et-spes_sp.html\">Gaudium et spes<\/a><\/em>, n. 62.<\/p>\n<p><a name=\"_ftn44\"><\/a><a href=\"http:\/\/w2.vatican.va\/content\/francesco\/es\/apost_constitutions\/documents\/papa-francesco_costituzione-ap_20171208_veritatis-gaudium.html#_ftnref44\">[44]<\/a>\u00a0Exhortaci\u00f3n Apost\u00f3lica\u00a0<em><a href=\"http:\/\/w2.vatican.va\/content\/francesco\/es\/apost_exhortations\/documents\/papa-francesco_esortazione-ap_20131124_evangelii-gaudium.html\">Evangelii gaudium<\/a><\/em>, n. 74.<\/p>\n<p><a name=\"_ftn45\"><\/a><a href=\"http:\/\/w2.vatican.va\/content\/francesco\/es\/apost_constitutions\/documents\/papa-francesco_costituzione-ap_20171208_veritatis-gaudium.html#_ftnref45\">[45]<\/a>\u00a0n. 31.<\/p>\n<p><a name=\"_ftn46\"><\/a><a href=\"http:\/\/w2.vatican.va\/content\/francesco\/es\/apost_constitutions\/documents\/papa-francesco_costituzione-ap_20171208_veritatis-gaudium.html#_ftnref46\">[46]<\/a>\u00a0Cf. Exhortaci\u00f3n Apost\u00f3lica\u00a0<em><a href=\"http:\/\/w2.vatican.va\/content\/francesco\/es\/apost_exhortations\/documents\/papa-francesco_esortazione-ap_20131124_evangelii-gaudium.html\">Evangelii gaudium<\/a><\/em>, n. 134.<\/p>\n<p><a name=\"_ftn47\"><\/a><a href=\"http:\/\/w2.vatican.va\/content\/francesco\/es\/apost_constitutions\/documents\/papa-francesco_costituzione-ap_20171208_veritatis-gaudium.html#_ftnref47\">[47]<\/a>\u00a0<em>L\u2019Idea di Universit\u00e0<\/em>, Vita e Pensiero, Milano (1976), p\u00e1g. 201.<\/p>\n<p><a name=\"_ftn48\"><\/a><a href=\"http:\/\/w2.vatican.va\/content\/francesco\/es\/apost_constitutions\/documents\/papa-francesco_costituzione-ap_20171208_veritatis-gaudium.html#_ftnref48\">[48]<\/a>\u00a0Cf.\u00a0<em>Delle cinque piaghe della Santa Chiesa<\/em>, en Opere di Antonio Rosmini, vol. 56, ed. Ciudad Nueva, Roma (19982), cap. II, Passim.<\/p>\n<p><a name=\"_ftn49\"><\/a><a href=\"http:\/\/w2.vatican.va\/content\/francesco\/es\/apost_constitutions\/documents\/papa-francesco_costituzione-ap_20171208_veritatis-gaudium.html#_ftnref49\">[49]<\/a>\u00a0n. 164.<\/p>\n<p><a name=\"_ftn50\"><\/a><a href=\"http:\/\/w2.vatican.va\/content\/francesco\/es\/apost_constitutions\/documents\/papa-francesco_costituzione-ap_20171208_veritatis-gaudium.html#_ftnref50\">[50]<\/a>\u00a0Ib\u00edd.<\/p>\n<p><a name=\"_ftn51\"><\/a><a href=\"http:\/\/w2.vatican.va\/content\/francesco\/es\/apost_constitutions\/documents\/papa-francesco_costituzione-ap_20171208_veritatis-gaudium.html#_ftnref51\">[51]<\/a>\u00a0<em><a href=\"http:\/\/w2.vatican.va\/content\/francesco\/es\/messages\/pont-messages\/2015\/documents\/papa-francesco_20150903_videomessaggio-teologia-buenos-aires.html\">Videomensaje al Congreso Internacional de Teolog\u00eda organizado por la Pontificia Universidad Cat\u00f3lica Argentina \u00abSanta Mar\u00eda de los Buenos Aires\u00bb<\/a><\/em>, 1-3 de septiembre de 2015.<\/p>\n<p><a name=\"_ftn52\"><\/a><a href=\"http:\/\/w2.vatican.va\/content\/francesco\/es\/apost_constitutions\/documents\/papa-francesco_costituzione-ap_20171208_veritatis-gaudium.html#_ftnref52\">[52]<\/a>\u00a0Exhortaci\u00f3n Apost\u00f3lica\u00a0<em><a href=\"http:\/\/w2.vatican.va\/content\/francesco\/es\/apost_exhortations\/documents\/papa-francesco_esortazione-ap_20131124_evangelii-gaudium.html\">Evangelii gaudium<\/a><\/em>, n. 236.<\/p>\n<p><a name=\"_ftn53\"><\/a><a href=\"http:\/\/w2.vatican.va\/content\/francesco\/es\/apost_constitutions\/documents\/papa-francesco_costituzione-ap_20171208_veritatis-gaudium.html#_ftnref53\">[53]<\/a>\u00a0Juan Pablo II, Carta Apost\u00f3lica\u00a0<em><a href=\"http:\/\/w2.vatican.va\/content\/john-paul-ii\/es\/apost_letters\/2001\/documents\/hf_jp-ii_apl_20010106_novo-millennio-ineunte.html\">Novo Millennio ineunte<\/a>,<\/em>\u00a06 de enero de 2001, n. 40.<\/p>\n<p><a name=\"_ftn54\"><\/a><a href=\"http:\/\/w2.vatican.va\/content\/francesco\/es\/apost_constitutions\/documents\/papa-francesco_costituzione-ap_20171208_veritatis-gaudium.html#_ftnref54\">[54]<\/a>\u00a0Ib\u00edd.<\/p>\n<p><a name=\"_ftn55\"><\/a><a href=\"http:\/\/w2.vatican.va\/content\/francesco\/es\/apost_constitutions\/documents\/papa-francesco_costituzione-ap_20171208_veritatis-gaudium.html#_ftnref55\">[55]<\/a>\u00a0Exhortaci\u00f3n Apost\u00f3lica\u00a0<em><a href=\"http:\/\/w2.vatican.va\/content\/francesco\/es\/apost_exhortations\/documents\/papa-francesco_esortazione-ap_20131124_evangelii-gaudium.html\">Evangelii gaudium<\/a><\/em>, n. 116.<\/p>\n<p><a name=\"_ftn56\"><\/a><a href=\"http:\/\/w2.vatican.va\/content\/francesco\/es\/apost_constitutions\/documents\/papa-francesco_costituzione-ap_20171208_veritatis-gaudium.html#_ftnref56\">[56]<\/a>\u00a0<em><a href=\"http:\/\/w2.vatican.va\/content\/benedict-xvi\/es\/audiences\/2006\/documents\/hf_ben-xvi_aud_20060426.html\">Catequesis<\/a><\/em>, 26 de abril de 2006.<\/p>\n<p><a name=\"_ftn57\"><\/a><a href=\"http:\/\/w2.vatican.va\/content\/francesco\/es\/apost_constitutions\/documents\/papa-francesco_costituzione-ap_20171208_veritatis-gaudium.html#_ftnref57\">[57]<\/a>\u00a0<em><a href=\"http:\/\/w2.vatican.va\/content\/francesco\/es\/messages\/pont-messages\/2015\/documents\/papa-francesco_20150903_videomessaggio-teologia-buenos-aires.html\">Videomensaje al Congreso Internacional de Teolog\u00eda organizado por la Pontificia Universidad Cat\u00f3lica Argentina \u00abSanta Mar\u00eda de los Buenos Aires\u00bb<\/a><\/em>, 1-3 de septiembre de 2015, en referencia a la\u00a0<em><a href=\"http:\/\/w2.vatican.va\/content\/francesco\/es\/apost_exhortations\/documents\/papa-francesco_esortazione-ap_20131124_evangelii-gaudium.html\">Evangelii gaudium<\/a><\/em>, n. 115.<\/p>\n<p><a name=\"_ftn58\"><\/a><a href=\"http:\/\/w2.vatican.va\/content\/francesco\/es\/apost_constitutions\/documents\/papa-francesco_costituzione-ap_20171208_veritatis-gaudium.html#_ftnref58\">[58]<\/a>\u00a0<em><a href=\"http:\/\/w2.vatican.va\/content\/francesco\/es\/letters\/2015\/documents\/papa-francesco_20150303_lettera-universita-cattolica-argentina.html\">Carta al Gran Canciller de la Pontificia Universidad Cat\u00f3lica Argentina en el Centenario de la Facultad de Teolog\u00eda<\/a><\/em>, 3 de marzo de 2015.<\/p>\n<p><a name=\"_ftn59\"><\/a><a href=\"http:\/\/w2.vatican.va\/content\/francesco\/es\/apost_constitutions\/documents\/papa-francesco_costituzione-ap_20171208_veritatis-gaudium.html#_ftnref59\">[59]<\/a>\u00a0Exhortaci\u00f3n Apost\u00f3lica\u00a0<em><a href=\"http:\/\/w2.vatican.va\/content\/francesco\/es\/apost_exhortations\/documents\/papa-francesco_esortazione-ap_20131124_evangelii-gaudium.html\">Evangelii gaudium<\/a><\/em>, nn. 227-228.<\/p>\n<p><a name=\"_ftn60\"><\/a><a href=\"http:\/\/w2.vatican.va\/content\/francesco\/es\/apost_constitutions\/documents\/papa-francesco_costituzione-ap_20171208_veritatis-gaudium.html#_ftnref60\">[60]<\/a>\u00a0Proemio, n. III.<\/p>\n<p><a name=\"_ftn61\"><\/a><a href=\"http:\/\/w2.vatican.va\/content\/francesco\/es\/apost_constitutions\/documents\/papa-francesco_costituzione-ap_20171208_veritatis-gaudium.html#_ftnref61\">[61]<\/a>\u00a0Exhortaci\u00f3n Apost\u00f3lica\u00a0<em><a href=\"http:\/\/w2.vatican.va\/content\/francesco\/es\/apost_exhortations\/documents\/papa-francesco_esortazione-ap_20131124_evangelii-gaudium.html\">Evangelii gaudium<\/a><\/em>, n. 133.<\/p>\n<p><a name=\"_ftn62\"><\/a><a href=\"http:\/\/w2.vatican.va\/content\/francesco\/es\/apost_constitutions\/documents\/papa-francesco_costituzione-ap_20171208_veritatis-gaudium.html#_ftnref62\">[62]<\/a>\u00a0Cf. Carta Enc\u00edclica\u00a0<em><a href=\"http:\/\/w2.vatican.va\/content\/francesco\/es\/encyclicals\/documents\/papa-francesco_20150524_enciclica-laudato-si.html\">Laudato si\u2019<\/a><\/em>, n. 47; Exhortaci\u00f3n Apost\u00f3lica\u00a0<em><a href=\"http:\/\/w2.vatican.va\/content\/francesco\/es\/apost_exhortations\/documents\/papa-francesco_esortazione-ap_20131124_evangelii-gaudium.html\">Evangelii gaudium<\/a><\/em>, n. 50.<\/p>\n<p><a name=\"_ftn63\"><\/a><a href=\"http:\/\/w2.vatican.va\/content\/francesco\/es\/apost_constitutions\/documents\/papa-francesco_costituzione-ap_20171208_veritatis-gaudium.html#_ftnref63\">[63]<\/a>\u00a0Exhortaci\u00f3n Apost\u00f3lica\u00a0<em><a href=\"http:\/\/w2.vatican.va\/content\/francesco\/es\/apost_exhortations\/documents\/papa-francesco_esortazione-ap_20131124_evangelii-gaudium.html\">Evangelii gaudium<\/a><\/em>, n. 45.<\/p>\n<p><a name=\"_ftn64\"><\/a><a href=\"http:\/\/w2.vatican.va\/content\/francesco\/es\/apost_constitutions\/documents\/papa-francesco_costituzione-ap_20171208_veritatis-gaudium.html#_ftnref64\">[64]<\/a>\u00a0Ib\u00edd., n. 132.<\/p>\n<p><a name=\"_ftn65\"><\/a><a href=\"http:\/\/w2.vatican.va\/content\/francesco\/es\/apost_constitutions\/documents\/papa-francesco_costituzione-ap_20171208_veritatis-gaudium.html#_ftnref65\">[65]<\/a>\u00a0n. 201.<\/p>\n<p><a name=\"_ftn66\"><\/a><a href=\"http:\/\/w2.vatican.va\/content\/francesco\/es\/apost_constitutions\/documents\/papa-francesco_costituzione-ap_20171208_veritatis-gaudium.html#_ftnref66\">[66]<\/a>\u00a0<em><a href=\"http:\/\/w2.vatican.va\/content\/francesco\/es\/messages\/pont-messages\/2015\/documents\/papa-francesco_20150903_videomessaggio-teologia-buenos-aires.html\">Videomensaje al Congreso Internacional de Teolog\u00eda organizado por la Pontificia Universidad Cat\u00f3lica Argentina \u00abSanta Mar\u00eda de los Buenos Aires\u00bb<\/a><\/em>, 1-3 de septiembre de 2015.<\/p>\n<p><a name=\"_ftn67\"><\/a><a href=\"http:\/\/w2.vatican.va\/content\/francesco\/es\/apost_constitutions\/documents\/papa-francesco_costituzione-ap_20171208_veritatis-gaudium.html#_ftnref67\">[67]<\/a>\u00a0Carta Enc\u00edclica\u00a0<em><a href=\"http:\/\/w2.vatican.va\/content\/francesco\/es\/encyclicals\/documents\/papa-francesco_20150524_enciclica-laudato-si.html\">Laudato si\u2019<\/a><\/em>, n. 202.<\/p>\n<p><a name=\"_ftn68\"><\/a><a href=\"http:\/\/w2.vatican.va\/content\/francesco\/es\/apost_constitutions\/documents\/papa-francesco_costituzione-ap_20171208_veritatis-gaudium.html#_ftnref68\">[68]<\/a>\u00a0Exhortaci\u00f3n Apost\u00f3lica\u00a0<em><a href=\"http:\/\/w2.vatican.va\/content\/francesco\/es\/apost_exhortations\/documents\/papa-francesco_esortazione-ap_20131124_evangelii-gaudium.html\">Evangelii gaudium<\/a><\/em>, n. 278.<\/p>\n<p><a name=\"_ftn69\"><\/a><a href=\"http:\/\/w2.vatican.va\/content\/francesco\/es\/apost_constitutions\/documents\/papa-francesco_costituzione-ap_20171208_veritatis-gaudium.html#_ftnref69\">[69]<\/a>\u00a0Cf. can. 815 CIC.<\/p>\n<p><a name=\"_ftn70\"><\/a><a href=\"http:\/\/w2.vatican.va\/content\/francesco\/es\/apost_constitutions\/documents\/papa-francesco_costituzione-ap_20171208_veritatis-gaudium.html#_ftnref70\">[70]<\/a>\u00a0Cf. can. 817 CIC; can. 648 CCEO.<\/p>\n<p><a name=\"_ftn71\"><\/a><a href=\"http:\/\/w2.vatican.va\/content\/francesco\/es\/apost_constitutions\/documents\/papa-francesco_costituzione-ap_20171208_veritatis-gaudium.html#_ftnref71\">[71]<\/a>\u00a0Cf. Juan Pablo II, Constituci\u00f3n Apost\u00f3lica\u00a0<em><a href=\"https:\/\/w2.vatican.va\/content\/john-paul-ii\/es\/apost_constitutions\/documents\/hf_jp-ii_apc_15081990_ex-corde-ecclesiae.html\">Ex corde Ecclesi\u00e6<\/a><\/em>, art. 1, \u00a72: AAS 82 [1990] p\u00e1g. 1502.<\/p>\n<p><a name=\"_ftn72\"><\/a><a href=\"http:\/\/w2.vatican.va\/content\/francesco\/es\/apost_constitutions\/documents\/papa-francesco_costituzione-ap_20171208_veritatis-gaudium.html#_ftnref72\">[72]<\/a>\u00a0Cf. Constituci\u00f3n Apost\u00f3lica\u00a0<em><a href=\"http:\/\/w2.vatican.va\/content\/paul-vi\/la\/apost_constitutions\/documents\/hf_p-vi_apc_19670815_regimini-ecclesiae-universae.html\">Regimini Ecclesiae universae<\/a><\/em>, 78: AAS 59 (1967), p\u00e1g. 914; can. 816, \u00a7 1 CIC; can. 649 CCEO; Juan Pablo II, Constituci\u00f3n Apost\u00f3lica\u00a0<em><a href=\"http:\/\/w2.vatican.va\/content\/john-paul-ii\/es\/apost_constitutions\/documents\/hf_jp-ii_apc_19880628_pastor-bonus-index.html\">Pastor bonus<\/a><\/em>, art. 116, \u00a7 2: AAS 80 [1988] p\u00e1g. 889.<\/p>\n<p><a name=\"_ftn73\"><\/a><a href=\"http:\/\/w2.vatican.va\/content\/francesco\/es\/apost_constitutions\/documents\/papa-francesco_costituzione-ap_20171208_veritatis-gaudium.html#_ftnref73\">[73]<\/a>\u00a0Cf. can. 817 CIC; can. 648 CCEO.<\/p>\n<p><a name=\"_ftn74\"><\/a><a href=\"http:\/\/w2.vatican.va\/content\/francesco\/es\/apost_constitutions\/documents\/papa-francesco_costituzione-ap_20171208_veritatis-gaudium.html#_ftnref74\">[74]<\/a>\u00a0Cf. Motu proprio\u00a0<em><a href=\"http:\/\/w2.vatican.va\/content\/paul-vi\/la\/motu_proprio\/documents\/hf_p-vi_motu-proprio_19710627_sedula-cura.html\">Sedula cura<\/a><\/em>: AAS 63 (1971) p\u00e1gs. 665 ss., y Decreto de la Pont. Comisi\u00f3n B\u00edblica\u00a0<em><a href=\"http:\/\/www.vatican.va\/roman_curia\/congregations\/cfaith\/pcb_documents\/rc_con_cfaith_doc_19741207_piano-esame_it.html\">Ratio periclitandae doctrinae<\/a><\/em>: AAS 67 (1975), p\u00e1gs. 153 ss.<\/p>\n<p><a name=\"_ftn75\"><\/a><a href=\"http:\/\/w2.vatican.va\/content\/francesco\/es\/apost_constitutions\/documents\/papa-francesco_costituzione-ap_20171208_veritatis-gaudium.html#_ftnref75\">[75]<\/a>\u00a0Cf. can. 816, \u00a7 2 CIC; can. 650 CCEO.<\/p>\n<p><a name=\"_ftn76\"><\/a><a href=\"http:\/\/w2.vatican.va\/content\/francesco\/es\/apost_constitutions\/documents\/papa-francesco_costituzione-ap_20171208_veritatis-gaudium.html#_ftnref76\">[76]<\/a>\u00a0Cf. cann. 810 \u00a7 1 y 818 CIC.<\/p>\n<p><a name=\"_ftn77\"><\/a><a href=\"http:\/\/w2.vatican.va\/content\/francesco\/es\/apost_constitutions\/documents\/papa-francesco_costituzione-ap_20171208_veritatis-gaudium.html#_ftnref77\">[77]<\/a>\u00a0Cf. Conc. Ecum. Vat. II, Constituci\u00f3n dogm\u00e1tica sobre la Iglesia\u00a0<em><a href=\"http:\/\/www.vatican.va\/archive\/hist_councils\/ii_vatican_council\/documents\/vat-ii_const_19641121_lumen-gentium_sp.html\">Lumen gentium<\/a><\/em>, 25, 21 de noviembre de 1965: AAS 57 [1965] 29-31; Instrucci\u00f3n de la Congregaci\u00f3n para la Doctrina de la Fe sobre la Vocaci\u00f3n eclesial del Te\u00f3logo,\u00a0<em><a href=\"http:\/\/www.vatican.va\/roman_curia\/congregations\/cfaith\/documents\/rc_con_cfaith_doc_19900524_theologian-vocation_sp.html\">Donum veritatis<\/a><\/em>, 24 de mayo de 1990: AAS 82 [1990] p\u00e1gs.1550-1570.<\/p>\n<p><a name=\"_ftn78\"><\/a><a href=\"http:\/\/w2.vatican.va\/content\/francesco\/es\/apost_constitutions\/documents\/papa-francesco_costituzione-ap_20171208_veritatis-gaudium.html#_ftnref78\">[78]<\/a>\u00a0Cf. can. 833, n. 7.<\/p>\n<p><a name=\"_ftn79\"><\/a><a href=\"http:\/\/w2.vatican.va\/content\/francesco\/es\/apost_constitutions\/documents\/papa-francesco_costituzione-ap_20171208_veritatis-gaudium.html#_ftnref79\">[79]<\/a>\u00a0Cf. can. 152 CIC; can. 942 CCEO.<\/p>\n<p><a name=\"_ftn80\"><\/a><a href=\"http:\/\/w2.vatican.va\/content\/francesco\/es\/apost_constitutions\/documents\/papa-francesco_costituzione-ap_20171208_veritatis-gaudium.html#_ftnref80\">[80]<\/a>\u00a0Cf. Constituci\u00f3n pastoral sobre la Iglesia en el mundo contempor\u00e1neo\u00a0<em><a href=\"http:\/\/www.vatican.va\/archive\/hist_councils\/ii_vatican_council\/documents\/vat-ii_const_19651207_gaudium-et-spes_sp.html\">Gaudium et spes<\/a><\/em>, 59: AAS 58 (1966), p\u00e1g. 1080.<\/p>\n<p><a name=\"_ftn81\"><\/a><a href=\"http:\/\/w2.vatican.va\/content\/francesco\/es\/apost_constitutions\/documents\/papa-francesco_costituzione-ap_20171208_veritatis-gaudium.html#_ftnref81\">[81]<\/a>\u00a0Cf. can. 816 \u00a7 1 CIC; cann. 648-649 CCEO.<\/p>\n<p><a name=\"_ftn82\"><\/a><a href=\"http:\/\/w2.vatican.va\/content\/francesco\/es\/apost_constitutions\/documents\/papa-francesco_costituzione-ap_20171208_veritatis-gaudium.html#_ftnref82\">[82]<\/a>\u00a0Cf. can. 820 CIC.<\/p>\n<p><a name=\"_ftn83\"><\/a><a href=\"http:\/\/w2.vatican.va\/content\/francesco\/es\/apost_constitutions\/documents\/papa-francesco_costituzione-ap_20171208_veritatis-gaudium.html#_ftnref83\">[83]<\/a>\u00a0Cf. Conc. Ecum. Vat. II, Constituci\u00f3n dogm\u00e1tica sobre la Divina Revelaci\u00f3n\u00a0<em><a href=\"http:\/\/www.vatican.va\/archive\/hist_councils\/ii_vatican_council\/documents\/vat-ii_const_19651118_dei-verbum_sp.html\">Dei Verbum<\/a><\/em>, 24: AAS 58 (1966), p\u00e1g. 827.<\/p>\n<p><a name=\"_ftn84\"><\/a><a href=\"http:\/\/w2.vatican.va\/content\/francesco\/es\/apost_constitutions\/documents\/papa-francesco_costituzione-ap_20171208_veritatis-gaudium.html#_ftnref84\">[84]<\/a>\u00a0Cf. Instrucci\u00f3n de la Congregaci\u00f3n para la Doctrina de la Fe sobre la vocaci\u00f3n eclesial del Te\u00f3logo,\u00a0<em><a href=\"http:\/\/www.vatican.va\/roman_curia\/congregations\/cfaith\/documents\/rc_con_cfaith_doc_19900524_theologian-vocation_sp.html\">Donum veritatis<\/a><\/em>, 24 de mayo de 1990: AAS 82 [1990] p\u00e1g. 1552.<\/p>\n<p><a name=\"_ftn85\"><\/a><a href=\"http:\/\/w2.vatican.va\/content\/francesco\/es\/apost_constitutions\/documents\/papa-francesco_costituzione-ap_20171208_veritatis-gaudium.html#_ftnref85\">[85]<\/a>\u00a0Cf. Declaraci\u00f3n sobre la Educaci\u00f3n Cat\u00f3lica\u00a0<em><a href=\"http:\/\/www.vatican.va\/archive\/hist_councils\/ii_vatican_council\/documents\/vat-ii_decl_19651028_gravissimum-educationis_sp.html\">Gravissimum educationis<\/a><\/em>, 10: AAS 58 (1966), p\u00e1g. 737; Juan Pablo II,\u00a0<em><a href=\"https:\/\/w2.vatican.va\/content\/john-paul-ii\/es\/encyclicals\/documents\/hf_jp-ii_enc_06081993_veritatis-splendor.html\">Veritatis splendor<\/a><\/em>, 6 de agosto de 1993: AAS 85 [1993] p\u00e1gs. 1133-ss; Id.,\u00a0<em><a href=\"http:\/\/w2.vatican.va\/content\/john-paul-ii\/es\/encyclicals\/documents\/hf_jp-ii_enc_14091998_fides-et-ratio.html\">Fides et ratio<\/a><\/em>, 4 de septiembre de 1998: AAS 91 [1999] p\u00e1gs. 5-ss.<\/p>\n<p><a name=\"_ftn86\"><\/a><a href=\"http:\/\/w2.vatican.va\/content\/francesco\/es\/apost_constitutions\/documents\/papa-francesco_costituzione-ap_20171208_veritatis-gaudium.html#_ftnref86\">[86]<\/a>\u00a0Cf. Conc. Ecum. Vat. II, Decreto sobre la actividad misionera de la Iglesia\u00a0<em><a href=\"http:\/\/www.vatican.va\/archive\/hist_councils\/ii_vatican_council\/documents\/vat-ii_decree_19651207_ad-gentes_sp.html\">Ad gentes<\/a><\/em>, 22: AAS 58 (1966), p\u00e1gs. 973 ss.<\/p>\n<p><a name=\"_ftn87\"><\/a><a href=\"http:\/\/w2.vatican.va\/content\/francesco\/es\/apost_constitutions\/documents\/papa-francesco_costituzione-ap_20171208_veritatis-gaudium.html#_ftnref87\">[87]<\/a>\u00a0Cf. Directorio sobre el Ecumenismo, parte segunda: AAS 62 (1970), p\u00e1gs. 705-724; Directorio para la Aplicaci\u00f3n de los principios y las normas del Ecumenismo: AAS 85 [1993] p\u00e1gs. 1039 ss.<\/p>\n<p><a name=\"_ftn88\"><\/a><a href=\"http:\/\/w2.vatican.va\/content\/francesco\/es\/apost_constitutions\/documents\/papa-francesco_costituzione-ap_20171208_veritatis-gaudium.html#_ftnref88\">[88]<\/a>\u00a0Cf. Conc. Ecum. Vat. II, Constituci\u00f3n pastoral sobre la Iglesia en el mundo contempor\u00e1neo\u00a0<em><a href=\"http:\/\/www.vatican.va\/archive\/hist_councils\/ii_vatican_council\/documents\/vat-ii_const_19651207_gaudium-et-spes_sp.html\">Gaudium et spes<\/a><\/em>, 43 ss: AAS 58 (1966), p\u00e1gs. 1061 ss.<\/p>\n<p><a name=\"_ftn89\"><\/a><a href=\"http:\/\/w2.vatican.va\/content\/francesco\/es\/apost_constitutions\/documents\/papa-francesco_costituzione-ap_20171208_veritatis-gaudium.html#_ftnref89\">[89]<\/a>\u00a0Cf. Exhort. Apost.\u00a0<em><a href=\"http:\/\/w2.vatican.va\/content\/paul-vi\/es\/apost_exhortations\/documents\/hf_p-vi_exh_19751208_evangelii-nuntiandi.html\">Evangelii nuntiandi<\/a><\/em>, 19-20: AAS 68 (1976), p\u00e1gs. 18 s.<\/p>\n<p><a name=\"_ftn90\"><\/a><a href=\"http:\/\/w2.vatican.va\/content\/francesco\/es\/apost_constitutions\/documents\/papa-francesco_costituzione-ap_20171208_veritatis-gaudium.html#_ftnref90\">[90]<\/a>\u00a0Cf. Conc. Vat. II, Exhort. Apost.\u00a0<em><a href=\"http:\/\/w2.vatican.va\/content\/paul-vi\/es\/apost_exhortations\/documents\/hf_p-vi_exh_19751208_evangelii-nuntiandi.html\">Evangelii nuntiandi<\/a><\/em>, 18: AAS 68 (1976), p\u00e1gs. 17 s., y Const. past. sobre la Iglesia en el mundo contempor\u00e1neo<em>\u00a0<a href=\"http:\/\/www.vatican.va\/archive\/hist_councils\/ii_vatican_council\/documents\/vat-ii_const_19651207_gaudium-et-spes_sp.html\">Gaudium et spes<\/a><\/em>, n. 58: AAS 58 (1966), p\u00e1g. 1079.<\/p>\n<p><a name=\"_ftn91\"><\/a><a href=\"http:\/\/w2.vatican.va\/content\/francesco\/es\/apost_constitutions\/documents\/papa-francesco_costituzione-ap_20171208_veritatis-gaudium.html#_ftnref91\">[91]<\/a>\u00a0Cf. Conc. Vat. II, Declaraci\u00f3n sobre la educaci\u00f3n cristiana\u00a0<em><a href=\"http:\/\/www.vatican.va\/archive\/hist_councils\/ii_vatican_council\/documents\/vat-ii_decl_19651028_gravissimum-educationis_sp.html\">Gravissimum educationis<\/a><\/em>, n. 10: AAS 58 (1966), p\u00e1g. 737.<\/p>\n<p><a name=\"_ftn92\"><\/a><a href=\"http:\/\/w2.vatican.va\/content\/francesco\/es\/apost_constitutions\/documents\/papa-francesco_costituzione-ap_20171208_veritatis-gaudium.html#_ftnref92\">[92]<\/a>\u00a0Cf. AAS 23 (1931), p\u00e1g. 241.<\/p>\n<p><a name=\"_ftn93\"><\/a><a href=\"http:\/\/w2.vatican.va\/content\/francesco\/es\/apost_constitutions\/documents\/papa-francesco_costituzione-ap_20171208_veritatis-gaudium.html#_ftnref93\">[93]<\/a>\u00a0Cf. AAS 42 (1950), p\u00e1g. 387.<\/p>\n<p><a name=\"_ftn94\"><\/a><a href=\"http:\/\/w2.vatican.va\/content\/francesco\/es\/apost_constitutions\/documents\/papa-francesco_costituzione-ap_20171208_veritatis-gaudium.html#_ftnref94\">[94]<\/a>\u00a0Cf. Declaraci\u00f3n sobre la Educaci\u00f3n cristiana\u00a0<em><a href=\"http:\/\/www.vatican.va\/archive\/hist_councils\/ii_vatican_council\/documents\/vat-ii_decl_19651028_gravissimum-educationis_sp.html\">Gravissimum educationis<\/a><\/em>, 10: AAS (1966), p\u00e1g. 737.<\/p>\n<p><a name=\"_ftn95\"><\/a><a href=\"http:\/\/w2.vatican.va\/content\/francesco\/es\/apost_constitutions\/documents\/papa-francesco_costituzione-ap_20171208_veritatis-gaudium.html#_ftnref95\">[95]<\/a>\u00a0Cf. Declaraci\u00f3n sobre la Educaci\u00f3n cristiana\u00a0<em><a href=\"http:\/\/www.vatican.va\/archive\/hist_councils\/ii_vatican_council\/documents\/vat-ii_decl_19651028_gravissimum-educationis_sp.html\">Gravissimum educationis<\/a><\/em>, 10: AAS (1966), p\u00e1g. 737.<\/p>\n<p><a name=\"_ftn96\"><\/a><a href=\"http:\/\/w2.vatican.va\/content\/francesco\/es\/apost_constitutions\/documents\/papa-francesco_costituzione-ap_20171208_veritatis-gaudium.html#_ftnref96\">[96]<\/a>\u00a0Cf. Declaraci\u00f3n sobre la Educaci\u00f3n cristiana\u00a0<em><a href=\"http:\/\/www.vatican.va\/archive\/hist_councils\/ii_vatican_council\/documents\/vat-ii_decl_19651028_gravissimum-educationis_sp.html\">Gravissimum educationis<\/a><\/em>, 10: AAS (1966), p\u00e1g. 738.<\/p>\n<p><a name=\"_ftn97\"><\/a><a href=\"http:\/\/w2.vatican.va\/content\/francesco\/es\/apost_constitutions\/documents\/papa-francesco_costituzione-ap_20171208_veritatis-gaudium.html#_ftnref97\">[97]<\/a>\u00a0Cf. Const. past. sobre la Iglesia en el mundo contempor\u00e1neo\u00a0<em><a href=\"http:\/\/www.vatican.va\/archive\/hist_councils\/ii_vatican_council\/documents\/vat-ii_const_19651207_gaudium-et-spes_sp.html\">Gaudium et spes<\/a><\/em>, 62: AAS 58 (1966), p\u00e1gs. 1082-1084.<\/p>\n<p><a name=\"_ftn98\"><\/a><a href=\"http:\/\/w2.vatican.va\/content\/francesco\/es\/apost_constitutions\/documents\/papa-francesco_costituzione-ap_20171208_veritatis-gaudium.html#_ftnref98\">[98]<\/a>\u00a0Cf. Juan XXIII,\u00a0<em><a href=\"http:\/\/w2.vatican.va\/content\/john-xxiii\/es\/speeches\/1962\/documents\/hf_j-xxiii_spe_19621011_opening-council.html\">Alocuci\u00f3n inaugural del Con. Ecum. Vaticano II<\/a><\/em>: AAS 54 (1962), p\u00e1g. 792; Const. past. sobre la Iglesia en el mundo contempor\u00e1neo\u00a0<em><a href=\"http:\/\/www.vatican.va\/archive\/hist_councils\/ii_vatican_council\/documents\/vat-ii_const_19651207_gaudium-et-spes_sp.html\">Gaudium et spes<\/a><\/em>, 62: AAS 58 (1966), p\u00e1g. 1083.<\/p>\n<p><a name=\"_ftn99\"><\/a><a href=\"http:\/\/w2.vatican.va\/content\/francesco\/es\/apost_constitutions\/documents\/papa-francesco_costituzione-ap_20171208_veritatis-gaudium.html#_ftnref99\">[99]<\/a>\u00a0Pablo VI, Epist. Le transfert \u00e0 Louvain-la-Neuve, ad Magnificum Rectorem Universitatis Catholicae Lovaniensis, d. 13 de septiembre de 1975 (Cf. L&#8217;Osservatore Romano, 22-23 de septiembre de 1975); Juan Pablo II, Enc\u00edclica\u00a0<em><a href=\"http:\/\/w2.vatican.va\/content\/john-paul-ii\/es\/encyclicals\/documents\/hf_jp-ii_enc_04031979_redemptor-hominis.html\">Redemptor hominis<\/a><\/em>, 19: AAS 71 (1979), p\u00e1gs. 305 ss.<\/p>\n<p><a name=\"_ftn100\"><\/a><a href=\"http:\/\/w2.vatican.va\/content\/francesco\/es\/apost_constitutions\/documents\/papa-francesco_costituzione-ap_20171208_veritatis-gaudium.html#_ftnref100\">[100]<\/a>\u00a0Cf. Declaraci\u00f3n sobre la Educaci\u00f3n cristiana\u00a0<em><a href=\"http:\/\/www.vatican.va\/archive\/hist_councils\/ii_vatican_council\/documents\/vat-ii_decl_19651028_gravissimum-educationis_sp.html\">Gravissimum educationis<\/a><\/em>, 11: AAS 58 (1966), p\u00e1g. 738.<\/p>\n<p><a name=\"_ftn101\"><\/a><a href=\"http:\/\/w2.vatican.va\/content\/francesco\/es\/apost_constitutions\/documents\/papa-francesco_costituzione-ap_20171208_veritatis-gaudium.html#_ftnref101\">[101]<\/a>\u00a0Cf. can. 833, 7\u00b0 CIC.<\/p>\n<p><a name=\"_ftn102\"><\/a><a href=\"http:\/\/w2.vatican.va\/content\/francesco\/es\/apost_constitutions\/documents\/papa-francesco_costituzione-ap_20171208_veritatis-gaudium.html#_ftnref102\">[102]<\/a>\u00a0Cf. Directorio para la Aplicaci\u00f3n de los Principios y de las Normas del Ecumenismo [1993], n 191 ss.: AAS 85 [1993] p\u00e1gs. 1107 ss.<\/p>\n<p><a name=\"_ftn103\"><\/a><a href=\"http:\/\/w2.vatican.va\/content\/francesco\/es\/apost_constitutions\/documents\/papa-francesco_costituzione-ap_20171208_veritatis-gaudium.html#_ftnref103\">[103]<\/a>\u00a0Cf. Directorio para la Aplicaci\u00f3n de los Principio y de las Normas del Ecumenismo [1993], n 192: AAS 85 [1993] p\u00e1gs. 1107 ss.<\/p>\n<p><a name=\"_ftn104\"><\/a><a href=\"http:\/\/w2.vatican.va\/content\/francesco\/es\/apost_constitutions\/documents\/papa-francesco_costituzione-ap_20171208_veritatis-gaudium.html#_ftnref104\">[104]<\/a>\u00a0Cf. Directorio para la Aplicaci\u00f3n de los Principios y de las Normas del Ecumenismo [1993], n 195: AAS 85 [1993] p\u00e1g. 1109.<\/p>\n<p><a name=\"_ftn105\"><\/a><a href=\"http:\/\/w2.vatican.va\/content\/francesco\/es\/apost_constitutions\/documents\/papa-francesco_costituzione-ap_20171208_veritatis-gaudium.html#_ftnref105\">[105]<\/a>\u00a0Cf. cann. 1732-1739 CIC; cann. 996-1006 CCEO; can. 1445, \u00a7 2 CIC; Juan Pablo II,<em>\u00a0<\/em><em><a href=\"http:\/\/w2.vatican.va\/content\/john-paul-ii\/es\/apost_constitutions\/documents\/hf_jp-ii_apc_19880628_pastor-bonus-index.html\">Pastor bonus<\/a><\/em><em>\u00a0<\/em>art. 123, AAS 80 [1988] p\u00e1gs. 891-892.<\/p>\n<p><a name=\"_ftn106\"><\/a><a href=\"http:\/\/w2.vatican.va\/content\/francesco\/es\/apost_constitutions\/documents\/papa-francesco_costituzione-ap_20171208_veritatis-gaudium.html#_ftnref106\">[106]<\/a>\u00a0Cf. can. 816 \u00a7 2 CIC; can. 650 CCEO.<\/p>\n<p><a name=\"_ftn107\"><\/a><a href=\"http:\/\/w2.vatican.va\/content\/francesco\/es\/apost_constitutions\/documents\/papa-francesco_costituzione-ap_20171208_veritatis-gaudium.html#_ftnref107\">[107]<\/a>\u00a0Cf. especialmente Constituci\u00f3n dogm\u00e1tica sobre la divina Revelaci\u00f3n\u00a0<em><a href=\"http:\/\/www.vatican.va\/archive\/hist_councils\/ii_vatican_council\/documents\/vat-ii_const_19651118_dei-verbum_sp.html\">Dei Verbum<\/a><\/em>: AAS 58 (1966), p\u00e1gs. 817 ss., y el Decreto sobre la formaci\u00f3n sacerdotal\u00a0<em><a href=\"http:\/\/www.vatican.va\/archive\/hist_councils\/ii_vatican_council\/documents\/vat-ii_decree_19651028_optatam-totius_sp.html\">Optatam totius<\/a><\/em>: AAS 58 (1966), p\u00e1gs. 713 ss.<\/p>\n<p><a name=\"_ftn108\"><\/a><a href=\"http:\/\/w2.vatican.va\/content\/francesco\/es\/apost_constitutions\/documents\/papa-francesco_costituzione-ap_20171208_veritatis-gaudium.html#_ftnref108\">[108]<\/a>\u00a0Cf. especialmente la Carta Apost\u00f3lica de Pablo VI sobre S. Tom\u00e1s de Aquino\u00a0<em><a href=\"http:\/\/w2.vatican.va\/content\/paul-vi\/es\/letters\/1974\/documents\/hf_p-vi_let_19741120_lumen-ecclesiae.html\">Lumen Ecclesiae<\/a><\/em>, del 20 de noviembre de 1974: AAS 66 (1974), p\u00e1gs. 673 ss., y los Documentos de la Congregaci\u00f3n para la Educaci\u00f3n Cat\u00f3lica sobre la formaci\u00f3n teol\u00f3gica, del 22 de febrero de 1976, sobre la formaci\u00f3n canon\u00edstica, del 1 de marzo de 1975 y sobre la formaci\u00f3n filos\u00f3fica, del 20 de enero de 1972;\u00a0<em>De institutione liturgica<\/em>\u00a0[3 de junio de 1979];\u00a0<em>De institutione in mediis communicationis<\/em>\u00a0[19 de marzo de 1986];\u00a0<em>De institutione in doctrina social Ecclesi\u00e6 studio<\/em>\u00a0[10 de noviembre de 1989];\u00a0<em>De institutione circa matrimonium et familiam<\/em>\u00a0[19 de marzo de 1995.<\/p>\n<p><a name=\"_ftn109\"><\/a><a href=\"http:\/\/w2.vatican.va\/content\/francesco\/es\/apost_constitutions\/documents\/papa-francesco_costituzione-ap_20171208_veritatis-gaudium.html#_ftnref109\">[109]<\/a>\u00a0Cf. can. 251 CIC; Concilio Ecum\u00e9nico Vaticano II, Decreto\u00a0<em><a href=\"http:\/\/www.vatican.va\/archive\/hist_councils\/ii_vatican_council\/documents\/vat-ii_decree_19651028_optatam-totius_sp.html\">Optatam totius<\/a><\/em>, n. 15.<\/p>\n<p><a name=\"_ftn110\"><\/a><a href=\"http:\/\/w2.vatican.va\/content\/francesco\/es\/apost_constitutions\/documents\/papa-francesco_costituzione-ap_20171208_veritatis-gaudium.html#_ftnref110\">[110]<\/a>\u00a0Cf.\u00a0<em>praesertim\u00a0<\/em><em><a href=\"http:\/\/www.vatican.va\/archive\/hist_councils\/ii_vatican_council\/documents\/vat-ii_decree_19651028_optatam-totius_sp.html\">Optatam totius<\/a><\/em>: AAS 58 [1966] p\u00e1gs. 713 ss;\u00a0<em><a href=\"http:\/\/www.vatican.va\/archive\/hist_councils\/ii_vatican_council\/documents\/vat-ii_decl_19651028_gravissimum-educationis_sp.html\">Gravissimum educationis<\/a><\/em>: AAS 58 [1966] p\u00e1gs. 728 ss y en otros documentos m\u00e1s recientes de la Santa Sede (cfr. praesertim Pauli VI\u00a0<em><a href=\"http:\/\/w2.vatican.va\/content\/paul-vi\/es\/letters\/1974\/documents\/hf_p-vi_let_19741120_lumen-ecclesiae.html\">Lumen Ecclesiae<\/a><\/em>, de S. Thoma Aquinate, 20 nov 1974: AAS 66 [1974] p\u00e1gs. 673 ss; Sacrae Congr. Pro Institutione Catholica Literas\u00a0<em>de institutione philosophica<\/em>\u00a020 ian. 1972; Juan Pablo II, Enc\u00edclica\u00a0<em><a href=\"http:\/\/w2.vatican.va\/content\/john-paul-ii\/es\/encyclicals\/documents\/hf_jp-ii_enc_14091998_fides-et-ratio.html\">Fides et ratio<\/a><\/em>: AAS 91 [1999] p\u00e1gs. 5 ss; Id., Enc\u00edclica\u00a0<em><a href=\"https:\/\/w2.vatican.va\/content\/john-paul-ii\/es\/encyclicals\/documents\/hf_jp-ii_enc_06081993_veritatis-splendor.html\">Veritatis splendor<\/a><\/em>: AAS 85 [1993] p\u00e1gs. 1133 ss.<\/p>\n<p>&nbsp;<\/p>\n<p>&nbsp;<\/p>\n","protected":false},"excerpt":{"rendered":"<p>29.01.2018 &nbsp; FRANCISCO CONSTITUCI\u00d3N APOST\u00d3LICA VERITATIS GAUDIUM SOBRE LAS UNIVERSIDADES Y FACULTADES ECLESI\u00c1STICAS &nbsp; PROEMIO La alegr\u00eda de la verdad \u2015Veritatis gaudium\u2015 manifiesta el deseo vehemente que deja inquieto el coraz\u00f3n del hombre hasta&#46;&#46;&#46;<\/p>\n","protected":false},"author":5,"featured_media":4859,"comment_status":"closed","ping_status":"closed","sticky":false,"template":"","format":"standard","meta":{"_exactmetrics_skip_tracking":false,"_exactmetrics_sitenote_active":false,"_exactmetrics_sitenote_note":"","_exactmetrics_sitenote_category":0,"footnotes":""},"categories":[14],"tags":[],"class_list":["post-6610","post","type-post","status-publish","format-standard","has-post-thumbnail","hentry","category-ultimas-noticias"],"_links":{"self":[{"href":"https:\/\/iglesiatijuana.org\/web\/wp-json\/wp\/v2\/posts\/6610","targetHints":{"allow":["GET"]}}],"collection":[{"href":"https:\/\/iglesiatijuana.org\/web\/wp-json\/wp\/v2\/posts"}],"about":[{"href":"https:\/\/iglesiatijuana.org\/web\/wp-json\/wp\/v2\/types\/post"}],"author":[{"embeddable":true,"href":"https:\/\/iglesiatijuana.org\/web\/wp-json\/wp\/v2\/users\/5"}],"replies":[{"embeddable":true,"href":"https:\/\/iglesiatijuana.org\/web\/wp-json\/wp\/v2\/comments?post=6610"}],"version-history":[{"count":1,"href":"https:\/\/iglesiatijuana.org\/web\/wp-json\/wp\/v2\/posts\/6610\/revisions"}],"predecessor-version":[{"id":6611,"href":"https:\/\/iglesiatijuana.org\/web\/wp-json\/wp\/v2\/posts\/6610\/revisions\/6611"}],"wp:featuredmedia":[{"embeddable":true,"href":"https:\/\/iglesiatijuana.org\/web\/wp-json\/wp\/v2\/media\/4859"}],"wp:attachment":[{"href":"https:\/\/iglesiatijuana.org\/web\/wp-json\/wp\/v2\/media?parent=6610"}],"wp:term":[{"taxonomy":"category","embeddable":true,"href":"https:\/\/iglesiatijuana.org\/web\/wp-json\/wp\/v2\/categories?post=6610"},{"taxonomy":"post_tag","embeddable":true,"href":"https:\/\/iglesiatijuana.org\/web\/wp-json\/wp\/v2\/tags?post=6610"}],"curies":[{"name":"wp","href":"https:\/\/api.w.org\/{rel}","templated":true}]}}