{"id":662,"date":"2010-07-15T12:23:58","date_gmt":"2010-07-15T19:23:58","guid":{"rendered":"http:\/\/iglesiatijuana.org\/web\/vengan-2\/"},"modified":"2010-07-15T12:23:58","modified_gmt":"2010-07-15T19:23:58","slug":"vengan-2","status":"publish","type":"post","link":"https:\/\/iglesiatijuana.org\/web\/vengan-2\/","title":{"rendered":"Vengan a m\u00ed todos los que est\u00e1n afligidos y agobiados, y yo los aliviar\u00e9"},"content":{"rendered":"<p><span style=\"font-size: 14pt; font-family: Arial\"><font color=\"#000000\">Jueves<\/font><\/span><span style=\"font-size: 14pt; font-family: Arial\"><font color=\"#000000\">&nbsp;<\/font><\/span><\/p>\n<p><strong><span style=\"font-size: 14pt; font-family: Arial\"><font color=\"#000000\">Evangelio: Mateo 11,28-30<\/font><\/span><\/strong><\/p>\n<p><strong><\/strong><span style=\"font-size: 14pt; font-family: Arial\"><font color=\"#000000\">En aquel tiempo, dijo Jes&uacute;s: &laquo;Vengan a m&iacute; todos los que est&aacute;n afligidos y agobiados, y yo los aliviar&eacute;. Carguen sobre ustedes mi yugo y aprendan de m&iacute;, porque soy paciente y humilde de coraz&oacute;n, y as&iacute; encontrar&aacute;n alivio. Porque mi yugo es suave y mi carga ligera&raquo;.&nbsp;<\/font><\/span><span style=\"font-size: 14pt; font-family: Arial\"><font color=\"#000000\">&nbsp;<\/font><\/span><\/p>\n<p>&nbsp;<\/p>\n<p><strong><span style=\"font-size: 14pt; font-family: Arial\"><font color=\"#000000\">MEDITATIO<\/font><\/span><\/strong><\/p>\n<p><span style=\"font-size: 14pt; font-family: Arial\"><font color=\"#000000\">En la revelaci&oacute;n divina nos encontramos de continuo con la insondable riqueza del conocimiento de Dios y de Cristo y se nos permite ver el amor infinito de la Trinidad hacia nosotros. Gracias a esta revelaci&oacute;n, creemos en un Dios creador, redentor, misericordioso, que se ha manifestado en palabras y en obras, siempre al lado de su pueblo. Tanto en el pasado como en el presente y el futuro, Dios nos propone metas que nos permiten caminar con confianza y esperanza y nos hacen vencer cualquier fatalismo o des&aacute;nimo.<\/font><\/span><span style=\"font-size: 14pt; font-family: Arial\"><font color=\"#000000\">El Dios vivo no s&oacute;lo est&aacute; con nosotros para ayudar nos, sino que ha querido fijar su morada entre nosotros. En su Hijo Jes&uacute;s; &eacute;ste nos invita a que vayamos a &eacute;l para recuperar las fuerzas consumidas, nuestra mente deprimida, nuestro coraz&oacute;n abatido: &eacute;l nos reanima, nos renueva y nos invita a cargar con su yugo, a compartir su misma suerte, a caminar con &eacute;l y como &eacute;l, a sufrir con &eacute;l y como &eacute;l. Y nos asegura que su yugo es suave y su sabidur&iacute;a del coraz&oacute;n y de la vida. S&iacute;, conc&eacute;denos, Se&ntilde;or Jes&uacute;s, un coraz&oacute;n sencillo y dulce como el tuyo.<\/font><\/span><span style=\"font-size: 14pt; font-family: Arial\"><font color=\"#000000\">&nbsp;<\/font><\/span><\/p>\n<p>&nbsp;<\/p>\n<p><strong><span style=\"font-size: 14pt; font-family: Arial\"><font color=\"#000000\">Monse&ntilde;or Salvador Cisneros<\/font><\/span><\/strong><\/p>\n<p><strong><\/strong><strong><span style=\"font-size: 14pt; font-family: Arial\"><font color=\"#000000\">Parroquia Santa Teresa de &Agrave;vila<\/font><\/span><\/strong><span style=\"font-size: 14pt; font-family: Arial\"><font color=\"#000000\">&nbsp;<\/font><\/span><span style=\"font-size: 12pt; font-family: &#39;Times New Roman&#39;\"><br \/><\/span><span><font face=\"Times New Roman\" size=\"3\" color=\"#000000\">&nbsp;<\/font><\/span><span><font face=\"Times New Roman\" size=\"3\" color=\"#000000\">&nbsp;<\/font><\/span><\/p>\n","protected":false},"excerpt":{"rendered":"<p>Jueves&nbsp; Evangelio: Mateo 11,28-30 En aquel tiempo, dijo Jes&uacute;s: &laquo;Vengan a m&iacute; todos los que est&aacute;n afligidos y agobiados, y yo los aliviar&eacute;. Carguen sobre ustedes mi yugo y aprendan de m&iacute;, porque soy&#46;&#46;&#46;<\/p>\n","protected":false},"author":5,"featured_media":0,"comment_status":"closed","ping_status":"open","sticky":false,"template":"","format":"standard","meta":{"_exactmetrics_skip_tracking":false,"_exactmetrics_sitenote_active":false,"_exactmetrics_sitenote_note":"","_exactmetrics_sitenote_category":0,"footnotes":""},"categories":[20],"tags":[],"class_list":["post-662","post","type-post","status-publish","format-standard","hentry","category-evangelio-del-dia"],"_links":{"self":[{"href":"https:\/\/iglesiatijuana.org\/web\/wp-json\/wp\/v2\/posts\/662","targetHints":{"allow":["GET"]}}],"collection":[{"href":"https:\/\/iglesiatijuana.org\/web\/wp-json\/wp\/v2\/posts"}],"about":[{"href":"https:\/\/iglesiatijuana.org\/web\/wp-json\/wp\/v2\/types\/post"}],"author":[{"embeddable":true,"href":"https:\/\/iglesiatijuana.org\/web\/wp-json\/wp\/v2\/users\/5"}],"replies":[{"embeddable":true,"href":"https:\/\/iglesiatijuana.org\/web\/wp-json\/wp\/v2\/comments?post=662"}],"version-history":[{"count":0,"href":"https:\/\/iglesiatijuana.org\/web\/wp-json\/wp\/v2\/posts\/662\/revisions"}],"wp:attachment":[{"href":"https:\/\/iglesiatijuana.org\/web\/wp-json\/wp\/v2\/media?parent=662"}],"wp:term":[{"taxonomy":"category","embeddable":true,"href":"https:\/\/iglesiatijuana.org\/web\/wp-json\/wp\/v2\/categories?post=662"},{"taxonomy":"post_tag","embeddable":true,"href":"https:\/\/iglesiatijuana.org\/web\/wp-json\/wp\/v2\/tags?post=662"}],"curies":[{"name":"wp","href":"https:\/\/api.w.org\/{rel}","templated":true}]}}