{"id":6649,"date":"2018-02-13T14:38:19","date_gmt":"2018-02-13T22:38:19","guid":{"rendered":"http:\/\/iglesiatijuana.org\/web\/?p=6649"},"modified":"2018-02-14T13:26:04","modified_gmt":"2018-02-14T21:26:04","slug":"los-mercedarios-iniciaron-el-jubileo-por-el-800-aniversario-y-nos-invitan-a-obtener-la-indulgencia-plenaria","status":"publish","type":"post","link":"https:\/\/iglesiatijuana.org\/web\/los-mercedarios-iniciaron-el-jubileo-por-el-800-aniversario-y-nos-invitan-a-obtener-la-indulgencia-plenaria\/","title":{"rendered":"Los Mercedarios iniciaron el Jubileo por el 800 aniversario y nos invitan a obtener la indulgencia plenaria"},"content":{"rendered":"<p><a href=\"http:\/\/iglesiatijuana.org\/web\/wp-content\/uploads\/2018\/02\/IMG_4998.jpg\" data-rel=\"lightbox-image-0\" data-rl_title=\"\" data-rl_caption=\"\" title=\"\"><img loading=\"lazy\" decoding=\"async\" class=\"alignnone size-medium wp-image-6650\" src=\"http:\/\/iglesiatijuana.org\/web\/wp-content\/uploads\/2018\/02\/IMG_4998-225x300.jpg\" alt=\"\" width=\"225\" height=\"300\" srcset=\"https:\/\/iglesiatijuana.org\/web\/wp-content\/uploads\/2018\/02\/IMG_4998-225x300.jpg 225w, https:\/\/iglesiatijuana.org\/web\/wp-content\/uploads\/2018\/02\/IMG_4998.jpg 336w\" sizes=\"auto, (max-width: 225px) 100vw, 225px\" \/><\/a><\/p>\n<p style=\"text-align: justify;\">\u00a0 \u00a0 \u00a0 \u00a0 \u00a0 \u00a0 Tijuana, B.C.- La Santa Misa del inicio del Jubileo por el 800 aniversario de la Orden Mercedaria en nuestra Arquidi\u00f3cesis de Tijuana, la presidi\u00f3 el Superior Provincial, Fray Jes\u00fas Luja P\u00e9rez, y concelebraron varios sacerdotes mercedarios. Adem\u00e1s Fray Manuel hizo su profesi\u00f3n solemne en esta orden.<\/p>\n<p style=\"text-align: justify;\"><a href=\"http:\/\/iglesiatijuana.org\/web\/wp-content\/uploads\/2018\/02\/IMG_5036.jpg\" data-rel=\"lightbox-image-1\" data-rl_title=\"\" data-rl_caption=\"\" title=\"\"><img loading=\"lazy\" decoding=\"async\" class=\"alignnone size-medium wp-image-6651\" src=\"http:\/\/iglesiatijuana.org\/web\/wp-content\/uploads\/2018\/02\/IMG_5036-300x225.jpg\" alt=\"\" width=\"300\" height=\"225\" srcset=\"https:\/\/iglesiatijuana.org\/web\/wp-content\/uploads\/2018\/02\/IMG_5036-300x225.jpg 300w, https:\/\/iglesiatijuana.org\/web\/wp-content\/uploads\/2018\/02\/IMG_5036.jpg 448w\" sizes=\"auto, (max-width: 300px) 100vw, 300px\" \/><\/a><\/p>\n<p style=\"text-align: justify;\">\u00a0\u00a0\u00a0\u00a0\u00a0\u00a0\u00a0\u00a0\u00a0 \u201cEn primer lugar es reconocer los regalos que Dios nos concede, y es una oportunidad para dar gracias por nuestra vocaci\u00f3n, por la existencia de la orden, por todo lo que la orden ha hecho en 800 a\u00f1os en el mundo. Porque de hecho est\u00e1 en los cinco continentes. Y claro tambi\u00e9n una oportunidad para que hoy nosotros nos renovemos, para que tambi\u00e9n renovemos nuestra consagraci\u00f3n, y que bueno, hay muchas cautividades todav\u00eda, y podamos trabajar en todas ellas\u201d, dijo el Provincial, Fray Jes\u00fas Luja P\u00e9rez.<\/p>\n<p style=\"text-align: justify;\">\u00a0\u00a0\u00a0\u00a0\u00a0\u00a0\u00a0\u00a0\u00a0 Antes de iniciar la Eucarist\u00eda el provincial bendijo la Puerta Santa, ya que este a\u00f1o de enero de 2018 a enero de 2019 todos los cat\u00f3licos que lo deseen podr\u00e1n obtener la indulgencia plenaria en las parroquias que atienden los sacerdotes mercedarios: Nuestra Se\u00f1ora de la Merced y San Ram\u00f3n Nonnato.<\/p>\n<p style=\"text-align: justify;\">\u00a0 \u00a0 \u00a0 \u00a0 \u00a0La Eucarist\u00eda se llev\u00f3 a cabo el mi\u00e9rcoles 7 de febrero en la Parroquia Nuestra Se\u00f1ora de la Merced, a las 7:00 p.m.<\/p>\n<p style=\"text-align: justify;\"><a href=\"http:\/\/iglesiatijuana.org\/web\/wp-content\/uploads\/2018\/02\/IMG_5063.jpg\" data-rel=\"lightbox-image-2\" data-rl_title=\"\" data-rl_caption=\"\" title=\"\"><img loading=\"lazy\" decoding=\"async\" class=\"alignnone size-medium wp-image-6652\" src=\"http:\/\/iglesiatijuana.org\/web\/wp-content\/uploads\/2018\/02\/IMG_5063-300x144.jpg\" alt=\"\" width=\"300\" height=\"144\" srcset=\"https:\/\/iglesiatijuana.org\/web\/wp-content\/uploads\/2018\/02\/IMG_5063-300x144.jpg 300w, https:\/\/iglesiatijuana.org\/web\/wp-content\/uploads\/2018\/02\/IMG_5063.jpg 448w\" sizes=\"auto, (max-width: 300px) 100vw, 300px\" \/><\/a><\/p>\n","protected":false},"excerpt":{"rendered":"<p>\u00a0 \u00a0 \u00a0 \u00a0 \u00a0 \u00a0 Tijuana, B.C.- La Santa Misa del inicio del Jubileo por el 800 aniversario de la Orden Mercedaria en nuestra Arquidi\u00f3cesis de Tijuana, la presidi\u00f3 el Superior Provincial, Fray&#46;&#46;&#46;<\/p>\n","protected":false},"author":5,"featured_media":6652,"comment_status":"closed","ping_status":"closed","sticky":false,"template":"","format":"standard","meta":{"_exactmetrics_skip_tracking":false,"_exactmetrics_sitenote_active":false,"_exactmetrics_sitenote_note":"","_exactmetrics_sitenote_category":0,"footnotes":""},"categories":[14],"tags":[],"class_list":["post-6649","post","type-post","status-publish","format-standard","has-post-thumbnail","hentry","category-ultimas-noticias"],"_links":{"self":[{"href":"https:\/\/iglesiatijuana.org\/web\/wp-json\/wp\/v2\/posts\/6649","targetHints":{"allow":["GET"]}}],"collection":[{"href":"https:\/\/iglesiatijuana.org\/web\/wp-json\/wp\/v2\/posts"}],"about":[{"href":"https:\/\/iglesiatijuana.org\/web\/wp-json\/wp\/v2\/types\/post"}],"author":[{"embeddable":true,"href":"https:\/\/iglesiatijuana.org\/web\/wp-json\/wp\/v2\/users\/5"}],"replies":[{"embeddable":true,"href":"https:\/\/iglesiatijuana.org\/web\/wp-json\/wp\/v2\/comments?post=6649"}],"version-history":[{"count":1,"href":"https:\/\/iglesiatijuana.org\/web\/wp-json\/wp\/v2\/posts\/6649\/revisions"}],"predecessor-version":[{"id":6653,"href":"https:\/\/iglesiatijuana.org\/web\/wp-json\/wp\/v2\/posts\/6649\/revisions\/6653"}],"wp:featuredmedia":[{"embeddable":true,"href":"https:\/\/iglesiatijuana.org\/web\/wp-json\/wp\/v2\/media\/6652"}],"wp:attachment":[{"href":"https:\/\/iglesiatijuana.org\/web\/wp-json\/wp\/v2\/media?parent=6649"}],"wp:term":[{"taxonomy":"category","embeddable":true,"href":"https:\/\/iglesiatijuana.org\/web\/wp-json\/wp\/v2\/categories?post=6649"},{"taxonomy":"post_tag","embeddable":true,"href":"https:\/\/iglesiatijuana.org\/web\/wp-json\/wp\/v2\/tags?post=6649"}],"curies":[{"name":"wp","href":"https:\/\/api.w.org\/{rel}","templated":true}]}}