{"id":6835,"date":"2018-03-28T10:52:46","date_gmt":"2018-03-28T17:52:46","guid":{"rendered":"http:\/\/iglesiatijuana.org\/web\/?p=6835"},"modified":"2018-03-28T10:52:46","modified_gmt":"2018-03-28T17:52:46","slug":"papa-francisco-el-anuncio-de-alegria-y-esperanza-que-culmina-el-triduo-nos-invita-a-despojarnos-del-hombre-viejo-para-vivir-como-hombres-resucitados","status":"publish","type":"post","link":"https:\/\/iglesiatijuana.org\/web\/papa-francisco-el-anuncio-de-alegria-y-esperanza-que-culmina-el-triduo-nos-invita-a-despojarnos-del-hombre-viejo-para-vivir-como-hombres-resucitados\/","title":{"rendered":"Papa Francisco: \u201cEl anuncio de alegr\u00eda y esperanza que culmina el triduo nos invita a despojarnos del hombre viejo para vivir como hombres resucitados\u201d"},"content":{"rendered":"<p><a href=\"http:\/\/iglesiatijuana.org\/web\/wp-content\/uploads\/2018\/03\/DivinaMisericordia.jpeg\" data-rel=\"lightbox-image-0\" data-rl_title=\"\" data-rl_caption=\"\" title=\"\"><img loading=\"lazy\" decoding=\"async\" class=\"alignnone size-medium wp-image-6836\" src=\"http:\/\/iglesiatijuana.org\/web\/wp-content\/uploads\/2018\/03\/DivinaMisericordia-300x240.jpeg\" alt=\"\" width=\"300\" height=\"240\" srcset=\"https:\/\/iglesiatijuana.org\/web\/wp-content\/uploads\/2018\/03\/DivinaMisericordia-300x240.jpeg 300w, https:\/\/iglesiatijuana.org\/web\/wp-content\/uploads\/2018\/03\/DivinaMisericordia-768x614.jpeg 768w, https:\/\/iglesiatijuana.org\/web\/wp-content\/uploads\/2018\/03\/DivinaMisericordia.jpeg 800w\" sizes=\"auto, (max-width: 300px) 100vw, 300px\" \/><\/a><\/p>\n<p><em>\u201cQueridos hermanos y hermanas:<\/em><\/p>\n<p style=\"text-align: justify;\">Los d\u00edas del Triduo Pascual constituyen la memoria celebrativa del \u00fanico y gran misterio de la muerte y resurrecci\u00f3n de Cristo, y marcan las etapas fundamentales de nuestra fe y de nuestra vocaci\u00f3n en el mundo. Estos tres d\u00edas nos recuerdan los grandes eventos de la salvaci\u00f3n realizados por Cristo y nos proyectan a nuestro destino futuro, reforzando nuestro compromiso y testimonio en la historia.<\/p>\n<p style=\"text-align: justify;\">El anuncio de alegr\u00eda y esperanza que culmina el triduo, nos recuerda que las cosas viejas han pasado y todo ha sido renovado en Cristo, muerto por nuestros pecados y resucitado para nuestra glorificaci\u00f3n. Este anuncio es tambi\u00e9n una llamada a la responsabilidad en la misi\u00f3n, pues renueva en todos los bautizados el sentido de nuestra nueva condici\u00f3n, y nos invita a despojarnos del hombre viejo para vivir como hombres resucitados, que hacen del mundo un espacio nuevo donde ser, gracias a Cristo y con \u00c9l, instrumentos de consuelo y esperanza para aquellos que sufren todav\u00eda hoy la humillaci\u00f3n y la soledad.<\/p>\n<p style=\"text-align: justify;\">\n<p style=\"text-align: justify;\">\n<p style=\"text-align: justify;\">\n<p style=\"text-align: justify;\"><strong>Saludos:<\/strong><\/p>\n<p style=\"text-align: justify;\">Saludo cordialmente a los peregrinos de lengua espa\u00f1ola, en particular a los grupos provenientes de Espa\u00f1a y Latinoam\u00e9rica. Pero estos de habla espa\u00f1ola son barulleros. Dispong\u00e1monos a vivir bien este Triduo Santo para que, con la ayuda de la Virgen Mar\u00eda, entremos de lleno en el misterio de Cristo muerto y resucitado por nosotros y as\u00ed dejemos que \u00e9l trasforme nuestra vida. Antes de terminar quiero desearles a todos los presentes, a sus familias y comunidades una profunda vivencia del Triduo Pascual, y a todos una feliz y Santa Pascua. Y tambi\u00e9n un pedido. Les quiero pedir una cosa: Que cada uno de ustedes, as\u00ed como hacen tanto barullo lindo, tengan el coraje de ir a confesarse en estos d\u00edas. Hagan una buena confesi\u00f3n. Gracias.\u201d<\/p>\n<p style=\"text-align: justify;\">\n<p style=\"text-align: justify;\">(Papa Francisco en la Audiencia General del mi\u00e9rcoles 28 de marzo de 2018)<\/p>\n","protected":false},"excerpt":{"rendered":"<p>\u201cQueridos hermanos y hermanas: Los d\u00edas del Triduo Pascual constituyen la memoria celebrativa del \u00fanico y gran misterio de la muerte y resurrecci\u00f3n de Cristo, y marcan las etapas fundamentales de nuestra fe y&#46;&#46;&#46;<\/p>\n","protected":false},"author":5,"featured_media":6836,"comment_status":"closed","ping_status":"closed","sticky":false,"template":"","format":"standard","meta":{"_exactmetrics_skip_tracking":false,"_exactmetrics_sitenote_active":false,"_exactmetrics_sitenote_note":"","_exactmetrics_sitenote_category":0,"footnotes":""},"categories":[14],"tags":[],"class_list":["post-6835","post","type-post","status-publish","format-standard","has-post-thumbnail","hentry","category-ultimas-noticias"],"_links":{"self":[{"href":"https:\/\/iglesiatijuana.org\/web\/wp-json\/wp\/v2\/posts\/6835","targetHints":{"allow":["GET"]}}],"collection":[{"href":"https:\/\/iglesiatijuana.org\/web\/wp-json\/wp\/v2\/posts"}],"about":[{"href":"https:\/\/iglesiatijuana.org\/web\/wp-json\/wp\/v2\/types\/post"}],"author":[{"embeddable":true,"href":"https:\/\/iglesiatijuana.org\/web\/wp-json\/wp\/v2\/users\/5"}],"replies":[{"embeddable":true,"href":"https:\/\/iglesiatijuana.org\/web\/wp-json\/wp\/v2\/comments?post=6835"}],"version-history":[{"count":1,"href":"https:\/\/iglesiatijuana.org\/web\/wp-json\/wp\/v2\/posts\/6835\/revisions"}],"predecessor-version":[{"id":6837,"href":"https:\/\/iglesiatijuana.org\/web\/wp-json\/wp\/v2\/posts\/6835\/revisions\/6837"}],"wp:featuredmedia":[{"embeddable":true,"href":"https:\/\/iglesiatijuana.org\/web\/wp-json\/wp\/v2\/media\/6836"}],"wp:attachment":[{"href":"https:\/\/iglesiatijuana.org\/web\/wp-json\/wp\/v2\/media?parent=6835"}],"wp:term":[{"taxonomy":"category","embeddable":true,"href":"https:\/\/iglesiatijuana.org\/web\/wp-json\/wp\/v2\/categories?post=6835"},{"taxonomy":"post_tag","embeddable":true,"href":"https:\/\/iglesiatijuana.org\/web\/wp-json\/wp\/v2\/tags?post=6835"}],"curies":[{"name":"wp","href":"https:\/\/api.w.org\/{rel}","templated":true}]}}