{"id":6897,"date":"2018-04-04T14:01:37","date_gmt":"2018-04-04T21:01:37","guid":{"rendered":"http:\/\/iglesiatijuana.org\/web\/?p=6897"},"modified":"2018-04-04T14:01:37","modified_gmt":"2018-04-04T21:01:37","slug":"el-arzobispo-francisco-invita-a-las-parroquias-a-una-renovacion-profunda","status":"publish","type":"post","link":"https:\/\/iglesiatijuana.org\/web\/el-arzobispo-francisco-invita-a-las-parroquias-a-una-renovacion-profunda\/","title":{"rendered":"El Arzobispo Francisco invita a las parroquias a una renovaci\u00f3n profunda"},"content":{"rendered":"<p><a href=\"http:\/\/iglesiatijuana.org\/web\/wp-content\/uploads\/2018\/04\/P.-Ramon2.jpg\" data-rel=\"lightbox-image-0\" data-rl_title=\"\" data-rl_caption=\"\" title=\"\"><img loading=\"lazy\" decoding=\"async\" class=\"alignnone size-medium wp-image-6898\" src=\"http:\/\/iglesiatijuana.org\/web\/wp-content\/uploads\/2018\/04\/P.-Ramon2-300x225.jpg\" alt=\"\" width=\"300\" height=\"225\" srcset=\"https:\/\/iglesiatijuana.org\/web\/wp-content\/uploads\/2018\/04\/P.-Ramon2-300x225.jpg 300w, https:\/\/iglesiatijuana.org\/web\/wp-content\/uploads\/2018\/04\/P.-Ramon2-768x576.jpg 768w, https:\/\/iglesiatijuana.org\/web\/wp-content\/uploads\/2018\/04\/P.-Ramon2.jpg 960w\" sizes=\"auto, (max-width: 300px) 100vw, 300px\" \/><\/a><\/p>\n<p style=\"text-align: justify;\">\u00a0 \u00a0 \u00a0 \u00a0 \u00a0 \u00a0 \u00a0Tecate, B.C.- La toma de posesi\u00f3n del nuevo p\u00e1rroco de la P. Inmaculada Concepci\u00f3n de Mar\u00eda, Pbro. Ram\u00f3n Ricardo S\u00e1nchez C\u00e1rdenas, y posteriormente la toma de posesi\u00f3n del nuevo p\u00e1rroco de la P. Nuestra Se\u00f1ora de Guadalupe, Pbro. Francisco Landa Escobedo, presidi\u00f3 nuestro Arzobispo, Mons. Francisco Moreno Barr\u00f3n en Tecate, a quienes invita a vivir en una renovaci\u00f3n profunda, unidos en el amor.<\/p>\n<p style=\"text-align: justify;\">\u00a0\u00a0\u00a0\u00a0\u00a0\u00a0\u00a0\u00a0\u00a0\u00a0\u00a0 \u201cQueridos hermanos as\u00ed como cada uno de nosotros est\u00e1 llamado a renovarse en Cristo resucitado, tambi\u00e9n esta parroquia con motivo de la llegada de su nuevo p\u00e1rroco, est\u00e1 llamada a una renovaci\u00f3n profunda. Y la renovaci\u00f3n de la parroquia comienza en el coraz\u00f3n del sacerdote. Si el sacerdote se renueva, se convierte, vive en actitud de resurrecci\u00f3n, su parroquia tambi\u00e9n se renovar\u00e1, se convertir\u00e1 al Se\u00f1or y vivir\u00e1 en actitud de vida nueva, de resurrecci\u00f3n\u201d, dijo Mons. Moreno Barr\u00f3n durante la homil\u00eda.<\/p>\n<p><a href=\"http:\/\/iglesiatijuana.org\/web\/wp-content\/uploads\/2018\/04\/P.-Ramon.jpg\" data-rel=\"lightbox-image-1\" data-rl_title=\"\" data-rl_caption=\"\" title=\"\"><img loading=\"lazy\" decoding=\"async\" class=\"alignnone size-medium wp-image-6899\" src=\"http:\/\/iglesiatijuana.org\/web\/wp-content\/uploads\/2018\/04\/P.-Ramon-225x300.jpg\" alt=\"\" width=\"225\" height=\"300\" srcset=\"https:\/\/iglesiatijuana.org\/web\/wp-content\/uploads\/2018\/04\/P.-Ramon-225x300.jpg 225w, https:\/\/iglesiatijuana.org\/web\/wp-content\/uploads\/2018\/04\/P.-Ramon.jpg 720w\" sizes=\"auto, (max-width: 225px) 100vw, 225px\" \/><\/a><\/p>\n<p style=\"text-align: justify;\">\u00a0\u00a0\u00a0\u00a0\u00a0\u00a0\u00a0\u00a0\u00a0\u00a0\u00a0 Aclar\u00f3 que la parroquia la forman todos los bautizados que viven en la jurisdicci\u00f3n de dicha parroquia, y no el templo.<\/p>\n<p style=\"text-align: justify;\">\u00a0\u00a0\u00a0\u00a0\u00a0\u00a0\u00a0\u00a0\u00a0\u00a0\u00a0 \u201cLes he nombrado un nuevo p\u00e1rroco que les va a proclamar las buenas noticias del Evangelio, que les va a anunciar a un Cristo vivo, atractivo, un Cristo que le da pleno sentido a nuestra existencia. Tienen un nuevo p\u00e1rroco que les va a santificar con la oraci\u00f3n y con los sacramentos, sobre todo con la sagrada Eucarist\u00eda\u201d, afirm\u00f3 el Arzobispo.<\/p>\n<p style=\"text-align: justify;\">\u00a0\u00a0\u00a0\u00a0\u00a0\u00a0\u00a0\u00a0\u00a0\u00a0\u00a0 Desea que esta comunidad viva en el amor, que sea una verdadera familia. Y que sea un testimonio para quienes est\u00e1n alejados de la Iglesia o fr\u00edos en su fe.<\/p>\n<p><a href=\"http:\/\/iglesiatijuana.org\/web\/wp-content\/uploads\/2018\/04\/P.-Landa-2.jpg\" data-rel=\"lightbox-image-2\" data-rl_title=\"\" data-rl_caption=\"\" title=\"\"><img loading=\"lazy\" decoding=\"async\" class=\"alignnone size-medium wp-image-6900\" src=\"http:\/\/iglesiatijuana.org\/web\/wp-content\/uploads\/2018\/04\/P.-Landa-2-225x300.jpg\" alt=\"\" width=\"225\" height=\"300\" srcset=\"https:\/\/iglesiatijuana.org\/web\/wp-content\/uploads\/2018\/04\/P.-Landa-2-225x300.jpg 225w, https:\/\/iglesiatijuana.org\/web\/wp-content\/uploads\/2018\/04\/P.-Landa-2.jpg 720w\" sizes=\"auto, (max-width: 225px) 100vw, 225px\" \/><\/a><\/p>\n<p style=\"text-align: justify;\">\u00a0\u00a0\u00a0\u00a0\u00a0\u00a0\u00a0\u00a0\u00a0\u00a0\u00a0 Mientras que en la Parroquia Nuestra Se\u00f1ora de Guadalupe durante la homil\u00eda dijo \u201cqueridos hermanos asistimos en este Domingo de Resurrecci\u00f3n a la toma de posesi\u00f3n del nuevo p\u00e1rroco, el Padre Landa\u2026Y est\u00e1 aqu\u00ed para asumir con alegr\u00eda, con responsabilidad esta encomienda pastoral que le hace la Iglesia a trav\u00e9s de mi pobreza\u201d.<\/p>\n<p style=\"text-align: justify;\">\u00a0\u00a0\u00a0\u00a0\u00a0\u00a0\u00a0\u00a0\u00a0\u00a0\u00a0 Y manifest\u00f3 su reconocimiento al P. Franky por su actitud sacerdotal de su cambio por su condici\u00f3n de salud, y agradeci\u00f3 la disponibilidad del Padre Landa, por su actitud eclesial sin condiciones.<\/p>\n<p style=\"text-align: justify;\">\u00a0\u00a0\u00a0\u00a0\u00a0\u00a0\u00a0\u00a0\u00a0\u00a0\u00a0 \u201cSe los digo con mucha sencillez pero con gran verdad: es el obispo el que tiene la plenitud del sacerdocio de Cristo. En sentido estricto en la \u00faltima cena el Jueves Santo Jes\u00fas orden\u00f3 a los primeros obispos en la persona de los ap\u00f3stoles y ellos ordenaron a su vez presb\u00edteros que colaboraran con ellos, y di\u00e1conos que colaboran con ellos. Los presb\u00edteros son entonces colaboradores del obispo. Ellos participan del sacerdocio de Cristo a trav\u00e9s del obispo. No directamente. Jes\u00fas no les dio el sacerdocio directamente, sino se los confi\u00f3 a trav\u00e9s de su obispo, para que desempe\u00f1en su ministerio en comuni\u00f3n con su obispo para bien de toda la Iglesia\u201d, aclar\u00f3 Mons. Moreno Barr\u00f3n.<\/p>\n<p><a href=\"http:\/\/iglesiatijuana.org\/web\/wp-content\/uploads\/2018\/04\/P.-Landa.jpg\" data-rel=\"lightbox-image-3\" data-rl_title=\"\" data-rl_caption=\"\" title=\"\"><img loading=\"lazy\" decoding=\"async\" class=\"alignnone size-medium wp-image-6901\" src=\"http:\/\/iglesiatijuana.org\/web\/wp-content\/uploads\/2018\/04\/P.-Landa-225x300.jpg\" alt=\"\" width=\"225\" height=\"300\" srcset=\"https:\/\/iglesiatijuana.org\/web\/wp-content\/uploads\/2018\/04\/P.-Landa-225x300.jpg 225w, https:\/\/iglesiatijuana.org\/web\/wp-content\/uploads\/2018\/04\/P.-Landa.jpg 720w\" sizes=\"auto, (max-width: 225px) 100vw, 225px\" \/><\/a><\/p>\n<p style=\"text-align: justify;\">\u00a0\u00a0\u00a0\u00a0\u00a0\u00a0\u00a0\u00a0\u00a0\u00a0\u00a0 E invita a los feligreses a orar por sus p\u00e1rrocos para que vivan con alegr\u00eda y fidelidad su ministerio. Y que hagan de su comunidad una parroquia eucar\u00edstica.<\/p>\n<p style=\"text-align: justify;\">\u00a0\u00a0\u00a0\u00a0\u00a0\u00a0\u00a0\u00a0\u00a0\u00a0\u00a0 Y a los p\u00e1rrocos los invita a que sean padres en la fe, y que unan a sus feligreses y los reconcilie, y los ayuden a crecer como una expresi\u00f3n de Cristo Resucitado.<\/p>\n<p style=\"text-align: justify;\">\u00a0\u00a0\u00a0\u00a0\u00a0\u00a0\u00a0\u00a0\u00a0\u00a0\u00a0 Ambos sacerdotes hicieron su profesi\u00f3n de fe y la renovaci\u00f3n de sus promesas sacerdotales, as\u00ed mismo los ritos de su toma de posesi\u00f3n donde destaca la bendici\u00f3n con el Sant\u00edsimo Sacramento.<\/p>\n<p style=\"text-align: justify;\">\u00a0\u00a0\u00a0\u00a0\u00a0\u00a0\u00a0\u00a0\u00a0\u00a0\u00a0 Las celebraciones eucar\u00edsticas se llevaron a cabo el Domingo de Resurrecci\u00f3n, primero de abril.<\/p>\n<p>&nbsp;<\/p>\n<p><a href=\"http:\/\/iglesiatijuana.org\/web\/wp-content\/uploads\/2018\/04\/P.-Landa-3.jpg\" data-rel=\"lightbox-image-4\" data-rl_title=\"\" data-rl_caption=\"\" title=\"\"><img loading=\"lazy\" decoding=\"async\" class=\"alignnone size-medium wp-image-6902\" src=\"http:\/\/iglesiatijuana.org\/web\/wp-content\/uploads\/2018\/04\/P.-Landa-3-300x225.jpg\" alt=\"\" width=\"300\" height=\"225\" srcset=\"https:\/\/iglesiatijuana.org\/web\/wp-content\/uploads\/2018\/04\/P.-Landa-3-300x225.jpg 300w, https:\/\/iglesiatijuana.org\/web\/wp-content\/uploads\/2018\/04\/P.-Landa-3-768x576.jpg 768w, https:\/\/iglesiatijuana.org\/web\/wp-content\/uploads\/2018\/04\/P.-Landa-3.jpg 960w\" sizes=\"auto, (max-width: 300px) 100vw, 300px\" \/><\/a><\/p>\n<p>&nbsp;<\/p>\n<p>&nbsp;<\/p>\n<p>&nbsp;<\/p>\n","protected":false},"excerpt":{"rendered":"<p>\u00a0 \u00a0 \u00a0 \u00a0 \u00a0 \u00a0 \u00a0Tecate, B.C.- La toma de posesi\u00f3n del nuevo p\u00e1rroco de la P. Inmaculada Concepci\u00f3n de Mar\u00eda, Pbro. Ram\u00f3n Ricardo S\u00e1nchez C\u00e1rdenas, y posteriormente la toma de posesi\u00f3n del&#46;&#46;&#46;<\/p>\n","protected":false},"author":5,"featured_media":6902,"comment_status":"closed","ping_status":"closed","sticky":false,"template":"","format":"standard","meta":{"_exactmetrics_skip_tracking":false,"_exactmetrics_sitenote_active":false,"_exactmetrics_sitenote_note":"","_exactmetrics_sitenote_category":0,"footnotes":""},"categories":[14],"tags":[],"class_list":["post-6897","post","type-post","status-publish","format-standard","has-post-thumbnail","hentry","category-ultimas-noticias"],"_links":{"self":[{"href":"https:\/\/iglesiatijuana.org\/web\/wp-json\/wp\/v2\/posts\/6897","targetHints":{"allow":["GET"]}}],"collection":[{"href":"https:\/\/iglesiatijuana.org\/web\/wp-json\/wp\/v2\/posts"}],"about":[{"href":"https:\/\/iglesiatijuana.org\/web\/wp-json\/wp\/v2\/types\/post"}],"author":[{"embeddable":true,"href":"https:\/\/iglesiatijuana.org\/web\/wp-json\/wp\/v2\/users\/5"}],"replies":[{"embeddable":true,"href":"https:\/\/iglesiatijuana.org\/web\/wp-json\/wp\/v2\/comments?post=6897"}],"version-history":[{"count":1,"href":"https:\/\/iglesiatijuana.org\/web\/wp-json\/wp\/v2\/posts\/6897\/revisions"}],"predecessor-version":[{"id":6903,"href":"https:\/\/iglesiatijuana.org\/web\/wp-json\/wp\/v2\/posts\/6897\/revisions\/6903"}],"wp:featuredmedia":[{"embeddable":true,"href":"https:\/\/iglesiatijuana.org\/web\/wp-json\/wp\/v2\/media\/6902"}],"wp:attachment":[{"href":"https:\/\/iglesiatijuana.org\/web\/wp-json\/wp\/v2\/media?parent=6897"}],"wp:term":[{"taxonomy":"category","embeddable":true,"href":"https:\/\/iglesiatijuana.org\/web\/wp-json\/wp\/v2\/categories?post=6897"},{"taxonomy":"post_tag","embeddable":true,"href":"https:\/\/iglesiatijuana.org\/web\/wp-json\/wp\/v2\/tags?post=6897"}],"curies":[{"name":"wp","href":"https:\/\/api.w.org\/{rel}","templated":true}]}}