{"id":6915,"date":"2018-04-09T13:28:35","date_gmt":"2018-04-09T20:28:35","guid":{"rendered":"http:\/\/iglesiatijuana.org\/web\/?p=6915"},"modified":"2018-04-09T13:29:37","modified_gmt":"2018-04-09T20:29:37","slug":"por-la-dignidad-de-los-migrantes","status":"publish","type":"post","link":"https:\/\/iglesiatijuana.org\/web\/por-la-dignidad-de-los-migrantes\/","title":{"rendered":"POR LA DIGNIDAD DE LOS MIGRANTES"},"content":{"rendered":"<p><strong>Declaraci\u00f3n de los obispos de la frontera norte de M\u00e9xico<\/strong><\/p>\n<p><strong>y del Consejo de Presidencia de la Conferencia del Episcopado Mexicano<\/strong><\/p>\n<p><strong>7 de abril de 2018<\/strong><\/p>\n<p><a href=\"http:\/\/iglesiatijuana.org\/web\/wp-content\/uploads\/2018\/04\/Migrantes.jpg\" data-rel=\"lightbox-image-0\" data-rl_title=\"\" data-rl_caption=\"\" title=\"\"><img loading=\"lazy\" decoding=\"async\" class=\"size-medium wp-image-6916\" src=\"http:\/\/iglesiatijuana.org\/web\/wp-content\/uploads\/2018\/04\/Migrantes-300x274.jpg\" alt=\"\" width=\"300\" height=\"274\" \/><\/a><\/p>\n<p><em>A todos los mexicanos en territorio nacional y m\u00e1s all\u00e1 de nuestras fronteras<\/em><\/p>\n<p><em>A todos los creyentes y no creyentes en Jesucristo en M\u00e9xico y en los Estados Unidos<\/em><\/p>\n<p><em>Al Presidente de los Estados Unidos de Am\u00e9rica, Donald Trump<\/em><\/p>\n<p><em>Al Presidente de M\u00e9xico, Lic. Enrique Pe\u00f1a Nieto<\/em><\/p>\n<p><em>\u00a0\u00a0<\/em><\/p>\n<p style=\"text-align: justify;\">Por primera vez en la historia de la Iglesia cat\u00f3lica en M\u00e9xico los obispos abajo firmantes nos dirigimos a\u00a0<em>todos los habitantes de M\u00e9xico y de Estados Unidos<\/em>, independientemente de sus convicciones religiosas, y de manera muy especial y con gran respeto, a los Presidentes de nuestros respectivos pa\u00edses, con motivo del despliegue de tropas de la Guardia Nacional norteamericana en la frontera que delimita nuestros territorios.<\/p>\n<p style=\"text-align: justify;\">La Iglesia cat\u00f3lica, en fidelidad a la fe en Jesucristo, no puede pasar de largo ante el sufrimiento de nuestros hermanos migrantes que buscan mejores condiciones de vida al cruzar la frontera para trabajar y contribuir al bien com\u00fan no s\u00f3lo de sus familias sino del pa\u00eds hermano que los recibe.<\/p>\n<p style=\"text-align: justify;\">Sabemos que los presentes y futuros flujos migratorios requerir\u00e1n de una renovada regulaci\u00f3n por parte de ambas naciones. As\u00ed mismo, no nos es ajeno que una dimensi\u00f3n constitutiva de una sociedad pr\u00f3spera y pac\u00edfica es la verdadera vigencia del Estado de Derecho. Sin embargo, no toda norma, ni toda decisi\u00f3n pol\u00edtica o militar, por el mero hecho de promulgarse o definirse, es de suyo justa y conforme a los derechos humanos.<\/p>\n<p style=\"text-align: justify;\">Si ha habido una lecci\u00f3n hist\u00f3rica que todos como sociedad hemos aprendido tras los conflictos mundiales vividos durante el siglo XX es que lo legal requiere de ser leg\u00edtimo; es que la dignidad inalienable de la persona humana es la verdadera fuente del derecho; es que el dolor de los m\u00e1s vulnerables debe ser entendido como norma suprema y criterio fundamental para el desarrollo de los pueblos y la construcci\u00f3n de un futuro con paz. Ese es el origen profundo de la Declaraci\u00f3n Universal de los Derechos Humanos. Ese es el fundamento universal de una convivencia fraterna entre las naciones.<\/p>\n<p style=\"text-align: justify;\">Por estas razones, los obispos mexicanos deseamos repetir lo que dijimos hace un a\u00f1o: \u201cel grito de los migrantes es nuestro grito\u201d<a href=\"http:\/\/www.cem.org.mx\/Slider\/233-ver-detalle.html#_ftn1\">[1]<\/a>. \u00a1Su dolor es nuestro dolor! \u00a1En cada migrante que es lastimado en su dignidad y en sus derechos, Jesucristo vuelve a ser crucificado!<\/p>\n<p style=\"text-align: justify;\">Los gobiernos mexicanos del pasado y del presente tienen una grave responsabilidad al no haber creado las oportunidades suficientes de desarrollo para nuestro pueblo pobre y marginado. Por eso, nuestra incipiente democracia tiene un enorme reto en el futuro pr\u00f3ximo: escoger a quienes deben de realizar de manera honesta, sin corrupci\u00f3n e impunidad, un cambio hist\u00f3rico que ayude a que el Pueblo de M\u00e9xico realmente sea el protagonista de su desarrollo, con paz, justicia y respeto irrestricto a los derechos humanos. Un camino que implica, tambi\u00e9n, no cerrarse sino abrirse a la din\u00e1mica del nuevo mundo global, cada vez m\u00e1s interdependiente y necesitado de solidaridad y cooperaci\u00f3n.<\/p>\n<p style=\"text-align: justify;\">Sin embargo, las carencias que tenemos los mexicanos no pueden ser justificaci\u00f3n para promover el antagonismo entre pueblos que est\u00e1n llamados a ser amigos y hermanos. No es conforme a la dignidad humana y a las mejores razones y argumentos concebidos por hombres como Abraham Lincoln o Bartolom\u00e9 de las Casas, edificar barreras que nos dividan o implementar acciones que nos violenten. Los migrantes no son criminales sino seres humanos vulnerables que tienen aut\u00e9ntico derecho al desarrollo personal y comunitario.<\/p>\n<p style=\"text-align: justify;\">De ah\u00ed la defensa que la Iglesia hace a nivel universal, y de manera particular a trav\u00e9s del trabajo que se realiza entre los pueblos hermanos: M\u00e9xico y USA, con Centroam\u00e9rica, el Caribe, Latinoam\u00e9rica y Canad\u00e1, en esta necesaria atenci\u00f3n a nuestros hermanos migrantes.<\/p>\n<p style=\"text-align: justify;\">S\u00f3lo hay futuro en la promoci\u00f3n y defensa de la igual dignidad y de la igual libertad entre los seres humanos. La frontera entre M\u00e9xico y Estados Unidos \u201cno es una zona de guerra\u201d, como han dicho recientemente nuestros hermanos obispos de los Estados Unidos<a href=\"http:\/\/www.cem.org.mx\/Slider\/233-ver-detalle.html#_ftn2\">[2]<\/a>. Al contrario, esta zona est\u00e1 llamada a ser ejemplo de vinculaci\u00f3n y corresponsabilidad. El \u00fanico futuro posible para nuestra regi\u00f3n es el futuro edificado con puentes de confianza y desarrollo compartido, no con muros de indignidad y de violencia. M\u00e1s a\u00fan, el Papa Francisco sin ambages nos ha dicho a todos: \u201cuna persona que s\u00f3lo piensa en hacer muros, sea donde sea, y no construir puentes, no es cristiano. Esto no es el evangelio\u201d.<a href=\"http:\/\/www.cem.org.mx\/Slider\/233-ver-detalle.html#_ftn3\">[3]<\/a><\/p>\n<p style=\"text-align: justify;\">Por la dignidad de los migrantes y por la dignidad de todos los habitantes de nuestros pa\u00edses, proponemos consumir nuestras energ\u00edas en la creaci\u00f3n de otro tipo de soluciones. Soluciones que siembren fraternidad y enriquecimiento mutuo en el orden humanitario, cultural y social.<\/p>\n<p style=\"text-align: justify;\">Que la Virgen de Guadalupe, Madre del verdadero Dios por quien se vive y Patrona de nuestra Libertad, bendiga a nuestros gobernantes y a nuestros pueblos. Que Ella nos sostenga en el esfuerzo por hacer de nuestras naciones, y de toda nuestra regi\u00f3n, un espacio de reconciliaci\u00f3n fraterna, de desarrollo integral y de servicio solidario a los m\u00e1s pobres que sirva de inspiraci\u00f3n para el mundo entero.<\/p>\n<p><a href=\"http:\/\/iglesiatijuana.org\/web\/wp-content\/uploads\/2018\/04\/Migrantes-2.jpg\" data-rel=\"lightbox-image-1\" data-rl_title=\"\" data-rl_caption=\"\" title=\"\"><img loading=\"lazy\" decoding=\"async\" class=\"size-medium wp-image-6917\" src=\"http:\/\/iglesiatijuana.org\/web\/wp-content\/uploads\/2018\/04\/Migrantes-2-300x274.jpg\" alt=\"\" width=\"300\" height=\"274\" srcset=\"https:\/\/iglesiatijuana.org\/web\/wp-content\/uploads\/2018\/04\/Migrantes-2-300x274.jpg 300w, https:\/\/iglesiatijuana.org\/web\/wp-content\/uploads\/2018\/04\/Migrantes-2-768x702.jpg 768w, https:\/\/iglesiatijuana.org\/web\/wp-content\/uploads\/2018\/04\/Migrantes-2-1024x936.jpg 1024w, https:\/\/iglesiatijuana.org\/web\/wp-content\/uploads\/2018\/04\/Migrantes-2.jpg 1173w\" sizes=\"auto, (max-width: 300px) 100vw, 300px\" \/><\/a><\/p>\n<p>&nbsp;<\/p>\n<p><strong>Por los obispos del Consejo de Presidencia<\/strong><\/p>\n<p>&nbsp;<\/p>\n<p>Emmo. Sr. Cardenal Jos\u00e9 Francisco Robles Ortega,\u00a0Arzobispo de Guadalajara, Presidente de la CEM<\/p>\n<p>S.E. Mons. Javier Navarro Rodr\u00edguez,\u00a0Obispo de Zamora, Vicepresidente de la CEM<\/p>\n<p>S.E. Mons. Alfonso Miranda Guardiola, Obispo Auxiliar de Monterrey, Srio. General de la CEM<\/p>\n<p>S.E. Mons. Ram\u00f3n Castro Castro, Obispo de Cuernavaca, Tesorero\u00a0<em>de la CEM<\/em><\/p>\n<p>S.E. Mons. Carlos Garfias Merlos, Arzobispo de Morelia,\u00a0<em>Primer Vocal de la CEM\u00a0<\/em><\/p>\n<p>S.E. Mons. Sigifredo Noriega Barcel\u00f3, Obispo de Zacatecas,\u00a0<em>Segundo Vocal de la CEM<\/em><\/p>\n<p>&nbsp;<\/p>\n<p>&nbsp;<\/p>\n<p><strong>Por los obispos de la Frontera Norte de M\u00e9xico.<\/strong><\/p>\n<p>&nbsp;<\/p>\n<p>S.E. Mons. Rogelio Cabrera L\u00f3pez, Arzobispo de Monterrey<\/p>\n<p>S.E. Mons. Jos\u00e9 Guadalupe Torres Campos Obispo de Ciudad Ju\u00e1rez y coordinador por M\u00e9xico de la reuni\u00f3n de obispos Tex-Mex.<\/p>\n<p>S.E. Mons. Eugenio Andr\u00e9s Lira Rugarc\u00eda Obispo de Matamoros<\/p>\n<p>S.E. Mons. Jes\u00fas Jos\u00e9 Herrera Qui\u00f1onez Obispo de Nuevo Casas Grandes<\/p>\n<p>S.E. Mons. Enrique S\u00e1nchez Mart\u00ednez Obispo de Nuevo Laredo<\/p>\n<p>S.E. Mons. Alonso Gerardo Garza Trevi\u00f1o Obispo de Piedras Negras<\/p>\n<p>S.E. Mons. Ra\u00fal Vera L\u00f3pez, O.P. Obispo de Saltillo<\/p>\n<p>S.E. Mons. Hilario Gonz\u00e1lez Garc\u00eda Obispo de Linares<\/p>\n<p>S.E. Mons. Guillermo Ortiz Mondrag\u00f3n Obispo de Cuautitl\u00e1n y Encargado de la Comisi\u00f3n Episcopal de Movilidad Humana.<\/p>\n<p>S.E. Mons. Jos\u00e9 Leopoldo Gonz\u00e1lez Gonz\u00e1lez, Obispo de Nogales, y presidente de la Comisi\u00f3n Episcopal de Pastoral Social<\/p>\n<p>S.E. Mons. Francisco Moreno Barr\u00f3n, Arzobispo de la Arquidi\u00f3cesis de Tijuana, y coordinador por M\u00e9xico de la reuni\u00f3n de obispos de las Californias.<\/p>\n<p>S.E. Mons. Miguel \u00c1ngel Alba D\u00edaz, Obispo de La Paz, Baja California Sur.<\/p>\n<p>S.E. Mons. Jos\u00e9 Isidro Guerrero Mac\u00edas, Obispo de Mexicali, Baja California Norte.<strong>\u00a0<\/strong><\/p>\n<p>S.E. Mons. Rafael Valdez Torres, Obispo de Ensenada, Baja California Norte.<\/p>\n<p>S.E. Mons. Ruy Rend\u00f3n Leal, Arzobispo de la Arquidi\u00f3cesis de Hermosillo<\/p>\n<p>S.E. Mons. Constancio Miranda Weckman, Arzobispo de la Arquidi\u00f3cesis de Chihuahua.<\/p>\n<p>&nbsp;<\/p>\n","protected":false},"excerpt":{"rendered":"<p>Declaraci\u00f3n de los obispos de la frontera norte de M\u00e9xico y del Consejo de Presidencia de la Conferencia del Episcopado Mexicano 7 de abril de 2018 A todos los mexicanos en territorio nacional y&#46;&#46;&#46;<\/p>\n","protected":false},"author":5,"featured_media":6916,"comment_status":"closed","ping_status":"closed","sticky":false,"template":"","format":"standard","meta":{"_exactmetrics_skip_tracking":false,"_exactmetrics_sitenote_active":false,"_exactmetrics_sitenote_note":"","_exactmetrics_sitenote_category":0,"footnotes":""},"categories":[14,1],"tags":[],"class_list":["post-6915","post","type-post","status-publish","format-standard","has-post-thumbnail","hentry","category-ultimas-noticias","category-uncategorized"],"_links":{"self":[{"href":"https:\/\/iglesiatijuana.org\/web\/wp-json\/wp\/v2\/posts\/6915","targetHints":{"allow":["GET"]}}],"collection":[{"href":"https:\/\/iglesiatijuana.org\/web\/wp-json\/wp\/v2\/posts"}],"about":[{"href":"https:\/\/iglesiatijuana.org\/web\/wp-json\/wp\/v2\/types\/post"}],"author":[{"embeddable":true,"href":"https:\/\/iglesiatijuana.org\/web\/wp-json\/wp\/v2\/users\/5"}],"replies":[{"embeddable":true,"href":"https:\/\/iglesiatijuana.org\/web\/wp-json\/wp\/v2\/comments?post=6915"}],"version-history":[{"count":1,"href":"https:\/\/iglesiatijuana.org\/web\/wp-json\/wp\/v2\/posts\/6915\/revisions"}],"predecessor-version":[{"id":6918,"href":"https:\/\/iglesiatijuana.org\/web\/wp-json\/wp\/v2\/posts\/6915\/revisions\/6918"}],"wp:featuredmedia":[{"embeddable":true,"href":"https:\/\/iglesiatijuana.org\/web\/wp-json\/wp\/v2\/media\/6916"}],"wp:attachment":[{"href":"https:\/\/iglesiatijuana.org\/web\/wp-json\/wp\/v2\/media?parent=6915"}],"wp:term":[{"taxonomy":"category","embeddable":true,"href":"https:\/\/iglesiatijuana.org\/web\/wp-json\/wp\/v2\/categories?post=6915"},{"taxonomy":"post_tag","embeddable":true,"href":"https:\/\/iglesiatijuana.org\/web\/wp-json\/wp\/v2\/tags?post=6915"}],"curies":[{"name":"wp","href":"https:\/\/api.w.org\/{rel}","templated":true}]}}