{"id":6919,"date":"2018-04-09T13:49:26","date_gmt":"2018-04-09T20:49:26","guid":{"rendered":"http:\/\/iglesiatijuana.org\/web\/?p=6919"},"modified":"2018-04-09T13:49:26","modified_gmt":"2018-04-09T20:49:26","slug":"oremos-por-la-pre-asamblea-diocesana-de-pastoral-en-parroquia","status":"publish","type":"post","link":"https:\/\/iglesiatijuana.org\/web\/oremos-por-la-pre-asamblea-diocesana-de-pastoral-en-parroquia\/","title":{"rendered":"Oremos por la Pre Asamblea Diocesana de Pastoral en Parroquia"},"content":{"rendered":"<p><a href=\"http:\/\/iglesiatijuana.org\/web\/wp-content\/uploads\/2018\/04\/Vigilia-Pascual4.jpg\" data-rel=\"lightbox-image-0\" data-rl_title=\"\" data-rl_caption=\"\" title=\"\"><img loading=\"lazy\" decoding=\"async\" class=\"alignnone size-medium wp-image-6880\" src=\"http:\/\/iglesiatijuana.org\/web\/wp-content\/uploads\/2018\/04\/Vigilia-Pascual4-300x225.jpg\" alt=\"\" width=\"300\" height=\"225\" srcset=\"https:\/\/iglesiatijuana.org\/web\/wp-content\/uploads\/2018\/04\/Vigilia-Pascual4-300x225.jpg 300w, https:\/\/iglesiatijuana.org\/web\/wp-content\/uploads\/2018\/04\/Vigilia-Pascual4-768x576.jpg 768w, https:\/\/iglesiatijuana.org\/web\/wp-content\/uploads\/2018\/04\/Vigilia-Pascual4.jpg 960w\" sizes=\"auto, (max-width: 300px) 100vw, 300px\" \/><\/a><\/p>\n<p>Tijuana, B.C.- La Pre Asamblea Diocesana de Pastoral en Parroquia inicia esta semana en las parroquias de Tecate, Playas de Rosarito y Tijuana.<\/p>\n<p>\u201c\u2026ya hemos estado impulsando de muchas maneras el trabajo con los laicos, sin embargo ahora este a\u00f1o retomamos lo que se llama la Asamblea Diocesana de Pastoral, que va a ser como una reuni\u00f3n plenaria, que va a tener una preparaci\u00f3n din\u00e1mica y luego un seguimiento posterior\u201d, dijo nuestro Arzobispo, Mons. Francisco Moreno Barr\u00f3n.<\/p>\n<p>Sigamos orando por los frutos que traer\u00e1 esta pre asamblea en la vida pastoral de nuestra Arquidi\u00f3cesis de Tijuana, principalmente la comuni\u00f3n entre nosotros y la participaci\u00f3n de los feligreses en cada una de nuestras parroquias.<\/p>\n","protected":false},"excerpt":{"rendered":"<p>Tijuana, B.C.- La Pre Asamblea Diocesana de Pastoral en Parroquia inicia esta semana en las parroquias de Tecate, Playas de Rosarito y Tijuana. \u201c\u2026ya hemos estado impulsando de muchas maneras el trabajo con los&#46;&#46;&#46;<\/p>\n","protected":false},"author":5,"featured_media":6880,"comment_status":"closed","ping_status":"closed","sticky":false,"template":"","format":"standard","meta":{"_exactmetrics_skip_tracking":false,"_exactmetrics_sitenote_active":false,"_exactmetrics_sitenote_note":"","_exactmetrics_sitenote_category":0,"footnotes":""},"categories":[14],"tags":[],"class_list":["post-6919","post","type-post","status-publish","format-standard","has-post-thumbnail","hentry","category-ultimas-noticias"],"_links":{"self":[{"href":"https:\/\/iglesiatijuana.org\/web\/wp-json\/wp\/v2\/posts\/6919","targetHints":{"allow":["GET"]}}],"collection":[{"href":"https:\/\/iglesiatijuana.org\/web\/wp-json\/wp\/v2\/posts"}],"about":[{"href":"https:\/\/iglesiatijuana.org\/web\/wp-json\/wp\/v2\/types\/post"}],"author":[{"embeddable":true,"href":"https:\/\/iglesiatijuana.org\/web\/wp-json\/wp\/v2\/users\/5"}],"replies":[{"embeddable":true,"href":"https:\/\/iglesiatijuana.org\/web\/wp-json\/wp\/v2\/comments?post=6919"}],"version-history":[{"count":1,"href":"https:\/\/iglesiatijuana.org\/web\/wp-json\/wp\/v2\/posts\/6919\/revisions"}],"predecessor-version":[{"id":6920,"href":"https:\/\/iglesiatijuana.org\/web\/wp-json\/wp\/v2\/posts\/6919\/revisions\/6920"}],"wp:featuredmedia":[{"embeddable":true,"href":"https:\/\/iglesiatijuana.org\/web\/wp-json\/wp\/v2\/media\/6880"}],"wp:attachment":[{"href":"https:\/\/iglesiatijuana.org\/web\/wp-json\/wp\/v2\/media?parent=6919"}],"wp:term":[{"taxonomy":"category","embeddable":true,"href":"https:\/\/iglesiatijuana.org\/web\/wp-json\/wp\/v2\/categories?post=6919"},{"taxonomy":"post_tag","embeddable":true,"href":"https:\/\/iglesiatijuana.org\/web\/wp-json\/wp\/v2\/tags?post=6919"}],"curies":[{"name":"wp","href":"https:\/\/api.w.org\/{rel}","templated":true}]}}