{"id":6935,"date":"2018-04-11T13:59:37","date_gmt":"2018-04-11T20:59:37","guid":{"rendered":"http:\/\/iglesiatijuana.org\/web\/?p=6935"},"modified":"2018-04-11T13:59:37","modified_gmt":"2018-04-11T20:59:37","slug":"arzobispo-francisco-yo-los-quiero-invitar-a-que-hagamos-de-nuestros-hogares-un-centro-natural-de-misericordia","status":"publish","type":"post","link":"https:\/\/iglesiatijuana.org\/web\/arzobispo-francisco-yo-los-quiero-invitar-a-que-hagamos-de-nuestros-hogares-un-centro-natural-de-misericordia\/","title":{"rendered":"Arzobispo Francisco: \u201cyo los quiero invitar a que hagamos de nuestros hogares un centro natural de misericordia\u201d"},"content":{"rendered":"<p><a href=\"http:\/\/iglesiatijuana.org\/web\/wp-content\/uploads\/2018\/04\/Arzobispobebita.jpg\" data-rel=\"lightbox-image-0\" data-rl_title=\"\" data-rl_caption=\"\" title=\"\"><img loading=\"lazy\" decoding=\"async\" class=\"alignnone size-medium wp-image-6937\" src=\"http:\/\/iglesiatijuana.org\/web\/wp-content\/uploads\/2018\/04\/Arzobispobebita-300x225.jpg\" alt=\"\" width=\"300\" height=\"225\" srcset=\"https:\/\/iglesiatijuana.org\/web\/wp-content\/uploads\/2018\/04\/Arzobispobebita-300x225.jpg 300w, https:\/\/iglesiatijuana.org\/web\/wp-content\/uploads\/2018\/04\/Arzobispobebita-768x576.jpg 768w, https:\/\/iglesiatijuana.org\/web\/wp-content\/uploads\/2018\/04\/Arzobispobebita.jpg 960w\" sizes=\"auto, (max-width: 300px) 100vw, 300px\" \/><\/a><\/p>\n<p style=\"text-align: justify;\">\u00a0 \u00a0 \u00a0 \u00a0 \u00a0Tijuana, B.C.- La 9na Primavera de las Familias, organizada por la Pastoral Familiar que coordina el Pbro. Jos\u00e9 Antonio Ochoa Maldonado, reuni\u00f3 a muchas familias de las parroquias, movimientos, grupos y asociaciones de nuestra Arquidi\u00f3cesis de Tijuana.<\/p>\n<p style=\"text-align: justify;\">\u00a0 \u00a0 \u00a0 \u00a0 \u00a0 \u00a0 \u00a0La Eucarist\u00eda de la Divina Misericordia la presidi\u00f3 nuestro Arzobispo, Mons. Francisco Moreno Barr\u00f3n, donde invita a las familias a vivir la misericordia.<\/p>\n<p style=\"text-align: justify;\">\u00a0\u00a0\u00a0\u00a0\u00a0\u00a0\u00a0\u00a0\u00a0\u00a0\u00a0 \u201cUn domingo que nos llena de alegr\u00eda porque reconocemos a Dios como un Padre de amor, Padre de Misericordia. La misericordia es el otro nombre del amor. Amor misericordia. El amor de Dios por nosotros es un amor fiel, es un amor definitivo, es un amor que nos da vida constantemente\u2026Necesitamos dar testimonio del amor de Dios, de la misericordia de Dios\u201d, dijo durante la homil\u00eda Mons. Moreno Barr\u00f3n.<\/p>\n<p><a href=\"http:\/\/iglesiatijuana.org\/web\/wp-content\/uploads\/2018\/04\/Arzo-familias2.jpg\" data-rel=\"lightbox-image-1\" data-rl_title=\"\" data-rl_caption=\"\" title=\"\"><img loading=\"lazy\" decoding=\"async\" class=\"alignnone size-medium wp-image-6938\" src=\"http:\/\/iglesiatijuana.org\/web\/wp-content\/uploads\/2018\/04\/Arzo-familias2-300x225.jpg\" alt=\"\" width=\"300\" height=\"225\" srcset=\"https:\/\/iglesiatijuana.org\/web\/wp-content\/uploads\/2018\/04\/Arzo-familias2-300x225.jpg 300w, https:\/\/iglesiatijuana.org\/web\/wp-content\/uploads\/2018\/04\/Arzo-familias2-768x576.jpg 768w, https:\/\/iglesiatijuana.org\/web\/wp-content\/uploads\/2018\/04\/Arzo-familias2.jpg 960w\" sizes=\"auto, (max-width: 300px) 100vw, 300px\" \/><\/a><\/p>\n<p>&nbsp;<\/p>\n<p style=\"text-align: justify;\">\u00a0\u00a0\u00a0\u00a0\u00a0\u00a0\u00a0\u00a0\u00a0\u00a0\u00a0 Y a\u00f1adi\u00f3: \u201cHoy en este encuentro de Primavera de la Pastoral familiar de esta Arquidi\u00f3cesis de Tijuana yo los quiero invitar a que hagamos de nuestros hogares, de cada familia, de cada una de nuestras casas un centro natural de misericordia. Que en el hogar se viva en las relaciones familiares un destello constante del amor misericordioso de Dios. Y eso comienza por aprender a pedir y a dar el perd\u00f3n cuantas veces sea necesario\u2026Y siempre abrir el coraz\u00f3n para decir: \u00b4te perdono porque te amo\u00b4. Ah\u00ed est\u00e1 la clave de la misericordia\u201d.<\/p>\n<p style=\"text-align: justify;\">\u00a0\u00a0\u00a0\u00a0\u00a0\u00a0\u00a0\u00a0\u00a0\u00a0\u00a0 El evento se llev\u00f3 a cabo en el Parque Morelos el domingo 8 de abril.<\/p>\n<p><a href=\"http:\/\/iglesiatijuana.org\/web\/wp-content\/uploads\/2018\/04\/Arzo-familias.jpg\" data-rel=\"lightbox-image-2\" data-rl_title=\"\" data-rl_caption=\"\" title=\"\"><img loading=\"lazy\" decoding=\"async\" class=\"alignnone size-medium wp-image-6936\" src=\"http:\/\/iglesiatijuana.org\/web\/wp-content\/uploads\/2018\/04\/Arzo-familias-300x225.jpg\" alt=\"\" width=\"300\" height=\"225\" srcset=\"https:\/\/iglesiatijuana.org\/web\/wp-content\/uploads\/2018\/04\/Arzo-familias-300x225.jpg 300w, https:\/\/iglesiatijuana.org\/web\/wp-content\/uploads\/2018\/04\/Arzo-familias-768x576.jpg 768w, https:\/\/iglesiatijuana.org\/web\/wp-content\/uploads\/2018\/04\/Arzo-familias.jpg 960w\" sizes=\"auto, (max-width: 300px) 100vw, 300px\" \/><\/a><\/p>\n","protected":false},"excerpt":{"rendered":"<p>\u00a0 \u00a0 \u00a0 \u00a0 \u00a0Tijuana, B.C.- La 9na Primavera de las Familias, organizada por la Pastoral Familiar que coordina el Pbro. Jos\u00e9 Antonio Ochoa Maldonado, reuni\u00f3 a muchas familias de las parroquias, movimientos, grupos&#46;&#46;&#46;<\/p>\n","protected":false},"author":5,"featured_media":6936,"comment_status":"closed","ping_status":"closed","sticky":false,"template":"","format":"standard","meta":{"_exactmetrics_skip_tracking":false,"_exactmetrics_sitenote_active":false,"_exactmetrics_sitenote_note":"","_exactmetrics_sitenote_category":0,"footnotes":""},"categories":[14],"tags":[],"class_list":["post-6935","post","type-post","status-publish","format-standard","has-post-thumbnail","hentry","category-ultimas-noticias"],"_links":{"self":[{"href":"https:\/\/iglesiatijuana.org\/web\/wp-json\/wp\/v2\/posts\/6935","targetHints":{"allow":["GET"]}}],"collection":[{"href":"https:\/\/iglesiatijuana.org\/web\/wp-json\/wp\/v2\/posts"}],"about":[{"href":"https:\/\/iglesiatijuana.org\/web\/wp-json\/wp\/v2\/types\/post"}],"author":[{"embeddable":true,"href":"https:\/\/iglesiatijuana.org\/web\/wp-json\/wp\/v2\/users\/5"}],"replies":[{"embeddable":true,"href":"https:\/\/iglesiatijuana.org\/web\/wp-json\/wp\/v2\/comments?post=6935"}],"version-history":[{"count":1,"href":"https:\/\/iglesiatijuana.org\/web\/wp-json\/wp\/v2\/posts\/6935\/revisions"}],"predecessor-version":[{"id":6939,"href":"https:\/\/iglesiatijuana.org\/web\/wp-json\/wp\/v2\/posts\/6935\/revisions\/6939"}],"wp:featuredmedia":[{"embeddable":true,"href":"https:\/\/iglesiatijuana.org\/web\/wp-json\/wp\/v2\/media\/6936"}],"wp:attachment":[{"href":"https:\/\/iglesiatijuana.org\/web\/wp-json\/wp\/v2\/media?parent=6935"}],"wp:term":[{"taxonomy":"category","embeddable":true,"href":"https:\/\/iglesiatijuana.org\/web\/wp-json\/wp\/v2\/categories?post=6935"},{"taxonomy":"post_tag","embeddable":true,"href":"https:\/\/iglesiatijuana.org\/web\/wp-json\/wp\/v2\/tags?post=6935"}],"curies":[{"name":"wp","href":"https:\/\/api.w.org\/{rel}","templated":true}]}}