{"id":7077,"date":"2018-05-03T09:49:00","date_gmt":"2018-05-03T16:49:00","guid":{"rendered":"http:\/\/iglesiatijuana.org\/web\/?p=7077"},"modified":"2018-05-03T09:49:00","modified_gmt":"2018-05-03T16:49:00","slug":"yo-soy-el-camino-y-la-verdad-y-la-vida","status":"publish","type":"post","link":"https:\/\/iglesiatijuana.org\/web\/yo-soy-el-camino-y-la-verdad-y-la-vida\/","title":{"rendered":"Yo soy el camino, y la verdad, y la vida"},"content":{"rendered":"<p><a href=\"http:\/\/iglesiatijuana.org\/web\/wp-content\/uploads\/2016\/11\/cristorey.jpg\" data-rel=\"lightbox-image-0\" data-rl_title=\"\" data-rl_caption=\"\" title=\"\"><img loading=\"lazy\" decoding=\"async\" class=\"alignnone size-medium wp-image-4843\" src=\"http:\/\/iglesiatijuana.org\/web\/wp-content\/uploads\/2016\/11\/cristorey-300x204.jpg\" alt=\"\" width=\"300\" height=\"204\" srcset=\"https:\/\/iglesiatijuana.org\/web\/wp-content\/uploads\/2016\/11\/cristorey-300x204.jpg 300w, https:\/\/iglesiatijuana.org\/web\/wp-content\/uploads\/2016\/11\/cristorey.jpg 500w\" sizes=\"auto, (max-width: 300px) 100vw, 300px\" \/><\/a><\/p>\n<p>Evangelio seg\u00fan san Juan 14,6-14:<\/p>\n<p style=\"text-align: justify;\">En aquel tiempo, dijo Jes\u00fas a Tom\u00e1s: \u00abYo soy el camino, y la verdad, y la vida. Nadie va al Padre, sino por m\u00ed. Si me conoc\u00e9is a m\u00ed, conocer\u00e9is tambi\u00e9n a mi Padre. Ahora ya lo conoc\u00e9is y lo hab\u00e9is visto.\u00bb Felipe le dice: \u00abSe\u00f1or, mu\u00e9stranos al Padre y nos basta.\u00bb Jes\u00fas le replica: \u00abHace tanto que estoy con vosotros, \u00bfy no me conoces, Felipe? Quien me ha visto a m\u00ed ha visto al Padre. \u00bfC\u00f3mo dices t\u00fa: &#8220;Mu\u00e9stranos al Padre&#8221;? \u00bfNo crees que yo estoy en el Padre, y el Padre en m\u00ed? Lo que yo os digo no lo hablo por cuenta propia. El Padre, que permanece en m\u00ed, hace sus obras, Creedme: yo estoy en el Padre, y el Padre en m\u00ed. Si no, creed a las obras. Os lo aseguro: el que cree en m\u00ed, tambi\u00e9n \u00e9l har\u00e1 las obras que yo hago, y a\u00fan mayores. Porque yo me voy al Padre; y lo que pid\u00e1is en mi nombre, yo lo har\u00e9, para que el Padre sea glorificado en el Hijo. Si me ped\u00eds algo en mi nombre, yo lo har\u00e9.\u00bb<\/p>\n","protected":false},"excerpt":{"rendered":"<p>Evangelio seg\u00fan san Juan 14,6-14: En aquel tiempo, dijo Jes\u00fas a Tom\u00e1s: \u00abYo soy el camino, y la verdad, y la vida. Nadie va al Padre, sino por m\u00ed. Si me conoc\u00e9is a m\u00ed,&#46;&#46;&#46;<\/p>\n","protected":false},"author":5,"featured_media":4843,"comment_status":"closed","ping_status":"closed","sticky":false,"template":"","format":"standard","meta":{"_exactmetrics_skip_tracking":false,"_exactmetrics_sitenote_active":false,"_exactmetrics_sitenote_note":"","_exactmetrics_sitenote_category":0,"footnotes":""},"categories":[10],"tags":[],"class_list":["post-7077","post","type-post","status-publish","format-standard","has-post-thumbnail","hentry","category-evangelio"],"_links":{"self":[{"href":"https:\/\/iglesiatijuana.org\/web\/wp-json\/wp\/v2\/posts\/7077","targetHints":{"allow":["GET"]}}],"collection":[{"href":"https:\/\/iglesiatijuana.org\/web\/wp-json\/wp\/v2\/posts"}],"about":[{"href":"https:\/\/iglesiatijuana.org\/web\/wp-json\/wp\/v2\/types\/post"}],"author":[{"embeddable":true,"href":"https:\/\/iglesiatijuana.org\/web\/wp-json\/wp\/v2\/users\/5"}],"replies":[{"embeddable":true,"href":"https:\/\/iglesiatijuana.org\/web\/wp-json\/wp\/v2\/comments?post=7077"}],"version-history":[{"count":1,"href":"https:\/\/iglesiatijuana.org\/web\/wp-json\/wp\/v2\/posts\/7077\/revisions"}],"predecessor-version":[{"id":7078,"href":"https:\/\/iglesiatijuana.org\/web\/wp-json\/wp\/v2\/posts\/7077\/revisions\/7078"}],"wp:featuredmedia":[{"embeddable":true,"href":"https:\/\/iglesiatijuana.org\/web\/wp-json\/wp\/v2\/media\/4843"}],"wp:attachment":[{"href":"https:\/\/iglesiatijuana.org\/web\/wp-json\/wp\/v2\/media?parent=7077"}],"wp:term":[{"taxonomy":"category","embeddable":true,"href":"https:\/\/iglesiatijuana.org\/web\/wp-json\/wp\/v2\/categories?post=7077"},{"taxonomy":"post_tag","embeddable":true,"href":"https:\/\/iglesiatijuana.org\/web\/wp-json\/wp\/v2\/tags?post=7077"}],"curies":[{"name":"wp","href":"https:\/\/api.w.org\/{rel}","templated":true}]}}