{"id":7083,"date":"2018-05-07T10:20:10","date_gmt":"2018-05-07T17:20:10","guid":{"rendered":"http:\/\/iglesiatijuana.org\/web\/?p=7083"},"modified":"2018-05-07T10:20:10","modified_gmt":"2018-05-07T17:20:10","slug":"cuando-venga-el-paraclito-el-espiritu-de-la-verdad-que-procede-del-padre-el-dara-testimonio-de-mi","status":"publish","type":"post","link":"https:\/\/iglesiatijuana.org\/web\/cuando-venga-el-paraclito-el-espiritu-de-la-verdad-que-procede-del-padre-el-dara-testimonio-de-mi\/","title":{"rendered":"Cuando venga el Par\u00e1clito, el Esp\u00edritu de la verdad, que procede del Padre, \u00e9l dar\u00e1 testimonio de m\u00ed"},"content":{"rendered":"<p><a href=\"http:\/\/iglesiatijuana.org\/web\/wp-content\/uploads\/2017\/01\/espiritu-santo.jpg\" data-rel=\"lightbox-image-0\" data-rl_title=\"\" data-rl_caption=\"\" title=\"\"><img loading=\"lazy\" decoding=\"async\" class=\"alignnone size-medium wp-image-5114\" src=\"http:\/\/iglesiatijuana.org\/web\/wp-content\/uploads\/2017\/01\/espiritu-santo-300x282.jpg\" alt=\"\" width=\"300\" height=\"282\" \/><\/a><\/p>\n<p>Evangelio seg\u00fan san Juan 15,26\u201316, 4a:<\/p>\n<p style=\"text-align: justify;\">En aquel tiempo, dijo Jes\u00fas a sus disc\u00edpulos: \u00abCuando venga el Par\u00e1clito, que os enviar\u00e9 desde el Padre, el Esp\u00edritu de la verdad, que procede del Padre, \u00e9l dar\u00e1 testimonio de m\u00ed; y tambi\u00e9n vosotros dar\u00e9is testimonio, porque desde el principio est\u00e1is conmigo. Os he hablado de esto, para que no os escandalic\u00e9is. Os excomulgar\u00e1n de la sinagoga; m\u00e1s a\u00fan, llegar\u00e1 incluso una hora cuando el que os d\u00e9 muerte pensar\u00e1 que da culto a Dios. Y esto lo har\u00e1n porque no han conocido ni al Padre ni a m\u00ed. Os he hablado de esto para que, cuando llegue la hora, os acord\u00e9is de que yo os lo hab\u00eda dicho\u00bb.<\/p>\n","protected":false},"excerpt":{"rendered":"<p>Evangelio seg\u00fan san Juan 15,26\u201316, 4a: En aquel tiempo, dijo Jes\u00fas a sus disc\u00edpulos: \u00abCuando venga el Par\u00e1clito, que os enviar\u00e9 desde el Padre, el Esp\u00edritu de la verdad, que procede del Padre, \u00e9l&#46;&#46;&#46;<\/p>\n","protected":false},"author":5,"featured_media":5114,"comment_status":"closed","ping_status":"closed","sticky":false,"template":"","format":"standard","meta":{"_exactmetrics_skip_tracking":false,"_exactmetrics_sitenote_active":false,"_exactmetrics_sitenote_note":"","_exactmetrics_sitenote_category":0,"footnotes":""},"categories":[10],"tags":[],"class_list":["post-7083","post","type-post","status-publish","format-standard","has-post-thumbnail","hentry","category-evangelio"],"_links":{"self":[{"href":"https:\/\/iglesiatijuana.org\/web\/wp-json\/wp\/v2\/posts\/7083","targetHints":{"allow":["GET"]}}],"collection":[{"href":"https:\/\/iglesiatijuana.org\/web\/wp-json\/wp\/v2\/posts"}],"about":[{"href":"https:\/\/iglesiatijuana.org\/web\/wp-json\/wp\/v2\/types\/post"}],"author":[{"embeddable":true,"href":"https:\/\/iglesiatijuana.org\/web\/wp-json\/wp\/v2\/users\/5"}],"replies":[{"embeddable":true,"href":"https:\/\/iglesiatijuana.org\/web\/wp-json\/wp\/v2\/comments?post=7083"}],"version-history":[{"count":1,"href":"https:\/\/iglesiatijuana.org\/web\/wp-json\/wp\/v2\/posts\/7083\/revisions"}],"predecessor-version":[{"id":7084,"href":"https:\/\/iglesiatijuana.org\/web\/wp-json\/wp\/v2\/posts\/7083\/revisions\/7084"}],"wp:featuredmedia":[{"embeddable":true,"href":"https:\/\/iglesiatijuana.org\/web\/wp-json\/wp\/v2\/media\/5114"}],"wp:attachment":[{"href":"https:\/\/iglesiatijuana.org\/web\/wp-json\/wp\/v2\/media?parent=7083"}],"wp:term":[{"taxonomy":"category","embeddable":true,"href":"https:\/\/iglesiatijuana.org\/web\/wp-json\/wp\/v2\/categories?post=7083"},{"taxonomy":"post_tag","embeddable":true,"href":"https:\/\/iglesiatijuana.org\/web\/wp-json\/wp\/v2\/tags?post=7083"}],"curies":[{"name":"wp","href":"https:\/\/api.w.org\/{rel}","templated":true}]}}