{"id":7164,"date":"2018-05-24T15:17:12","date_gmt":"2018-05-24T22:17:12","guid":{"rendered":"http:\/\/iglesiatijuana.org\/web\/?p=7164"},"modified":"2018-05-24T15:37:01","modified_gmt":"2018-05-24T22:37:01","slug":"homenaje-por-los-25-anos-de-martirio-del-cardenal-juan-jesus-posadas-ocampo-y-el-xxv-aniversario-de-fundacion-del-instituto-que-lleva-su-nombre","status":"publish","type":"post","link":"https:\/\/iglesiatijuana.org\/web\/homenaje-por-los-25-anos-de-martirio-del-cardenal-juan-jesus-posadas-ocampo-y-el-xxv-aniversario-de-fundacion-del-instituto-que-lleva-su-nombre\/","title":{"rendered":"Homenaje por los 25 a\u00f1os de martirio del Cardenal Juan Jes\u00fas Posadas Ocampo y el XXV aniversario de fundaci\u00f3n del instituto que lleva su nombre"},"content":{"rendered":"<p><a href=\"http:\/\/iglesiatijuana.org\/web\/wp-content\/uploads\/2018\/05\/20180524_104323.jpg\" data-rel=\"lightbox-image-0\" data-rl_title=\"\" data-rl_caption=\"\" title=\"\"><img loading=\"lazy\" decoding=\"async\" class=\"alignnone size-medium wp-image-7165\" src=\"http:\/\/iglesiatijuana.org\/web\/wp-content\/uploads\/2018\/05\/20180524_104323-300x149.jpg\" alt=\"\" width=\"300\" height=\"149\" srcset=\"https:\/\/iglesiatijuana.org\/web\/wp-content\/uploads\/2018\/05\/20180524_104323-300x149.jpg 300w, https:\/\/iglesiatijuana.org\/web\/wp-content\/uploads\/2018\/05\/20180524_104323.jpg 448w\" sizes=\"auto, (max-width: 300px) 100vw, 300px\" \/><\/a><\/p>\n<p style=\"text-align: justify;\">\u00a0 \u00a0 \u00a0 \u00a0 \u00a0 Tijuana, B.C.- La Arquidi\u00f3cesis de Tijuana, a trav\u00e9s de la Pastoral Educativa que coordina el Pbro. Benigno Medrano Flores, realiz\u00f3 un homenaje por los 25 a\u00f1os del martirio del Cardenal Juan Jes\u00fas Posadas Ocampo y el XXV aniversario de fundaci\u00f3n del instituto que lleva su nombre. Primero con la celebraci\u00f3n que presidi\u00f3 nuestro Arzobispo, Mons. Francisco Moreno Barr\u00f3n, y concelebraron varios sacerdotes, y posteriormente con un evento c\u00edvico y cultural.<\/p>\n<p style=\"text-align: justify;\">\u00a0\u00a0\u00a0\u00a0\u00a0\u00a0\u00a0\u00a0\u00a0\u00a0\u00a0 \u201cCelebramos 25 a\u00f1os del retorno a la casa del Padre del se\u00f1or Cardenal Juan Jes\u00fas Posadas Ocampo providencialmente en el mismo d\u00eda en que este a\u00f1o la Iglesia celebra la fiesta de Jesucristo sumo y eterno sacerdote\u2026El se\u00f1or Cardenal Juan Jes\u00fas Posadas Ocampo tambi\u00e9n recibi\u00f3 el bautismo muy peque\u00f1o. Lo llevaron sus pap\u00e1s y sus padrinos a bautizar y desde entonces particip\u00f3 del sacerdocio com\u00fan de los bautizados, del sacerdocio bautismal y le ofreci\u00f3 a Dios su vida desde ni\u00f1o\u201d, dijo durante la homil\u00eda el Arzobispo.<\/p>\n<p style=\"text-align: justify;\">\u00a0\u00a0\u00a0\u00a0\u00a0\u00a0\u00a0\u00a0\u00a0\u00a0\u00a0 Tambi\u00e9n coment\u00f3 que el Cardenal le ofreci\u00f3 a Dios su vida en familia, en el Seminario, siendo un joven alegre y entusiasta quien le ofreci\u00f3 a Dios sus dones y carismas. Y tiempo despu\u00e9s fue llamado a participar en el ministerio sacerdotal.<\/p>\n<p style=\"text-align: justify;\">\u00a0\u00a0\u00a0\u00a0\u00a0\u00a0\u00a0\u00a0\u00a0\u00a0\u00a0 Monse\u00f1or Moreno Barr\u00f3n conoci\u00f3 al Cardenal Posadas Ocampo cuando era presb\u00edtero siendo Vicerrector del Seminario de Morelia cuando el Arzobispo Moreno Barr\u00f3n ingres\u00f3 a este seminario.<\/p>\n<p style=\"text-align: justify;\">\u00a0\u00a0\u00a0\u00a0\u00a0\u00a0\u00a0\u00a0\u00a0\u00a0\u00a0 \u201cLo recuerdo muy bien tambi\u00e9n cuando lo nombraron obispo, \u00e9l vino a ser obispo primero de esta bendita Di\u00f3cesis de Tijuana. Recuerdo que vinieron dos autobuses de seminarista de los mayores. Nosotros \u00e9ramos unos chiquitos, unos peque\u00f1os. Vinieron desde Morelia a acompa\u00f1arlo a Tijuana para su consagraci\u00f3n episcopal\u201d, record\u00f3 Mons. Moreno Barr\u00f3n.<\/p>\n<p style=\"text-align: justify;\">\u00a0\u00a0\u00a0\u00a0\u00a0\u00a0\u00a0\u00a0\u00a0\u00a0\u00a0 Refiri\u00f3 que siendo seminarista Mons. Moreno Barr\u00f3n pas\u00f3 a saludar al Cardenal Posadas Ocampo, segundo Obispo de la Di\u00f3cesis de Tijuana, a la Catedral Nuestra Se\u00f1ora de Guadalupe.<\/p>\n<p style=\"text-align: justify;\">\u00a0\u00a0\u00a0\u00a0\u00a0\u00a0\u00a0\u00a0\u00a0\u00a0\u00a0 Posteriormente el Cardenal fue obispo de Cuernavaca y despu\u00e9s Arzobispo de Guadalajara, donde recibi\u00f3 el t\u00edtulo honor\u00edfico para ser Cardenal de parte de San Juan Pablo II.<\/p>\n<p><a href=\"http:\/\/iglesiatijuana.org\/web\/wp-content\/uploads\/2018\/05\/20180524_105214.jpg\" data-rel=\"lightbox-image-1\" data-rl_title=\"\" data-rl_caption=\"\" title=\"\"><img loading=\"lazy\" decoding=\"async\" class=\"alignnone size-medium wp-image-7166\" src=\"http:\/\/iglesiatijuana.org\/web\/wp-content\/uploads\/2018\/05\/20180524_105214-300x225.jpg\" alt=\"\" width=\"300\" height=\"225\" srcset=\"https:\/\/iglesiatijuana.org\/web\/wp-content\/uploads\/2018\/05\/20180524_105214-300x225.jpg 300w, https:\/\/iglesiatijuana.org\/web\/wp-content\/uploads\/2018\/05\/20180524_105214.jpg 448w\" sizes=\"auto, (max-width: 300px) 100vw, 300px\" \/><\/a><\/p>\n<p style=\"text-align: justify;\">\u00a0\u00a0\u00a0\u00a0\u00a0\u00a0\u00a0\u00a0\u00a0\u00a0\u00a0 \u201cDon Juan Jes\u00fas Posadas siendo Arzobispo de Guadalajara recibi\u00f3 este llamado para ser parte del Colegio de Cardenales. Y desempe\u00f1ando su servicio en esa Arquidi\u00f3cesis de Guadalajara sabemos c\u00f3mo Dios se lo llev\u00f3 al cielo. Conocemos m\u00e1s o menos los hechos que sucedieron en torno a su muerte, y que han despertado una gran inquietud en nuestro pueblo, deseando que se descubra la verdad, que se haga justicia. Pero sobre todo que la sangre del se\u00f1or Cardenal d\u00e9 mucho fruto en la vida de la Iglesia. Recuerdan aquella frase tan bonita: \u00b4la sangre de los m\u00e1rtires semilla de nuevos cristianos\u00b4, comparti\u00f3 el Arzobispo.<\/p>\n<p style=\"text-align: justify;\">\u00a0\u00a0\u00a0\u00a0\u00a0\u00a0\u00a0\u00a0\u00a0\u00a0\u00a0 Mencion\u00f3 tambi\u00e9n que ese a\u00f1o que muri\u00f3 el Cardenal Posadas Ocampo dio inicio esta iniciativa pastoral del Instituto Juan Jes\u00fas Posadas Ocampo.<\/p>\n<p style=\"text-align: justify;\">\u00a0\u00a0\u00a0\u00a0\u00a0\u00a0\u00a0\u00a0\u00a0\u00a0\u00a0 \u201cPor eso estamos aqu\u00ed como una familia en la fe, no s\u00f3lo para recordarlo sino sobre todo para dar gracias a Dios y alabarlo por todo el bien que concedi\u00f3 a Don Juan Jes\u00fas Posadas Ocampo, y por todo el bien que \u00e9l hizo a la Iglesia y a la sociedad de la que form\u00f3 parte en su paso por esta vida\u201d, destac\u00f3 Mons. Moreno Barr\u00f3n.<\/p>\n<p style=\"text-align: justify;\">\u00a0\u00a0\u00a0\u00a0\u00a0\u00a0\u00a0\u00a0\u00a0\u00a0\u00a0 A los ni\u00f1os y j\u00f3venes los anim\u00f3 a sentirse orgullosos de formar parte de esta instituci\u00f3n educativa cat\u00f3lica, y que se preparen para ser los l\u00edderes y empresarios que en el futuro va a llevar la conducci\u00f3n de la Iglesia y de la sociedad.<\/p>\n<p style=\"text-align: justify;\">\u00a0\u00a0\u00a0\u00a0\u00a0\u00a0\u00a0\u00a0\u00a0\u00a0\u00a0 Y pidi\u00f3 la bendici\u00f3n e intercesi\u00f3n del Cardenal Juan Jes\u00fas Posadas Ocampo desde el cielo.<\/p>\n<p style=\"text-align: justify;\">\u00a0\u00a0\u00a0\u00a0\u00a0\u00a0\u00a0\u00a0\u00a0\u00a0\u00a0 Posteriormente se llev\u00f3 a cabo un evento c\u00edvico y cultural, y se devel\u00f3 una placa conmemorativa en el instituto, ubicado en Calle Respeto No. 7, Col. Valle Verde.<\/p>\n<p style=\"text-align: justify;\"><a href=\"http:\/\/iglesiatijuana.org\/web\/wp-content\/uploads\/2018\/05\/El-Arzobispo-Francisco-y-los-sacerdotes-en-la-Santa-Misa.jpg\" data-rel=\"lightbox-image-2\" data-rl_title=\"\" data-rl_caption=\"\" title=\"\"><img loading=\"lazy\" decoding=\"async\" class=\"alignnone size-medium wp-image-7167\" src=\"http:\/\/iglesiatijuana.org\/web\/wp-content\/uploads\/2018\/05\/El-Arzobispo-Francisco-y-los-sacerdotes-en-la-Santa-Misa-300x155.jpg\" alt=\"\" width=\"300\" height=\"155\" srcset=\"https:\/\/iglesiatijuana.org\/web\/wp-content\/uploads\/2018\/05\/El-Arzobispo-Francisco-y-los-sacerdotes-en-la-Santa-Misa-300x155.jpg 300w, https:\/\/iglesiatijuana.org\/web\/wp-content\/uploads\/2018\/05\/El-Arzobispo-Francisco-y-los-sacerdotes-en-la-Santa-Misa.jpg 448w\" sizes=\"auto, (max-width: 300px) 100vw, 300px\" \/><\/a><\/p>\n<p>&nbsp;<\/p>\n","protected":false},"excerpt":{"rendered":"<p>\u00a0 \u00a0 \u00a0 \u00a0 \u00a0 Tijuana, B.C.- La Arquidi\u00f3cesis de Tijuana, a trav\u00e9s de la Pastoral Educativa que coordina el Pbro. Benigno Medrano Flores, realiz\u00f3 un homenaje por los 25 a\u00f1os del martirio del&#46;&#46;&#46;<\/p>\n","protected":false},"author":5,"featured_media":7165,"comment_status":"closed","ping_status":"closed","sticky":false,"template":"","format":"standard","meta":{"_exactmetrics_skip_tracking":false,"_exactmetrics_sitenote_active":false,"_exactmetrics_sitenote_note":"","_exactmetrics_sitenote_category":0,"footnotes":""},"categories":[14],"tags":[],"class_list":["post-7164","post","type-post","status-publish","format-standard","has-post-thumbnail","hentry","category-ultimas-noticias"],"_links":{"self":[{"href":"https:\/\/iglesiatijuana.org\/web\/wp-json\/wp\/v2\/posts\/7164","targetHints":{"allow":["GET"]}}],"collection":[{"href":"https:\/\/iglesiatijuana.org\/web\/wp-json\/wp\/v2\/posts"}],"about":[{"href":"https:\/\/iglesiatijuana.org\/web\/wp-json\/wp\/v2\/types\/post"}],"author":[{"embeddable":true,"href":"https:\/\/iglesiatijuana.org\/web\/wp-json\/wp\/v2\/users\/5"}],"replies":[{"embeddable":true,"href":"https:\/\/iglesiatijuana.org\/web\/wp-json\/wp\/v2\/comments?post=7164"}],"version-history":[{"count":3,"href":"https:\/\/iglesiatijuana.org\/web\/wp-json\/wp\/v2\/posts\/7164\/revisions"}],"predecessor-version":[{"id":7170,"href":"https:\/\/iglesiatijuana.org\/web\/wp-json\/wp\/v2\/posts\/7164\/revisions\/7170"}],"wp:featuredmedia":[{"embeddable":true,"href":"https:\/\/iglesiatijuana.org\/web\/wp-json\/wp\/v2\/media\/7165"}],"wp:attachment":[{"href":"https:\/\/iglesiatijuana.org\/web\/wp-json\/wp\/v2\/media?parent=7164"}],"wp:term":[{"taxonomy":"category","embeddable":true,"href":"https:\/\/iglesiatijuana.org\/web\/wp-json\/wp\/v2\/categories?post=7164"},{"taxonomy":"post_tag","embeddable":true,"href":"https:\/\/iglesiatijuana.org\/web\/wp-json\/wp\/v2\/tags?post=7164"}],"curies":[{"name":"wp","href":"https:\/\/api.w.org\/{rel}","templated":true}]}}