{"id":7422,"date":"2018-07-03T13:55:12","date_gmt":"2018-07-03T20:55:12","guid":{"rendered":"http:\/\/iglesiatijuana.org\/web\/?p=7422"},"modified":"2018-07-03T13:55:12","modified_gmt":"2018-07-03T20:55:12","slug":"arzobispo-francisco-el-encuentro-anual-de-la-renovacion-catolica-en-el-e-s-es-una-oportunidad-para-renovar-nuestra-vida-las-familias-y-las-parroquias","status":"publish","type":"post","link":"https:\/\/iglesiatijuana.org\/web\/arzobispo-francisco-el-encuentro-anual-de-la-renovacion-catolica-en-el-e-s-es-una-oportunidad-para-renovar-nuestra-vida-las-familias-y-las-parroquias\/","title":{"rendered":"Arzobispo Francisco: el encuentro anual de la Renovaci\u00f3n Cat\u00f3lica en el E. S., es una oportunidad para renovar nuestra vida, las familias y las parroquias"},"content":{"rendered":"<p><a href=\"http:\/\/iglesiatijuana.org\/web\/wp-content\/uploads\/2018\/07\/20180603_155841.jpg\" data-rel=\"lightbox-image-0\" data-rl_title=\"\" data-rl_caption=\"\" title=\"\"><img loading=\"lazy\" decoding=\"async\" class=\"alignnone size-medium wp-image-7423\" src=\"http:\/\/iglesiatijuana.org\/web\/wp-content\/uploads\/2018\/07\/20180603_155841-300x225.jpg\" alt=\"\" width=\"300\" height=\"225\" srcset=\"https:\/\/iglesiatijuana.org\/web\/wp-content\/uploads\/2018\/07\/20180603_155841-300x225.jpg 300w, https:\/\/iglesiatijuana.org\/web\/wp-content\/uploads\/2018\/07\/20180603_155841.jpg 640w\" sizes=\"auto, (max-width: 300px) 100vw, 300px\" \/><\/a><\/p>\n<p>LATIR DE LA ARQUIDI\u00d3CESIS (PRESENCIA)<\/p>\n<p>Pastoral de la Comunicaci\u00f3n<\/p>\n<p style=\"text-align: justify;\">Tijuana, B.C.- En nuestra Arquidi\u00f3cesis de Tijuana se llev\u00f3 a cabo el XXXIX Encuentro de Renovaci\u00f3n Carism\u00e1tica Cat\u00f3lica en el Esp\u00edritu Santo, el pasado fin de semana los d\u00edas s\u00e1bado 2 y domingo 3 de junio. El domingo presidi\u00f3 la Eucarist\u00eda de acci\u00f3n de gracias nuestro Arzobispo, Mons. Francisco Moreno Barr\u00f3n, y concelebr\u00f3 el Asesor Diocesano, Pbro. Jos\u00e9 Guadalupe Rivas Salda\u00f1a, Pbro. Carlos Hurtado Vel\u00e1zquez, y el Pbro. Jorge Antonio Aguayo Carmona.<\/p>\n<p style=\"text-align: justify;\">\u201cQueridos hermanos en Cristo Jes\u00fas este acontecimiento de un encuentro diocesano del Movimiento de Renovaci\u00f3n Cat\u00f3lica en el Esp\u00edritu Santo es una oportunidad maravillosa para renovar nuestra vida, la vida de nuestras familias, de nuestras parroquias. Para dar un aporte a la renovaci\u00f3n profunda de nuestra Di\u00f3cesis y hacer nuevas todas las cosas. Eso requiere que nosotros tengamos una profunda experiencia de Cristo Jes\u00fas\u201d, dijo Mons. Moreno Barr\u00f3n durante la homil\u00eda.<\/p>\n<p style=\"text-align: justify;\">Destac\u00f3 que\u00a0 los laicos son necesarios en el mundo sin ser del mundo, ya que su lugar en la Iglesia no est\u00e1 en el templo, sino en el hogar, en la f\u00e1brica, en el deporte, en el noviazgo, en los negocios, en la calle, en la diversi\u00f3n, donde se desenvuelven a diario es donde tienen que vivir su fe y dar testimonio.<\/p>\n<p><a href=\"http:\/\/iglesiatijuana.org\/web\/wp-content\/uploads\/2018\/07\/20180603_160928.jpg\" data-rel=\"lightbox-image-1\" data-rl_title=\"\" data-rl_caption=\"\" title=\"\"><img loading=\"lazy\" decoding=\"async\" class=\"alignnone size-medium wp-image-7424\" src=\"http:\/\/iglesiatijuana.org\/web\/wp-content\/uploads\/2018\/07\/20180603_160928-300x225.jpg\" alt=\"\" width=\"300\" height=\"225\" srcset=\"https:\/\/iglesiatijuana.org\/web\/wp-content\/uploads\/2018\/07\/20180603_160928-300x225.jpg 300w, https:\/\/iglesiatijuana.org\/web\/wp-content\/uploads\/2018\/07\/20180603_160928.jpg 640w\" sizes=\"auto, (max-width: 300px) 100vw, 300px\" \/><\/a><\/p>\n<p style=\"text-align: justify;\">\u201cPidamos a Dios que este movimiento pueda colaborar a la renovaci\u00f3n de la Iglesia, de nuestra Arquidi\u00f3cesis, sobre todo con su testimonio de vida, por su apertura de coraz\u00f3n para colaborar en los proyectos pastorales en su parroquia, y porque ustedes sean un ejemplo de c\u00f3mo debe vivirse el domingo, D\u00eda del Se\u00f1or, en medio de la comunidad que forman parte\u201d, invit\u00f3 el Arzobispo.<\/p>\n<p style=\"text-align: justify;\">Motivando a que el fruto de este encuentro se coseche en el coraz\u00f3n de cada uno de los participantes y de sus familias, y valor\u00f3 la asistencia de integrantes del movimiento de otras di\u00f3cesis.<\/p>\n<p style=\"text-align: justify;\">Y que el movimiento se siga distinguiendo por su vida de oraci\u00f3n en la vida diaria y que haya mucho entusiasmo marcado por la presencia del Esp\u00edritu Santo. Y los invit\u00f3 a que disfruten su pertenencia a la Iglesia a trav\u00e9s del movimiento y compartan lo que tengan con los m\u00e1s necesitados.<\/p>\n<p><a href=\"http:\/\/iglesiatijuana.org\/web\/wp-content\/uploads\/2018\/07\/20180603_130212.jpg\" data-rel=\"lightbox-image-2\" data-rl_title=\"\" data-rl_caption=\"\" title=\"\"><img loading=\"lazy\" decoding=\"async\" class=\"alignnone size-medium wp-image-7425\" src=\"http:\/\/iglesiatijuana.org\/web\/wp-content\/uploads\/2018\/07\/20180603_130212-300x225.jpg\" alt=\"\" width=\"300\" height=\"225\" srcset=\"https:\/\/iglesiatijuana.org\/web\/wp-content\/uploads\/2018\/07\/20180603_130212-300x225.jpg 300w, https:\/\/iglesiatijuana.org\/web\/wp-content\/uploads\/2018\/07\/20180603_130212.jpg 640w\" sizes=\"auto, (max-width: 300px) 100vw, 300px\" \/><\/a><\/p>\n<p>&nbsp;<\/p>\n","protected":false},"excerpt":{"rendered":"<p>LATIR DE LA ARQUIDI\u00d3CESIS (PRESENCIA) Pastoral de la Comunicaci\u00f3n Tijuana, B.C.- En nuestra Arquidi\u00f3cesis de Tijuana se llev\u00f3 a cabo el XXXIX Encuentro de Renovaci\u00f3n Carism\u00e1tica Cat\u00f3lica en el Esp\u00edritu Santo, el pasado fin&#46;&#46;&#46;<\/p>\n","protected":false},"author":5,"featured_media":7423,"comment_status":"closed","ping_status":"closed","sticky":false,"template":"","format":"standard","meta":{"_exactmetrics_skip_tracking":false,"_exactmetrics_sitenote_active":false,"_exactmetrics_sitenote_note":"","_exactmetrics_sitenote_category":0,"footnotes":""},"categories":[14],"tags":[],"class_list":["post-7422","post","type-post","status-publish","format-standard","has-post-thumbnail","hentry","category-ultimas-noticias"],"_links":{"self":[{"href":"https:\/\/iglesiatijuana.org\/web\/wp-json\/wp\/v2\/posts\/7422","targetHints":{"allow":["GET"]}}],"collection":[{"href":"https:\/\/iglesiatijuana.org\/web\/wp-json\/wp\/v2\/posts"}],"about":[{"href":"https:\/\/iglesiatijuana.org\/web\/wp-json\/wp\/v2\/types\/post"}],"author":[{"embeddable":true,"href":"https:\/\/iglesiatijuana.org\/web\/wp-json\/wp\/v2\/users\/5"}],"replies":[{"embeddable":true,"href":"https:\/\/iglesiatijuana.org\/web\/wp-json\/wp\/v2\/comments?post=7422"}],"version-history":[{"count":1,"href":"https:\/\/iglesiatijuana.org\/web\/wp-json\/wp\/v2\/posts\/7422\/revisions"}],"predecessor-version":[{"id":7426,"href":"https:\/\/iglesiatijuana.org\/web\/wp-json\/wp\/v2\/posts\/7422\/revisions\/7426"}],"wp:featuredmedia":[{"embeddable":true,"href":"https:\/\/iglesiatijuana.org\/web\/wp-json\/wp\/v2\/media\/7423"}],"wp:attachment":[{"href":"https:\/\/iglesiatijuana.org\/web\/wp-json\/wp\/v2\/media?parent=7422"}],"wp:term":[{"taxonomy":"category","embeddable":true,"href":"https:\/\/iglesiatijuana.org\/web\/wp-json\/wp\/v2\/categories?post=7422"},{"taxonomy":"post_tag","embeddable":true,"href":"https:\/\/iglesiatijuana.org\/web\/wp-json\/wp\/v2\/tags?post=7422"}],"curies":[{"name":"wp","href":"https:\/\/api.w.org\/{rel}","templated":true}]}}