{"id":7431,"date":"2018-07-03T14:10:05","date_gmt":"2018-07-03T21:10:05","guid":{"rendered":"http:\/\/iglesiatijuana.org\/web\/?p=7431"},"modified":"2018-07-03T14:10:05","modified_gmt":"2018-07-03T21:10:05","slug":"fortalecer-y-apoyar-con-valores-a-padres-de-familia-afirma-presidente-de-la-unpe","status":"publish","type":"post","link":"https:\/\/iglesiatijuana.org\/web\/fortalecer-y-apoyar-con-valores-a-padres-de-familia-afirma-presidente-de-la-unpe\/","title":{"rendered":"Fortalecer y apoyar con valores a padres de familia, afirma presidente de la UNPE"},"content":{"rendered":"<p><a href=\"http:\/\/iglesiatijuana.org\/web\/wp-content\/uploads\/2018\/07\/La-Sagrada-Familia.jpg\" data-rel=\"lightbox-image-0\" data-rl_title=\"\" data-rl_caption=\"\" title=\"\"><img loading=\"lazy\" decoding=\"async\" class=\"alignnone size-medium wp-image-7432\" src=\"http:\/\/iglesiatijuana.org\/web\/wp-content\/uploads\/2018\/07\/La-Sagrada-Familia-159x300.jpg\" alt=\"\" width=\"159\" height=\"300\" srcset=\"https:\/\/iglesiatijuana.org\/web\/wp-content\/uploads\/2018\/07\/La-Sagrada-Familia-159x300.jpg 159w, https:\/\/iglesiatijuana.org\/web\/wp-content\/uploads\/2018\/07\/La-Sagrada-Familia-768x1453.jpg 768w, https:\/\/iglesiatijuana.org\/web\/wp-content\/uploads\/2018\/07\/La-Sagrada-Familia-541x1024.jpg 541w, https:\/\/iglesiatijuana.org\/web\/wp-content\/uploads\/2018\/07\/La-Sagrada-Familia.jpg 1424w\" sizes=\"auto, (max-width: 159px) 100vw, 159px\" \/><\/a><\/p>\n<p>LATIR DE LA ARQUIDI\u00d3CESIS (PRESENCIA)<\/p>\n<p>Pastoral de la Comunicaci\u00f3n<\/p>\n<p style=\"text-align: justify;\">Tijuana, B.C.- La Uni\u00f3n Nacional de Padres de Familia est\u00e1 impulsando el programa \u201cUnidos por valores\u201d en nuestro pa\u00eds.<\/p>\n<p style=\"text-align: justify;\">\u201cEs un programa que impulsan empresas, empresarios e instituciones. Hay marcas nacionales y hay marcas estatales y regionales. Son seis talleres cuyo objetivo es despertar la conciencia de los padres de familia\u201d, dijo el Presidente Nacional de la Uni\u00f3n Nacional de Padres de Familia, Mtro. Leonardo Garc\u00eda Camarena.<\/p>\n<p style=\"text-align: justify;\">Explic\u00f3 que son 3 dimensiones las que buscan impulsar:<\/p>\n<p style=\"text-align: justify;\">1.- Nunca dejamos de aprender desde el vientre materno hasta la tumba.<\/p>\n<p style=\"text-align: justify;\">2.- Cuando ense\u00f1amos a otros esta tarea adquiere signos de transcendencia. Y los pap\u00e1s y maestros no pueden renunciar a esta labor.<\/p>\n<p style=\"text-align: justify;\">3.- Necesitamos formaci\u00f3n permanente.<\/p>\n<p style=\"text-align: justify;\">Los talleres est\u00e1n divididos en 2 horas y media o 3 horas y es gratuito ya que empresarios han financiado cien talleres en el pa\u00eds, y cerca de cien escuelas que lo solicitan pag\u00e1ndolo ellas, y los est\u00e1n apoyando seis Secretarios de Estado para hacer pruebas piloto en las escuelas de gobierno o en centros comunitarios de Sedesol.<\/p>\n<p style=\"text-align: justify;\">\u201cQueremos hacer sinergia con el que puede aportar, tiene recursos, tiene forma para que m\u00e1s padres de familia despierten en esta conciencia de que su tarea es insustituible, es trascendente y por lo tanto hay que continuarse preparando\u201d, destac\u00f3 el presidente nacional.<\/p>\n<p style=\"text-align: justify;\">Hicieron la presentaci\u00f3n de este programa en Mexicali y Tijuana.<\/p>\n<p style=\"text-align: justify;\">En entrevista con nuestro Arzobispo, Mons. Francisco Moreno Barr\u00f3n, les invit\u00f3 a no perder su identidad y puedan diversificar su presencia en diferentes \u00e1reas de la sociedad para atender a los padres de familia, a los trabajadores de las empresas y a las escuelas p\u00fablicas.<\/p>\n<p style=\"text-align: justify;\">\u201cLa escuela s\u00f3lo puede pulir lo que la familia ha sembrado. Dicho de otra manera lo que vemos en la sociedad: violencia, corrupci\u00f3n, etc\u00e9tera naci\u00f3 en la casa. El alumno aprende a ser violento porque alguien en la casa es violento, el hijo aprende a tomar lo que no le corresponde porque en esa casa no hay reglas de respeto al bien del otro. O viceversa el alumno aprende a regresar lo que ha encontrado cuando no es de \u00e9l porque as\u00ed lo aprendi\u00f3 en casa. Nosotros decimos que los valores se \u00b4maman\u00b4 en la casa. \u00bfQu\u00e9 tenemos que hacer? Regresemos a la casa\u201d, comparti\u00f3 el Mtro. Leonardo.<\/p>\n<p>&nbsp;<\/p>\n<p>&nbsp;<\/p>\n<p>&nbsp;<\/p>\n<p>&nbsp;<\/p>\n","protected":false},"excerpt":{"rendered":"<p>LATIR DE LA ARQUIDI\u00d3CESIS (PRESENCIA) Pastoral de la Comunicaci\u00f3n Tijuana, B.C.- La Uni\u00f3n Nacional de Padres de Familia est\u00e1 impulsando el programa \u201cUnidos por valores\u201d en nuestro pa\u00eds. \u201cEs un programa que impulsan empresas,&#46;&#46;&#46;<\/p>\n","protected":false},"author":5,"featured_media":7432,"comment_status":"closed","ping_status":"closed","sticky":false,"template":"","format":"standard","meta":{"_exactmetrics_skip_tracking":false,"_exactmetrics_sitenote_active":false,"_exactmetrics_sitenote_note":"","_exactmetrics_sitenote_category":0,"footnotes":""},"categories":[14],"tags":[],"class_list":["post-7431","post","type-post","status-publish","format-standard","has-post-thumbnail","hentry","category-ultimas-noticias"],"_links":{"self":[{"href":"https:\/\/iglesiatijuana.org\/web\/wp-json\/wp\/v2\/posts\/7431","targetHints":{"allow":["GET"]}}],"collection":[{"href":"https:\/\/iglesiatijuana.org\/web\/wp-json\/wp\/v2\/posts"}],"about":[{"href":"https:\/\/iglesiatijuana.org\/web\/wp-json\/wp\/v2\/types\/post"}],"author":[{"embeddable":true,"href":"https:\/\/iglesiatijuana.org\/web\/wp-json\/wp\/v2\/users\/5"}],"replies":[{"embeddable":true,"href":"https:\/\/iglesiatijuana.org\/web\/wp-json\/wp\/v2\/comments?post=7431"}],"version-history":[{"count":1,"href":"https:\/\/iglesiatijuana.org\/web\/wp-json\/wp\/v2\/posts\/7431\/revisions"}],"predecessor-version":[{"id":7433,"href":"https:\/\/iglesiatijuana.org\/web\/wp-json\/wp\/v2\/posts\/7431\/revisions\/7433"}],"wp:featuredmedia":[{"embeddable":true,"href":"https:\/\/iglesiatijuana.org\/web\/wp-json\/wp\/v2\/media\/7432"}],"wp:attachment":[{"href":"https:\/\/iglesiatijuana.org\/web\/wp-json\/wp\/v2\/media?parent=7431"}],"wp:term":[{"taxonomy":"category","embeddable":true,"href":"https:\/\/iglesiatijuana.org\/web\/wp-json\/wp\/v2\/categories?post=7431"},{"taxonomy":"post_tag","embeddable":true,"href":"https:\/\/iglesiatijuana.org\/web\/wp-json\/wp\/v2\/tags?post=7431"}],"curies":[{"name":"wp","href":"https:\/\/api.w.org\/{rel}","templated":true}]}}