{"id":773,"date":"2010-09-09T16:46:43","date_gmt":"2010-09-09T23:46:43","guid":{"rendered":"http:\/\/iglesiatijuana.org\/web\/sacerdocio\/"},"modified":"2010-09-09T16:46:43","modified_gmt":"2010-09-09T23:46:43","slug":"sacerdocio","status":"publish","type":"post","link":"https:\/\/iglesiatijuana.org\/web\/sacerdocio\/","title":{"rendered":"Celebr\u00f3 25 a\u00f1os de sacerdocio el Pbro. Miguel \u00c1ngel Ch\u00e1idez"},"content":{"rendered":"<p style=\"margin: 0cm 0cm 0pt; text-align: justify\" class=\"MsoNormal\"><span style=\"font-family: Arial\"><font size=\"3\"><font color=\"#000000\">&nbsp;<img loading=\"lazy\" decoding=\"async\" class=\" size-full wp-image-772\" src=\"http:\/\/iglesiatijuana.org\/web\/wp-content\/uploads\/2010\/09\/p.miguelangelchaidez.jpg\" alt=\"\" width=\"300\" height=\"400\" srcset=\"https:\/\/iglesiatijuana.org\/web\/wp-content\/uploads\/2010\/09\/p.miguelangelchaidez.jpg 300w, https:\/\/iglesiatijuana.org\/web\/wp-content\/uploads\/2010\/09\/p.miguelangelchaidez-225x300.jpg 225w\" sizes=\"auto, (max-width: 300px) 100vw, 300px\" \/><\/font><\/font><\/span><\/p>\n<p><span style=\"font-family: Arial\"><font size=\"3\"><font color=\"#000000\">&nbsp;&nbsp;&nbsp;&nbsp;&nbsp;&nbsp;&nbsp;&nbsp;&nbsp;&nbsp; Tijuana, B. C.- El Presb&iacute;tero Miguel &Aacute;ngel Ch&aacute;idez Bol&iacute;var celebr&oacute; el mi&eacute;rcoles 8 de septiembre, d&iacute;a de la natividad de la Virgen Mar&iacute;a, <span>&nbsp;<\/span>sus Bodas de Plata sacerdotales, d&aacute;ndole gracias a Dios por este don en la misa de las 6:00 de la tarde en la Parroquia Santa Mar&iacute;a de Gracia, ubicada en la calle R&iacute;o Lerma No. 7910 en la Colonia Aguaje de la Tuna.<\/font><\/font><\/span><span style=\"font-family: Arial\"><font size=\"3\"><font color=\"#000000\"><span>&nbsp;&nbsp;&nbsp;&nbsp;&nbsp;&nbsp;&nbsp;&nbsp;&nbsp;&nbsp;&nbsp; <\/span><\/font><\/font><\/span><\/p>\n<p><span style=\"font-family: Arial\"><font size=\"3\"><font color=\"#000000\"><span>&nbsp;&nbsp;&nbsp;&nbsp;&nbsp;&nbsp;&nbsp;&nbsp;&nbsp; <\/span>&ldquo;Creo que el sacerdocio sigue siendo un don y un compromiso, y un reto de irse viviendo constantemente en la fidelidad al Evangelio, a pesar de las fragilidades humanas, a pesar de esta caducidad y de esta transitoriedad nuestra&rdquo;, comparti&oacute; el sacerdote.<\/font><\/font><\/span><span style=\"font-family: Arial\"><font size=\"3\"><font color=\"#000000\"><span>&nbsp;&nbsp;&nbsp;&nbsp;&nbsp;&nbsp;&nbsp;&nbsp;&nbsp;&nbsp;&nbsp; <\/span><\/font><\/font><\/span><\/p>\n<p><span style=\"font-family: Arial\"><font size=\"3\"><font color=\"#000000\"><span>&nbsp;&nbsp;&nbsp;&nbsp;&nbsp;&nbsp;&nbsp;&nbsp;&nbsp; <\/span>En la celebraci&oacute;n de acci&oacute;n de gracias lo acompa&ntilde;aron su mam&aacute;, sus familiares y fieles cat&oacute;licos.<\/font><\/font><\/span><\/p>\n","protected":false},"excerpt":{"rendered":"<p>&nbsp; &nbsp;&nbsp;&nbsp;&nbsp;&nbsp;&nbsp;&nbsp;&nbsp;&nbsp;&nbsp; Tijuana, B. C.- El Presb&iacute;tero Miguel &Aacute;ngel Ch&aacute;idez Bol&iacute;var celebr&oacute; el mi&eacute;rcoles 8 de septiembre, d&iacute;a de la natividad de la Virgen Mar&iacute;a, &nbsp;sus Bodas de Plata sacerdotales, d&aacute;ndole gracias a Dios&#46;&#46;&#46;<\/p>\n","protected":false},"author":5,"featured_media":772,"comment_status":"closed","ping_status":"open","sticky":false,"template":"","format":"standard","meta":{"_exactmetrics_skip_tracking":false,"_exactmetrics_sitenote_active":false,"_exactmetrics_sitenote_note":"","_exactmetrics_sitenote_category":0,"footnotes":""},"categories":[14],"tags":[],"class_list":["post-773","post","type-post","status-publish","format-standard","has-post-thumbnail","hentry","category-ultimas-noticias"],"_links":{"self":[{"href":"https:\/\/iglesiatijuana.org\/web\/wp-json\/wp\/v2\/posts\/773","targetHints":{"allow":["GET"]}}],"collection":[{"href":"https:\/\/iglesiatijuana.org\/web\/wp-json\/wp\/v2\/posts"}],"about":[{"href":"https:\/\/iglesiatijuana.org\/web\/wp-json\/wp\/v2\/types\/post"}],"author":[{"embeddable":true,"href":"https:\/\/iglesiatijuana.org\/web\/wp-json\/wp\/v2\/users\/5"}],"replies":[{"embeddable":true,"href":"https:\/\/iglesiatijuana.org\/web\/wp-json\/wp\/v2\/comments?post=773"}],"version-history":[{"count":0,"href":"https:\/\/iglesiatijuana.org\/web\/wp-json\/wp\/v2\/posts\/773\/revisions"}],"wp:featuredmedia":[{"embeddable":true,"href":"https:\/\/iglesiatijuana.org\/web\/wp-json\/wp\/v2\/media\/772"}],"wp:attachment":[{"href":"https:\/\/iglesiatijuana.org\/web\/wp-json\/wp\/v2\/media?parent=773"}],"wp:term":[{"taxonomy":"category","embeddable":true,"href":"https:\/\/iglesiatijuana.org\/web\/wp-json\/wp\/v2\/categories?post=773"},{"taxonomy":"post_tag","embeddable":true,"href":"https:\/\/iglesiatijuana.org\/web\/wp-json\/wp\/v2\/tags?post=773"}],"curies":[{"name":"wp","href":"https:\/\/api.w.org\/{rel}","templated":true}]}}