{"id":7749,"date":"2018-08-22T13:42:40","date_gmt":"2018-08-22T20:42:40","guid":{"rendered":"http:\/\/iglesiatijuana.org\/web\/?p=7749"},"modified":"2018-08-22T13:42:40","modified_gmt":"2018-08-22T20:42:40","slug":"dentro-del-proyecto-de-dios-la-base-de-la-sociedad-es-la-familia","status":"publish","type":"post","link":"https:\/\/iglesiatijuana.org\/web\/dentro-del-proyecto-de-dios-la-base-de-la-sociedad-es-la-familia\/","title":{"rendered":"Dentro del proyecto de Dios la base de la sociedad es la familia"},"content":{"rendered":"<p><a href=\"http:\/\/iglesiatijuana.org\/web\/wp-content\/uploads\/2018\/07\/La-Sagrada-Familia.jpg\" data-rel=\"lightbox-image-0\" data-rl_title=\"\" data-rl_caption=\"\" title=\"\"><img loading=\"lazy\" decoding=\"async\" class=\"alignnone size-medium wp-image-7432\" src=\"http:\/\/iglesiatijuana.org\/web\/wp-content\/uploads\/2018\/07\/La-Sagrada-Familia-159x300.jpg\" alt=\"\" width=\"159\" height=\"300\" srcset=\"https:\/\/iglesiatijuana.org\/web\/wp-content\/uploads\/2018\/07\/La-Sagrada-Familia-159x300.jpg 159w, https:\/\/iglesiatijuana.org\/web\/wp-content\/uploads\/2018\/07\/La-Sagrada-Familia-768x1453.jpg 768w, https:\/\/iglesiatijuana.org\/web\/wp-content\/uploads\/2018\/07\/La-Sagrada-Familia-541x1024.jpg 541w, https:\/\/iglesiatijuana.org\/web\/wp-content\/uploads\/2018\/07\/La-Sagrada-Familia.jpg 1424w\" sizes=\"auto, (max-width: 159px) 100vw, 159px\" \/><\/a><\/p>\n<p style=\"text-align: justify;\">Tijuana, B.C.- El Pbro. Antonio Ochoa Maldonado, Jefe Eclesial de la Pastoral de la Familia, explica la importancia del Encuentro Mundial de las Familias, que se est\u00e1 llevando a cabo en Dubl\u00edn, Irlanda.<\/p>\n<p style=\"text-align: justify;\">\u201cEste Encuentro Mundial de las Familias es un evento que se da cada tres a\u00f1os. Fue a partir del 94 con el Papa San Juan Pablo II en el A\u00f1o Internacional de la Familia. Sabemos que este es un tema muy importante dentro del proyecto de Dios, la familia es base, incluso tambi\u00e9n dentro de nuestra sociedad. Sabemos que la base de la sociedad es la familia\u201d, dijo el Jefe Eclesial de la Pastoral de la Familia, Pbro. Antonio Ochoa Maldonado.<\/p>\n<p style=\"text-align: justify;\">La finalidad del encuentro es congregar a participantes de todo el mundo para contribuir en la consolidaci\u00f3n de los lazos de la familia y dar testimonio sobre la importancia vital del matrimonio y la familia para la sociedad.<\/p>\n<p style=\"text-align: justify;\">Del 21 al 26 de agosto se est\u00e1 llevando a cabo el encuentro, y los d\u00edas 24 y 25 de agosto el Papa Francisco participar\u00e1 en el encuentro.<\/p>\n<p style=\"text-align: justify;\">Los participantes representan a todos los pa\u00edses del mundo, y de nuestra Provincia Baja California asisti\u00f3 el Pbro. Francisco Javier God\u00ednez.<\/p>\n<p style=\"text-align: justify;\">En M\u00e9xico se realiza el Encuentro Nacional de la Pastoral Familia y Vida cada a\u00f1o en diferentes di\u00f3cesis, y el pr\u00f3ximo ser\u00e1 en Monterrey, N.L. del 3 al 7 de octubre.<\/p>\n<p style=\"text-align: justify;\">La Pastoral de la Familia ofrece a las familias de nuestra Arquidi\u00f3cesis de Tijuana diferentes servicios, entre ellos consultor\u00eda y orientaci\u00f3n familiar, el Taller para Familias en Duelo, etc.<\/p>\n<p style=\"text-align: justify;\">Para mayor informaci\u00f3n pueden comunicarse a Betania casa de la Familia al tel\u00e9fono (664) 6815584.<\/p>\n<p>&nbsp;<\/p>\n<p>&nbsp;<\/p>\n<p>&nbsp;<\/p>\n","protected":false},"excerpt":{"rendered":"<p>Tijuana, B.C.- El Pbro. Antonio Ochoa Maldonado, Jefe Eclesial de la Pastoral de la Familia, explica la importancia del Encuentro Mundial de las Familias, que se est\u00e1 llevando a cabo en Dubl\u00edn, Irlanda. \u201cEste&#46;&#46;&#46;<\/p>\n","protected":false},"author":5,"featured_media":7432,"comment_status":"closed","ping_status":"closed","sticky":false,"template":"","format":"standard","meta":{"_exactmetrics_skip_tracking":false,"_exactmetrics_sitenote_active":false,"_exactmetrics_sitenote_note":"","_exactmetrics_sitenote_category":0,"footnotes":""},"categories":[14],"tags":[],"class_list":["post-7749","post","type-post","status-publish","format-standard","has-post-thumbnail","hentry","category-ultimas-noticias"],"_links":{"self":[{"href":"https:\/\/iglesiatijuana.org\/web\/wp-json\/wp\/v2\/posts\/7749","targetHints":{"allow":["GET"]}}],"collection":[{"href":"https:\/\/iglesiatijuana.org\/web\/wp-json\/wp\/v2\/posts"}],"about":[{"href":"https:\/\/iglesiatijuana.org\/web\/wp-json\/wp\/v2\/types\/post"}],"author":[{"embeddable":true,"href":"https:\/\/iglesiatijuana.org\/web\/wp-json\/wp\/v2\/users\/5"}],"replies":[{"embeddable":true,"href":"https:\/\/iglesiatijuana.org\/web\/wp-json\/wp\/v2\/comments?post=7749"}],"version-history":[{"count":1,"href":"https:\/\/iglesiatijuana.org\/web\/wp-json\/wp\/v2\/posts\/7749\/revisions"}],"predecessor-version":[{"id":7750,"href":"https:\/\/iglesiatijuana.org\/web\/wp-json\/wp\/v2\/posts\/7749\/revisions\/7750"}],"wp:featuredmedia":[{"embeddable":true,"href":"https:\/\/iglesiatijuana.org\/web\/wp-json\/wp\/v2\/media\/7432"}],"wp:attachment":[{"href":"https:\/\/iglesiatijuana.org\/web\/wp-json\/wp\/v2\/media?parent=7749"}],"wp:term":[{"taxonomy":"category","embeddable":true,"href":"https:\/\/iglesiatijuana.org\/web\/wp-json\/wp\/v2\/categories?post=7749"},{"taxonomy":"post_tag","embeddable":true,"href":"https:\/\/iglesiatijuana.org\/web\/wp-json\/wp\/v2\/tags?post=7749"}],"curies":[{"name":"wp","href":"https:\/\/api.w.org\/{rel}","templated":true}]}}