{"id":7777,"date":"2018-08-29T13:55:43","date_gmt":"2018-08-29T20:55:43","guid":{"rendered":"http:\/\/iglesiatijuana.org\/web\/?p=7777"},"modified":"2018-08-29T13:55:43","modified_gmt":"2018-08-29T20:55:43","slug":"es-importante-la-comunicacion-entre-las-generaciones-y-el-rol-de-los-abuelos-en-consolidar-los-lazos-familiares-y-en-la-transmision-de-la-fe","status":"publish","type":"post","link":"https:\/\/iglesiatijuana.org\/web\/es-importante-la-comunicacion-entre-las-generaciones-y-el-rol-de-los-abuelos-en-consolidar-los-lazos-familiares-y-en-la-transmision-de-la-fe\/","title":{"rendered":"Es importante la comunicaci\u00f3n entre las generaciones y el rol de los abuelos en consolidar los lazos familiares y en la transmisi\u00f3n de la fe"},"content":{"rendered":"<p><a href=\"http:\/\/iglesiatijuana.org\/web\/wp-content\/uploads\/2017\/11\/PapaFranciscoyanciana.png\" data-rel=\"lightbox-image-0\" data-rl_title=\"\" data-rl_caption=\"\" title=\"\"><img loading=\"lazy\" decoding=\"async\" class=\"alignnone size-medium wp-image-6306\" src=\"http:\/\/iglesiatijuana.org\/web\/wp-content\/uploads\/2017\/11\/PapaFranciscoyanciana-300x166.png\" alt=\"\" width=\"300\" height=\"166\" srcset=\"https:\/\/iglesiatijuana.org\/web\/wp-content\/uploads\/2017\/11\/PapaFranciscoyanciana-300x166.png 300w, https:\/\/iglesiatijuana.org\/web\/wp-content\/uploads\/2017\/11\/PapaFranciscoyanciana-768x425.png 768w, https:\/\/iglesiatijuana.org\/web\/wp-content\/uploads\/2017\/11\/PapaFranciscoyanciana.png 849w\" sizes=\"auto, (max-width: 300px) 100vw, 300px\" \/><\/a><\/p>\n<p><strong><a href=\"http:\/\/w2.vatican.va\/content\/francesco\/es\/travels\/2018\/outside\/documents\/papa-francesco-irlanda_2018.html\">Viaje apost\u00f3lico del Santo Padre a Irlanda<\/a><\/strong><\/p>\n<p style=\"text-align: justify;\"><em>\u201cQueridos hermanos y hermanas:<\/em><\/p>\n<p style=\"text-align: justify;\">El fin de semana pasado estuve en Irlanda para participar en el Encuentro Mundial de las Familias, que ten\u00eda como lema: \u00abEl Evangelio de la familia, alegr\u00eda para el mundo\u00bb. Deseaba animar a las familias cristianas en su vocaci\u00f3n para ser transmisoras de la alegr\u00eda y de la fecundidad del amor de Dios en medio de la sociedad y del mundo.<\/p>\n<p style=\"text-align: justify;\">Pude encontrar a muchas personas y familias en Dubl\u00edn y en el Santuario mariano de Knock. Las experiencias que ellas compartieron fueron enriquecedoras y luminosas. Manifestaron que el amor vivido en el matrimonio es un don de Dios, que debe cultivarse cada d\u00eda con el di\u00e1logo, con el tiempo que pasan juntos, con la ternura. Es importante tambi\u00e9n la comunicaci\u00f3n entre las generaciones y el rol de los abuelos en consolidar los\u00a0lazos familiares y en la transmisi\u00f3n de la fe.<\/p>\n<p style=\"text-align: justify;\">Por otra parte, experiment\u00e9 el sufrimiento de tantas personas por los abusos a menores perpetrados por miembros de la Iglesia y por no haber sido\u00a0 afrontados debidamente. Varias veces, y especialmente en Knock, ped\u00ed perd\u00f3n al Se\u00f1or por esas acciones, y ped\u00ed la intercesi\u00f3n de la Virgen para que conceda la gracia de la sanaci\u00f3n a las v\u00edctimas y nos d\u00e9 la fuerza para perseguir con firmeza la verdad y la justicia, pudiendo as\u00ed renovar la Iglesia en Irlanda y en todo el mundo.<\/p>\n<p style=\"text-align: justify;\">\n<p style=\"text-align: justify;\">Saludo cordialmente a los peregrinos de lengua espa\u00f1ola venidos de Espa\u00f1a y Latinoam\u00e9rica.<\/p>\n<p style=\"text-align: justify;\">Los animo a que sigan adelante en su compromiso cristiano, sin desfallecer, sosteni\u00e9ndose unos a otros. Y les pido que recen por las familias, y tambi\u00e9n por los sacerdotes, para que cada uno en su estado de vida sea, en medio de la sociedad, un testigo valiente de la alegr\u00eda del evangelio y fermento de bondad y de santidad.<\/p>\n<p style=\"text-align: justify;\">Que Dios los bendiga. Muchas gracias.\u201d<\/p>\n<p>&nbsp;<\/p>\n<p>(Papa Francisco en la Audiencia General del mi\u00e9rcoles 29 de agosto de 2018)<\/p>\n<p>&nbsp;<\/p>\n","protected":false},"excerpt":{"rendered":"<p>Viaje apost\u00f3lico del Santo Padre a Irlanda \u201cQueridos hermanos y hermanas: El fin de semana pasado estuve en Irlanda para participar en el Encuentro Mundial de las Familias, que ten\u00eda como lema: \u00abEl Evangelio&#46;&#46;&#46;<\/p>\n","protected":false},"author":5,"featured_media":6306,"comment_status":"closed","ping_status":"closed","sticky":false,"template":"","format":"standard","meta":{"_exactmetrics_skip_tracking":false,"_exactmetrics_sitenote_active":false,"_exactmetrics_sitenote_note":"","_exactmetrics_sitenote_category":0,"footnotes":""},"categories":[14],"tags":[],"class_list":["post-7777","post","type-post","status-publish","format-standard","has-post-thumbnail","hentry","category-ultimas-noticias"],"_links":{"self":[{"href":"https:\/\/iglesiatijuana.org\/web\/wp-json\/wp\/v2\/posts\/7777","targetHints":{"allow":["GET"]}}],"collection":[{"href":"https:\/\/iglesiatijuana.org\/web\/wp-json\/wp\/v2\/posts"}],"about":[{"href":"https:\/\/iglesiatijuana.org\/web\/wp-json\/wp\/v2\/types\/post"}],"author":[{"embeddable":true,"href":"https:\/\/iglesiatijuana.org\/web\/wp-json\/wp\/v2\/users\/5"}],"replies":[{"embeddable":true,"href":"https:\/\/iglesiatijuana.org\/web\/wp-json\/wp\/v2\/comments?post=7777"}],"version-history":[{"count":1,"href":"https:\/\/iglesiatijuana.org\/web\/wp-json\/wp\/v2\/posts\/7777\/revisions"}],"predecessor-version":[{"id":7778,"href":"https:\/\/iglesiatijuana.org\/web\/wp-json\/wp\/v2\/posts\/7777\/revisions\/7778"}],"wp:featuredmedia":[{"embeddable":true,"href":"https:\/\/iglesiatijuana.org\/web\/wp-json\/wp\/v2\/media\/6306"}],"wp:attachment":[{"href":"https:\/\/iglesiatijuana.org\/web\/wp-json\/wp\/v2\/media?parent=7777"}],"wp:term":[{"taxonomy":"category","embeddable":true,"href":"https:\/\/iglesiatijuana.org\/web\/wp-json\/wp\/v2\/categories?post=7777"},{"taxonomy":"post_tag","embeddable":true,"href":"https:\/\/iglesiatijuana.org\/web\/wp-json\/wp\/v2\/tags?post=7777"}],"curies":[{"name":"wp","href":"https:\/\/api.w.org\/{rel}","templated":true}]}}