{"id":7996,"date":"2018-10-02T12:51:06","date_gmt":"2018-10-02T19:51:06","guid":{"rendered":"http:\/\/iglesiatijuana.org\/web\/?p=7996"},"modified":"2018-10-02T12:53:24","modified_gmt":"2018-10-02T19:53:24","slug":"la-pastoral-juvenil-de-tijuana-lanza-un-reto-a-los-grupos-juveniles","status":"publish","type":"post","link":"https:\/\/iglesiatijuana.org\/web\/la-pastoral-juvenil-de-tijuana-lanza-un-reto-a-los-grupos-juveniles\/","title":{"rendered":"La Pastoral Juvenil de Tijuana lanza un reto a los grupos juveniles"},"content":{"rendered":"<p><a href=\"http:\/\/iglesiatijuana.org\/web\/wp-content\/uploads\/2018\/10\/Cirio.jpg\" data-rel=\"lightbox-image-0\" data-rl_title=\"\" data-rl_caption=\"\" title=\"\"><img loading=\"lazy\" decoding=\"async\" class=\"alignnone size-medium wp-image-7997\" src=\"http:\/\/iglesiatijuana.org\/web\/wp-content\/uploads\/2018\/10\/Cirio-300x205.jpg\" alt=\"\" width=\"300\" height=\"205\" srcset=\"https:\/\/iglesiatijuana.org\/web\/wp-content\/uploads\/2018\/10\/Cirio-300x205.jpg 300w, https:\/\/iglesiatijuana.org\/web\/wp-content\/uploads\/2018\/10\/Cirio.jpg 450w\" sizes=\"auto, (max-width: 300px) 100vw, 300px\" \/><\/a><\/p>\n<p>Pastoral de la Comunicaci\u00f3n<\/p>\n<p style=\"text-align: justify;\">Tijuana, B.C.- La Pastoral Juvenil de Tijuana invita a todos los j\u00f3venes de la Arquidi\u00f3cesis a orar por el S\u00ednodo de los Obispos que se llevar\u00e1 a cabo del 03 al 28 de Octubre en Roma con el lema: \u201cLos j\u00f3venes, la fe y el discernimiento vocacional\u201d.<\/p>\n<p style=\"text-align: justify;\">Y reta a todos los grupos de j\u00f3venes y adolescentes a que enciendan su cirio con un gui\u00f3n que ofrece la Pastoral Juvenil, suban su video y reten a otros grupos a que lo hagan poniendo qu\u00e9 grupo reta y a qu\u00e9 grupo retan y usando los Hashtag #PAJenOracionSinodo2018 #MomentoDeGracia #Synod2018.<\/p>\n<p><a href=\"https:\/\/www.youtube.com\/watch?v=UOsUeupHzKg&amp;feature=share\" data-rel=\"lightbox-video-0\">https:\/\/www.youtube.com\/watch?v=UOsUeupHzKg&amp;feature=share<\/a><\/p>\n","protected":false},"excerpt":{"rendered":"<p>Pastoral de la Comunicaci\u00f3n Tijuana, B.C.- La Pastoral Juvenil de Tijuana invita a todos los j\u00f3venes de la Arquidi\u00f3cesis a orar por el S\u00ednodo de los Obispos que se llevar\u00e1 a cabo del 03&#46;&#46;&#46;<\/p>\n","protected":false},"author":5,"featured_media":7997,"comment_status":"closed","ping_status":"closed","sticky":false,"template":"","format":"standard","meta":{"_exactmetrics_skip_tracking":false,"_exactmetrics_sitenote_active":false,"_exactmetrics_sitenote_note":"","_exactmetrics_sitenote_category":0,"footnotes":""},"categories":[14],"tags":[],"class_list":["post-7996","post","type-post","status-publish","format-standard","has-post-thumbnail","hentry","category-ultimas-noticias"],"_links":{"self":[{"href":"https:\/\/iglesiatijuana.org\/web\/wp-json\/wp\/v2\/posts\/7996","targetHints":{"allow":["GET"]}}],"collection":[{"href":"https:\/\/iglesiatijuana.org\/web\/wp-json\/wp\/v2\/posts"}],"about":[{"href":"https:\/\/iglesiatijuana.org\/web\/wp-json\/wp\/v2\/types\/post"}],"author":[{"embeddable":true,"href":"https:\/\/iglesiatijuana.org\/web\/wp-json\/wp\/v2\/users\/5"}],"replies":[{"embeddable":true,"href":"https:\/\/iglesiatijuana.org\/web\/wp-json\/wp\/v2\/comments?post=7996"}],"version-history":[{"count":3,"href":"https:\/\/iglesiatijuana.org\/web\/wp-json\/wp\/v2\/posts\/7996\/revisions"}],"predecessor-version":[{"id":8000,"href":"https:\/\/iglesiatijuana.org\/web\/wp-json\/wp\/v2\/posts\/7996\/revisions\/8000"}],"wp:featuredmedia":[{"embeddable":true,"href":"https:\/\/iglesiatijuana.org\/web\/wp-json\/wp\/v2\/media\/7997"}],"wp:attachment":[{"href":"https:\/\/iglesiatijuana.org\/web\/wp-json\/wp\/v2\/media?parent=7996"}],"wp:term":[{"taxonomy":"category","embeddable":true,"href":"https:\/\/iglesiatijuana.org\/web\/wp-json\/wp\/v2\/categories?post=7996"},{"taxonomy":"post_tag","embeddable":true,"href":"https:\/\/iglesiatijuana.org\/web\/wp-json\/wp\/v2\/tags?post=7996"}],"curies":[{"name":"wp","href":"https:\/\/api.w.org\/{rel}","templated":true}]}}