{"id":8027,"date":"2018-10-04T12:24:50","date_gmt":"2018-10-04T19:24:50","guid":{"rendered":"http:\/\/iglesiatijuana.org\/web\/?p=8027"},"modified":"2018-10-04T12:24:50","modified_gmt":"2018-10-04T19:24:50","slug":"semilla-franciscana-en-tijuana","status":"publish","type":"post","link":"https:\/\/iglesiatijuana.org\/web\/semilla-franciscana-en-tijuana\/","title":{"rendered":"Semilla franciscana en Tijuana"},"content":{"rendered":"<p><a href=\"http:\/\/iglesiatijuana.org\/web\/wp-content\/uploads\/2018\/10\/IMG_5252.jpg\" data-rel=\"lightbox-image-0\" data-rl_title=\"\" data-rl_caption=\"\" title=\"\"><img loading=\"lazy\" decoding=\"async\" class=\"alignnone size-medium wp-image-8028\" src=\"http:\/\/iglesiatijuana.org\/web\/wp-content\/uploads\/2018\/10\/IMG_5252-300x225.jpg\" alt=\"\" width=\"300\" height=\"225\" srcset=\"https:\/\/iglesiatijuana.org\/web\/wp-content\/uploads\/2018\/10\/IMG_5252-300x225.jpg 300w, https:\/\/iglesiatijuana.org\/web\/wp-content\/uploads\/2018\/10\/IMG_5252.jpg 640w\" sizes=\"auto, (max-width: 300px) 100vw, 300px\" \/><\/a><\/p>\n<p>Pastoral de la Comunicaci\u00f3n<\/p>\n<p style=\"text-align: justify;\">Tijuana, B.C.- Desde que llegaron los franciscanos han tratado de servir a la comunidad tijuanense, sobre todo a la gente sencilla, infundiendo en ella como lo hac\u00eda Francisco, el amor a Jes\u00fas, el amor a la Iglesia, el amor a la Sagrada Escritura, la devoci\u00f3n a la eucarist\u00eda. Por un lado tratando de impulsar esta vivencia de la fe y por otro lado tratando de crear un ambiente de comunidad fraterno, de corresponsabilidad de inclusi\u00f3n.<\/p>\n<p style=\"text-align: justify;\">\u201cA nosotros nos ayuda mucho la figura y la memoria de Nuestro Padre San Francisco, eso ya nos da de por s\u00ed un boleto de entrada a un coraz\u00f3n abierto y una actitud muy positiva de la gente hacia nosotros y aunque la gente participa en sus templos tiene un cari\u00f1o especial al Templo de San Francisco y tambi\u00e9n a nosotros\u201d, comparti\u00f3 Fray Juan Ignacio Muro, responsable de la Casa de Oraci\u00f3n de la Provincia Franciscana ubicada en Tecate.<\/p>\n<p style=\"text-align: justify;\">Tambi\u00e9n mencion\u00f3 que con un esp\u00edritu de apertura y colaboraci\u00f3n la Arquidi\u00f3cesis de Tijuana les abri\u00f3 sus puertas, con sentido fraterno, incluy\u00e9ndolos como vicarios de la Vida Consagrada al Fray Marcelo, despu\u00e9s a Mons. Fray Juan Mar\u00eda Huerta y posteriormente a Fray Juan Ignacio. Y siempre han recibido una acogida fraterna de nuestro Arzobispo Francisco Moreno Barr\u00f3n y de los obispos que le han antecedido, por lo que agradecen esa caridad.<\/p>\n<p><a href=\"http:\/\/iglesiatijuana.org\/web\/wp-content\/uploads\/2018\/10\/IMG_5470.jpg\" data-rel=\"lightbox-image-1\" data-rl_title=\"\" data-rl_caption=\"\" title=\"\"><img loading=\"lazy\" decoding=\"async\" class=\"alignnone size-medium wp-image-8029\" src=\"http:\/\/iglesiatijuana.org\/web\/wp-content\/uploads\/2018\/10\/IMG_5470-225x300.jpg\" alt=\"\" width=\"225\" height=\"300\" srcset=\"https:\/\/iglesiatijuana.org\/web\/wp-content\/uploads\/2018\/10\/IMG_5470-225x300.jpg 225w, https:\/\/iglesiatijuana.org\/web\/wp-content\/uploads\/2018\/10\/IMG_5470.jpg 480w\" sizes=\"auto, (max-width: 225px) 100vw, 225px\" \/><\/a><\/p>\n","protected":false},"excerpt":{"rendered":"<p>Pastoral de la Comunicaci\u00f3n Tijuana, B.C.- Desde que llegaron los franciscanos han tratado de servir a la comunidad tijuanense, sobre todo a la gente sencilla, infundiendo en ella como lo hac\u00eda Francisco, el amor&#46;&#46;&#46;<\/p>\n","protected":false},"author":5,"featured_media":8028,"comment_status":"closed","ping_status":"closed","sticky":false,"template":"","format":"standard","meta":{"_exactmetrics_skip_tracking":false,"_exactmetrics_sitenote_active":false,"_exactmetrics_sitenote_note":"","_exactmetrics_sitenote_category":0,"footnotes":""},"categories":[14],"tags":[],"class_list":["post-8027","post","type-post","status-publish","format-standard","has-post-thumbnail","hentry","category-ultimas-noticias"],"_links":{"self":[{"href":"https:\/\/iglesiatijuana.org\/web\/wp-json\/wp\/v2\/posts\/8027","targetHints":{"allow":["GET"]}}],"collection":[{"href":"https:\/\/iglesiatijuana.org\/web\/wp-json\/wp\/v2\/posts"}],"about":[{"href":"https:\/\/iglesiatijuana.org\/web\/wp-json\/wp\/v2\/types\/post"}],"author":[{"embeddable":true,"href":"https:\/\/iglesiatijuana.org\/web\/wp-json\/wp\/v2\/users\/5"}],"replies":[{"embeddable":true,"href":"https:\/\/iglesiatijuana.org\/web\/wp-json\/wp\/v2\/comments?post=8027"}],"version-history":[{"count":1,"href":"https:\/\/iglesiatijuana.org\/web\/wp-json\/wp\/v2\/posts\/8027\/revisions"}],"predecessor-version":[{"id":8030,"href":"https:\/\/iglesiatijuana.org\/web\/wp-json\/wp\/v2\/posts\/8027\/revisions\/8030"}],"wp:featuredmedia":[{"embeddable":true,"href":"https:\/\/iglesiatijuana.org\/web\/wp-json\/wp\/v2\/media\/8028"}],"wp:attachment":[{"href":"https:\/\/iglesiatijuana.org\/web\/wp-json\/wp\/v2\/media?parent=8027"}],"wp:term":[{"taxonomy":"category","embeddable":true,"href":"https:\/\/iglesiatijuana.org\/web\/wp-json\/wp\/v2\/categories?post=8027"},{"taxonomy":"post_tag","embeddable":true,"href":"https:\/\/iglesiatijuana.org\/web\/wp-json\/wp\/v2\/tags?post=8027"}],"curies":[{"name":"wp","href":"https:\/\/api.w.org\/{rel}","templated":true}]}}