{"id":8195,"date":"2018-10-23T11:50:07","date_gmt":"2018-10-23T18:50:07","guid":{"rendered":"https:\/\/iglesiatijuana.org\/web\/?p=8195"},"modified":"2018-10-23T11:50:07","modified_gmt":"2018-10-23T18:50:07","slug":"la-compasion-es-el-alma-de-la-medicina","status":"publish","type":"post","link":"https:\/\/iglesiatijuana.org\/web\/la-compasion-es-el-alma-de-la-medicina\/","title":{"rendered":"\u201cLa compasi\u00f3n es el alma de la medicina\u201d"},"content":{"rendered":"<p><a href=\"https:\/\/iglesiatijuana.org\/web\/wp-content\/uploads\/2018\/10\/medicopost.jpg\" data-rel=\"lightbox-image-0\" data-rl_title=\"\" data-rl_caption=\"\" title=\"\"><img loading=\"lazy\" decoding=\"async\" class=\"alignnone size-medium wp-image-8196\" src=\"https:\/\/iglesiatijuana.org\/web\/wp-content\/uploads\/2018\/10\/medicopost-300x151.jpg\" alt=\"\" width=\"300\" height=\"151\" srcset=\"https:\/\/iglesiatijuana.org\/web\/wp-content\/uploads\/2018\/10\/medicopost-300x151.jpg 300w, https:\/\/iglesiatijuana.org\/web\/wp-content\/uploads\/2018\/10\/medicopost-768x387.jpg 768w, https:\/\/iglesiatijuana.org\/web\/wp-content\/uploads\/2018\/10\/medicopost-1024x516.jpg 1024w, https:\/\/iglesiatijuana.org\/web\/wp-content\/uploads\/2018\/10\/medicopost.jpg 1656w\" sizes=\"auto, (max-width: 300px) 100vw, 300px\" \/><\/a><\/p>\n<p>Pastoral de la Comunicaci\u00f3n<\/p>\n<p style=\"text-align: justify;\">Tijuana, B.C. \u201cEl hombre de hoy, el hombre moderno vive de muchas maneras la experiencia del dolor, del sufrimiento, de la enfermedad, de la muerte. Y lo que m\u00e1s necesita en su coraz\u00f3n, en su conciencia, en su cuerpo tambi\u00e9n es experimentar a Dios como un Padre\u201d, afirma nuestro Arzobispo Francisco Moreno Barr\u00f3n, espec\u00edficamente en el \u00e1mbito que implica la salud.<\/p>\n<p style=\"text-align: justify;\">En efecto, \u201cla Iglesia no puede por menos que interesarse por aquello que concierne a los profesionales de la salud y a todos sus agentes, sabiendo que su misi\u00f3n est\u00e1 orientada al servicio del ser humano, creado a imagen de Dios, y colaborar en el cuidado de su dignidad y de sus derechos inalienables\u201d lo recordaba el Papa Francisco en su mensaje a la Conferencia Internacional sobre cuestiones de la salud, el a\u00f1o pasado. Al respecto, acentuaba que \u201clos profesionales de la salud y sus asociaciones profesionales, est\u00e1n llamados a hacerse promotores de una sensibilizaci\u00f3n cada vez mayor en las instituciones, sean organismos de asistencia y la industria sanitaria para que todos puedan beneficiarse del derecho a la protecci\u00f3n de la salud\u201d.<\/p>\n<p style=\"text-align: justify;\">Por ello, \u201cel alma de la medicina es de alguna manera la compasi\u00f3n\u201d afirm\u00f3 el Obispo de Roma, al recibir a dirigentes de las Asociaciones M\u00e9dicas de Am\u00e9rica Latina y Espa\u00f1a. Explicando que esa compasi\u00f3n no es solamente un sin\u00f3nimo de pena o tristeza, es algo m\u00e1s: indica la predisposici\u00f3n a entrar en el problema, a ponerse en la situaci\u00f3n del otro. Aunque el hombre no puede igualar la compasi\u00f3n de Dios, que entra en el coraz\u00f3n del hombre y habit\u00e1ndolo lo regenera. En efecto, el Pont\u00edfice ha sostenido en variadas ocasiones que una organizaci\u00f3n sanitaria eficiente y capaz de abordar las disparidades no puede olvidar su fuente primaria: la compasi\u00f3n, del m\u00e9dico, del enfermero, del agente, del voluntario, de todos los que por este camino pueden restar el dolor a la soledad y la angustia.<\/p>\n<p style=\"text-align: justify;\">Por su parte, nuestro Arzobispo Francisco en el contexto de cercan\u00eda a los profesionales de la salud y sus agentes, as\u00ed como Instituciones, les ha exhortado a la necesidad de \u201cmostrar el rostro misericordioso de Jes\u00fas, especialmente en el servicio a la salud, tener presente la riqueza humana de la dignidad, para que toda acci\u00f3n a favor de la salud sea una expresi\u00f3n viva del amor misericordioso de Dios. Y que podamos ver el rostro vivo de Jes\u00fas en cada m\u00e9dico, doctor, cada enfermera, en cada trabajador y de una manera especial en cada uno de nuestros enfermos\u201d. (Mensaje en la apertura del Hospital del Sagrado Coraz\u00f3n de Jes\u00fas coordinado por la Pastoral de la Salud, 19 de marzo 2018).<\/p>\n<p>&nbsp;<\/p>\n","protected":false},"excerpt":{"rendered":"<p>Pastoral de la Comunicaci\u00f3n Tijuana, B.C. \u201cEl hombre de hoy, el hombre moderno vive de muchas maneras la experiencia del dolor, del sufrimiento, de la enfermedad, de la muerte. Y lo que m\u00e1s necesita&#46;&#46;&#46;<\/p>\n","protected":false},"author":5,"featured_media":8196,"comment_status":"closed","ping_status":"closed","sticky":false,"template":"","format":"standard","meta":{"_exactmetrics_skip_tracking":false,"_exactmetrics_sitenote_active":false,"_exactmetrics_sitenote_note":"","_exactmetrics_sitenote_category":0,"footnotes":""},"categories":[14],"tags":[],"class_list":["post-8195","post","type-post","status-publish","format-standard","has-post-thumbnail","hentry","category-ultimas-noticias"],"_links":{"self":[{"href":"https:\/\/iglesiatijuana.org\/web\/wp-json\/wp\/v2\/posts\/8195","targetHints":{"allow":["GET"]}}],"collection":[{"href":"https:\/\/iglesiatijuana.org\/web\/wp-json\/wp\/v2\/posts"}],"about":[{"href":"https:\/\/iglesiatijuana.org\/web\/wp-json\/wp\/v2\/types\/post"}],"author":[{"embeddable":true,"href":"https:\/\/iglesiatijuana.org\/web\/wp-json\/wp\/v2\/users\/5"}],"replies":[{"embeddable":true,"href":"https:\/\/iglesiatijuana.org\/web\/wp-json\/wp\/v2\/comments?post=8195"}],"version-history":[{"count":1,"href":"https:\/\/iglesiatijuana.org\/web\/wp-json\/wp\/v2\/posts\/8195\/revisions"}],"predecessor-version":[{"id":8197,"href":"https:\/\/iglesiatijuana.org\/web\/wp-json\/wp\/v2\/posts\/8195\/revisions\/8197"}],"wp:featuredmedia":[{"embeddable":true,"href":"https:\/\/iglesiatijuana.org\/web\/wp-json\/wp\/v2\/media\/8196"}],"wp:attachment":[{"href":"https:\/\/iglesiatijuana.org\/web\/wp-json\/wp\/v2\/media?parent=8195"}],"wp:term":[{"taxonomy":"category","embeddable":true,"href":"https:\/\/iglesiatijuana.org\/web\/wp-json\/wp\/v2\/categories?post=8195"},{"taxonomy":"post_tag","embeddable":true,"href":"https:\/\/iglesiatijuana.org\/web\/wp-json\/wp\/v2\/tags?post=8195"}],"curies":[{"name":"wp","href":"https:\/\/api.w.org\/{rel}","templated":true}]}}