{"id":8275,"date":"2018-11-02T11:28:58","date_gmt":"2018-11-02T18:28:58","guid":{"rendered":"https:\/\/iglesiatijuana.org\/web\/?p=8275"},"modified":"2018-11-02T11:28:58","modified_gmt":"2018-11-02T18:28:58","slug":"recordando-a-nuestros-fieles-difuntos-fue-el-taller-que-ofrecieron-el-arzobispo-y-la-pastoral-familiar","status":"publish","type":"post","link":"https:\/\/iglesiatijuana.org\/web\/recordando-a-nuestros-fieles-difuntos-fue-el-taller-que-ofrecieron-el-arzobispo-y-la-pastoral-familiar\/","title":{"rendered":"\u201cRecordando a nuestros fieles difuntos\u201d fue el taller que ofrecieron el Arzobispo y la Pastoral Familiar"},"content":{"rendered":"<p><a href=\"https:\/\/iglesiatijuana.org\/web\/wp-content\/uploads\/2018\/11\/20181101_172738.jpg\" data-rel=\"lightbox-image-0\" data-rl_title=\"\" data-rl_caption=\"\" title=\"\"><img loading=\"lazy\" decoding=\"async\" class=\"alignnone size-medium wp-image-8276\" src=\"https:\/\/iglesiatijuana.org\/web\/wp-content\/uploads\/2018\/11\/20181101_172738-300x173.jpg\" alt=\"\" width=\"300\" height=\"173\" srcset=\"https:\/\/iglesiatijuana.org\/web\/wp-content\/uploads\/2018\/11\/20181101_172738-300x173.jpg 300w, https:\/\/iglesiatijuana.org\/web\/wp-content\/uploads\/2018\/11\/20181101_172738.jpg 640w\" sizes=\"auto, (max-width: 300px) 100vw, 300px\" \/><\/a><\/p>\n<p>Pastoral de la Comunicaci\u00f3n<\/p>\n<p style=\"text-align: justify;\">Tijuana, B.C.- El Taller \u201cRecordando a nuestros fieles difuntos\u201d, cuyo lema es &#8220;No dejemos morir a nuestros seres queridos, manteng\u00e1moslos vivos en nuestra mente y en nuestro coraz\u00f3n&#8221;, fue impartido por nuestro Arzobispo, Mons. Francisco Moreno Barr\u00f3n, en coordinaci\u00f3n con Tafed (Talleres Arquidiocesanos para Familias en Duelo) perteneciente a la Pastoral Familiar, que dirige el Pbro. Antonio Ochoa Maldonado.<\/p>\n<p style=\"text-align: justify;\">\u201cRecordar con cari\u00f1o a nuestros seres queridos que han muerto y avivar nuestra fe y esperanza en Jesucristo muerto y resucitado, para mantenerlos vivos en nuestra mente y en nuestro coraz\u00f3n, mientras continuamos nuestro peregrinar en este mundo, viviendo nuestra vocaci\u00f3n al amor\u201d, fue el objetivo de dicho taller.<\/p>\n<p><a href=\"https:\/\/iglesiatijuana.org\/web\/wp-content\/uploads\/2018\/11\/20181101_181342.jpg\" data-rel=\"lightbox-image-1\" data-rl_title=\"\" data-rl_caption=\"\" title=\"\"><img loading=\"lazy\" decoding=\"async\" class=\"alignnone size-medium wp-image-8277\" src=\"https:\/\/iglesiatijuana.org\/web\/wp-content\/uploads\/2018\/11\/20181101_181342-300x225.jpg\" alt=\"\" width=\"300\" height=\"225\" srcset=\"https:\/\/iglesiatijuana.org\/web\/wp-content\/uploads\/2018\/11\/20181101_181342-300x225.jpg 300w, https:\/\/iglesiatijuana.org\/web\/wp-content\/uploads\/2018\/11\/20181101_181342.jpg 640w\" sizes=\"auto, (max-width: 300px) 100vw, 300px\" \/><\/a><\/p>\n<p style=\"text-align: justify;\">Desde las 5:00 p.m. empezaron a llegar los asistentes a la Capilla el Se\u00f1or Resucitado, para dar inicio puntualmente a las 5:30 p.m. el 1 de noviembre.<\/p>\n<p style=\"text-align: justify;\">El Arzobispo Francisco fue guiando cada una de las actividades del taller, que permiti\u00f3 a los asistentes tener un tiempo de intimidad con Nuestro Se\u00f1or, y recordar a sus difuntos, incluso contempl\u00e1ndolos en las fotograf\u00edas que llevaron o en su celular.<\/p>\n<p style=\"text-align: justify;\">Posteriormente a las 7:00 p.m. dio inicio la Santa Misa, donde los participantes del taller ofrecieron como ofrenda a sus fieles difuntos, con la cual termin\u00f3 el taller en la Parroquia Nuestra Se\u00f1ora de Guadalupe, zona r\u00edo.<\/p>\n<p><a href=\"https:\/\/iglesiatijuana.org\/web\/wp-content\/uploads\/2018\/11\/20181101_184723.jpg\" data-rel=\"lightbox-image-2\" data-rl_title=\"\" data-rl_caption=\"\" title=\"\"><img loading=\"lazy\" decoding=\"async\" class=\"alignnone size-medium wp-image-8278\" src=\"https:\/\/iglesiatijuana.org\/web\/wp-content\/uploads\/2018\/11\/20181101_184723-300x200.jpg\" alt=\"\" width=\"300\" height=\"200\" srcset=\"https:\/\/iglesiatijuana.org\/web\/wp-content\/uploads\/2018\/11\/20181101_184723-300x200.jpg 300w, https:\/\/iglesiatijuana.org\/web\/wp-content\/uploads\/2018\/11\/20181101_184723.jpg 640w\" sizes=\"auto, (max-width: 300px) 100vw, 300px\" \/><\/a><\/p>\n<p>&nbsp;<\/p>\n<p>&nbsp;<\/p>\n<p>&nbsp;<\/p>\n<p>&nbsp;<\/p>\n<p>&nbsp;<\/p>\n","protected":false},"excerpt":{"rendered":"<p>Pastoral de la Comunicaci\u00f3n Tijuana, B.C.- El Taller \u201cRecordando a nuestros fieles difuntos\u201d, cuyo lema es &#8220;No dejemos morir a nuestros seres queridos, manteng\u00e1moslos vivos en nuestra mente y en nuestro coraz\u00f3n&#8221;, fue impartido&#46;&#46;&#46;<\/p>\n","protected":false},"author":5,"featured_media":8278,"comment_status":"closed","ping_status":"closed","sticky":false,"template":"","format":"standard","meta":{"_exactmetrics_skip_tracking":false,"_exactmetrics_sitenote_active":false,"_exactmetrics_sitenote_note":"","_exactmetrics_sitenote_category":0,"footnotes":""},"categories":[14],"tags":[],"class_list":["post-8275","post","type-post","status-publish","format-standard","has-post-thumbnail","hentry","category-ultimas-noticias"],"_links":{"self":[{"href":"https:\/\/iglesiatijuana.org\/web\/wp-json\/wp\/v2\/posts\/8275","targetHints":{"allow":["GET"]}}],"collection":[{"href":"https:\/\/iglesiatijuana.org\/web\/wp-json\/wp\/v2\/posts"}],"about":[{"href":"https:\/\/iglesiatijuana.org\/web\/wp-json\/wp\/v2\/types\/post"}],"author":[{"embeddable":true,"href":"https:\/\/iglesiatijuana.org\/web\/wp-json\/wp\/v2\/users\/5"}],"replies":[{"embeddable":true,"href":"https:\/\/iglesiatijuana.org\/web\/wp-json\/wp\/v2\/comments?post=8275"}],"version-history":[{"count":1,"href":"https:\/\/iglesiatijuana.org\/web\/wp-json\/wp\/v2\/posts\/8275\/revisions"}],"predecessor-version":[{"id":8279,"href":"https:\/\/iglesiatijuana.org\/web\/wp-json\/wp\/v2\/posts\/8275\/revisions\/8279"}],"wp:featuredmedia":[{"embeddable":true,"href":"https:\/\/iglesiatijuana.org\/web\/wp-json\/wp\/v2\/media\/8278"}],"wp:attachment":[{"href":"https:\/\/iglesiatijuana.org\/web\/wp-json\/wp\/v2\/media?parent=8275"}],"wp:term":[{"taxonomy":"category","embeddable":true,"href":"https:\/\/iglesiatijuana.org\/web\/wp-json\/wp\/v2\/categories?post=8275"},{"taxonomy":"post_tag","embeddable":true,"href":"https:\/\/iglesiatijuana.org\/web\/wp-json\/wp\/v2\/tags?post=8275"}],"curies":[{"name":"wp","href":"https:\/\/api.w.org\/{rel}","templated":true}]}}