{"id":8310,"date":"2018-11-07T11:26:17","date_gmt":"2018-11-07T19:26:17","guid":{"rendered":"https:\/\/iglesiatijuana.org\/web\/?p=8310"},"modified":"2018-11-07T11:27:54","modified_gmt":"2018-11-07T19:27:54","slug":"comunicado-de-fallecimiento-de-mons-jose-fortunato-alvarez-valdez","status":"publish","type":"post","link":"https:\/\/iglesiatijuana.org\/web\/comunicado-de-fallecimiento-de-mons-jose-fortunato-alvarez-valdez\/","title":{"rendered":"Comunicado de fallecimiento de Mons. Jos\u00e9 Fortunato \u00c1lvarez Valdez"},"content":{"rendered":"<p><a href=\"https:\/\/iglesiatijuana.org\/web\/wp-content\/uploads\/2018\/11\/monsfortunato.png\" data-rel=\"lightbox-image-0\" data-rl_title=\"\" data-rl_caption=\"\" title=\"\"><img loading=\"lazy\" decoding=\"async\" class=\"alignnone size-medium wp-image-8311\" src=\"https:\/\/iglesiatijuana.org\/web\/wp-content\/uploads\/2018\/11\/monsfortunato-240x300.png\" alt=\"\" width=\"240\" height=\"300\" \/><\/a><\/p>\n<p style=\"text-align: right;\">Ciudad de M\u00e9xico, 7 de noviembre del 2018.<\/p>\n<p style=\"text-align: right;\">Prot. N\u00ba 110\/18<\/p>\n<p>&nbsp;<\/p>\n<p><strong>\u00a0<\/strong><\/p>\n<p style=\"text-align: center;\"><em>\u00abSi creemos que Jes\u00fas muri\u00f3 y resucito, de la misma manera Dios llevar\u00e1 consigo a quienes murieron en Jes\u00fas\u00bb<\/em><\/p>\n<p style=\"text-align: center;\"><em>(1 Tes. 4,14)<\/em><\/p>\n<p><em>\u00a0<\/em><\/p>\n<p>&nbsp;<\/p>\n<p><strong>Eminencia\/Excelencia:<\/strong><\/p>\n<p>&nbsp;<\/p>\n<p style=\"text-align: justify;\">Con gran tristeza comunicamos el fallecimiento de\u00a0<strong>S.E. Mons. Jos\u00e9 Fortunato \u00c1lvarez Valdez<\/strong>, II Obispo de la Di\u00f3cesis de G\u00f3mez Palacio, que, en su dura batalla y fr\u00e1gil estado, hoy el Se\u00f1or en los primeros minutos de este d\u00eda lo ha llamado a vivir en su pascua eterna.<\/p>\n<p style=\"text-align: justify;\">Desde nuestra fe en la resurrecci\u00f3n, ponemos nuestra esperanza en el Buen Pastor, Jesucristo, quien lo ha llevado a reposar a los verdes campos y praderas de la eternidad junto a \u00c9l.<\/p>\n<p style=\"text-align: justify;\">Nos unimos al dolor de esta hermana di\u00f3cesis, a su familia, a los sacerdotes, miembros de la vida consagrada y fieles, manteni\u00e9ndonos unidos en la oraci\u00f3n y en la Eucarist\u00eda<\/p>\n<p style=\"text-align: justify;\">Le ruego encomendar su alma a Dios, ofreciendo 3 misas por su eterno descanso<\/p>\n<p style=\"text-align: justify;\">Nuestra Se\u00f1ora de Guadalupe, lo auxilie, lo acompa\u00f1e y lo lleve al cielo. Confiamos el cuerpo y alma de nuestro hermano obispo a la misericordia de Dios.<\/p>\n<p style=\"text-align: center;\">\u00a0<strong>+Mons. Alfonso G. Miranda Guardiola<\/strong><\/p>\n<p style=\"text-align: center;\">Obispo Auxiliar de Monterrey<\/p>\n<p style=\"text-align: center;\">Secretario General de la CEM<\/p>\n<p style=\"text-align: justify;\">\n","protected":false},"excerpt":{"rendered":"<p>Ciudad de M\u00e9xico, 7 de noviembre del 2018. Prot. N\u00ba 110\/18 &nbsp; \u00a0 \u00abSi creemos que Jes\u00fas muri\u00f3 y resucito, de la misma manera Dios llevar\u00e1 consigo a quienes murieron en Jes\u00fas\u00bb (1 Tes.&#46;&#46;&#46;<\/p>\n","protected":false},"author":5,"featured_media":8311,"comment_status":"closed","ping_status":"closed","sticky":false,"template":"","format":"standard","meta":{"_exactmetrics_skip_tracking":false,"_exactmetrics_sitenote_active":false,"_exactmetrics_sitenote_note":"","_exactmetrics_sitenote_category":0,"footnotes":""},"categories":[14],"tags":[],"class_list":["post-8310","post","type-post","status-publish","format-standard","has-post-thumbnail","hentry","category-ultimas-noticias"],"_links":{"self":[{"href":"https:\/\/iglesiatijuana.org\/web\/wp-json\/wp\/v2\/posts\/8310","targetHints":{"allow":["GET"]}}],"collection":[{"href":"https:\/\/iglesiatijuana.org\/web\/wp-json\/wp\/v2\/posts"}],"about":[{"href":"https:\/\/iglesiatijuana.org\/web\/wp-json\/wp\/v2\/types\/post"}],"author":[{"embeddable":true,"href":"https:\/\/iglesiatijuana.org\/web\/wp-json\/wp\/v2\/users\/5"}],"replies":[{"embeddable":true,"href":"https:\/\/iglesiatijuana.org\/web\/wp-json\/wp\/v2\/comments?post=8310"}],"version-history":[{"count":2,"href":"https:\/\/iglesiatijuana.org\/web\/wp-json\/wp\/v2\/posts\/8310\/revisions"}],"predecessor-version":[{"id":8313,"href":"https:\/\/iglesiatijuana.org\/web\/wp-json\/wp\/v2\/posts\/8310\/revisions\/8313"}],"wp:featuredmedia":[{"embeddable":true,"href":"https:\/\/iglesiatijuana.org\/web\/wp-json\/wp\/v2\/media\/8311"}],"wp:attachment":[{"href":"https:\/\/iglesiatijuana.org\/web\/wp-json\/wp\/v2\/media?parent=8310"}],"wp:term":[{"taxonomy":"category","embeddable":true,"href":"https:\/\/iglesiatijuana.org\/web\/wp-json\/wp\/v2\/categories?post=8310"},{"taxonomy":"post_tag","embeddable":true,"href":"https:\/\/iglesiatijuana.org\/web\/wp-json\/wp\/v2\/tags?post=8310"}],"curies":[{"name":"wp","href":"https:\/\/api.w.org\/{rel}","templated":true}]}}