{"id":8526,"date":"2018-12-18T12:54:58","date_gmt":"2018-12-18T20:54:58","guid":{"rendered":"https:\/\/iglesiatijuana.org\/web\/?p=8526"},"modified":"2018-12-18T12:54:58","modified_gmt":"2018-12-18T20:54:58","slug":"la-pequena-misa-solemne-de-g-rossini-se-presento-en-la-catedral-de-ntra-sra-de-guadalupe-bajo-la-batuta-del-dir-francesco-v-grigolo","status":"publish","type":"post","link":"https:\/\/iglesiatijuana.org\/web\/la-pequena-misa-solemne-de-g-rossini-se-presento-en-la-catedral-de-ntra-sra-de-guadalupe-bajo-la-batuta-del-dir-francesco-v-grigolo\/","title":{"rendered":"La Peque\u00f1a Misa Solemne de G. Rossini, se present\u00f3 en la Catedral de Ntra. Sra. de Guadalupe, bajo la batuta del Dir. Francesco V. Grigolo"},"content":{"rendered":"<p><a href=\"https:\/\/iglesiatijuana.org\/web\/wp-content\/uploads\/2018\/12\/Concierto.jpg\" data-rel=\"lightbox-image-0\" data-rl_title=\"\" data-rl_caption=\"\" title=\"\"><img loading=\"lazy\" decoding=\"async\" class=\"alignnone size-medium wp-image-8527\" src=\"https:\/\/iglesiatijuana.org\/web\/wp-content\/uploads\/2018\/12\/Concierto-300x200.jpg\" alt=\"\" width=\"300\" height=\"200\" srcset=\"https:\/\/iglesiatijuana.org\/web\/wp-content\/uploads\/2018\/12\/Concierto-300x200.jpg 300w, https:\/\/iglesiatijuana.org\/web\/wp-content\/uploads\/2018\/12\/Concierto-768x512.jpg 768w, https:\/\/iglesiatijuana.org\/web\/wp-content\/uploads\/2018\/12\/Concierto.jpg 960w\" sizes=\"auto, (max-width: 300px) 100vw, 300px\" \/><\/a><\/p>\n<p>Pastoral de la Comunicaci\u00f3n<\/p>\n<p style=\"text-align: justify;\">Tijuana, B.C.- A dos d\u00e9cadas de que S. Juan Pablo II, escribiera en su Carta a los artistas la necesidad de que la Iglesia requiere de los m\u00fasicos, expresando: \u00a1Cu\u00e1ntas piezas sacras han compuesto a lo largo de los siglos personas profundamente imbuidas del sentido del misterio! Innumerables creyentes han alimentado su fe con las melod\u00edas surgidas del coraz\u00f3n de otros creyentes, que han pasado a formar parte de la liturgia o que, al menos, son de gran ayuda para el decoro de su celebraci\u00f3n.<\/p>\n<p style=\"text-align: justify;\">Es la iluminaci\u00f3n, para referir el \u201cGran Concierto Decembrino\u201d que la Arquidi\u00f3cesis de Tijuana, realiz\u00f3 con la presentaci\u00f3n de la Petite Messe Solennelle de G. Rossini, bajo la direcci\u00f3n del maestro Francesco V. Grigolo, el pasado viernes 14 de diciembre a las 19:00 hrs. en la Catedral de Ntra. Sra. de Guadalupe, (Calle 2da. Zona Centro) a la que asistieron miembros del presbiterio de Tijuana, el Seminario Diocesano, las comunidades de vida consagrada, laicos de las comunidades parroquiales, miembros del Consejo Diocesano de Laicos y Movimientos apost\u00f3licos, as\u00ed como la sociedad en general.<\/p>\n<p style=\"text-align: justify;\">La obra sacra, data de cinco a\u00f1os antes de la muerte del compositor Gioacchino Rossini,\u00a0 hac\u00eda el a\u00f1o de 1863, \u00e9l mismo, escribir\u00eda sobre su p\u00f3stuma obra \u201ctodas mis composiciones son escenas y esta es la \u00faltima de todas\u201d. En la partitura realiz\u00f3 Rossini la siguiente anotaci\u00f3n: \u201cBuen Dios, aunque he tratado de escribirte esta m\u00fasica sacra, ya sabes que yo nac\u00ed para la \u00f3pera c\u00f3mica. Un poco de ciencia, un poco de coraz\u00f3n, eso es todo lo que soy capaz de ofrecer. As\u00ed que te ruego que la bendigas y me garantices el para\u00edso\u201d. Las piezas que componen la Misa, presentan piezas tan destacables como el Sanctus, \u00edntegramente a capella, o el Kirie Eleison de un contrapunto propio de Palestrina. El Agnus Dei al final con una tesitura predilecta en la voz del contralto.<\/p>\n<p style=\"text-align: justify;\">Por su parte, el Sr. Arzobispo Dn. Francisco Moreno Barr\u00f3n, agradeci\u00f3 la presencia de todos los asistentes, especialmente en estas celebraciones cercanas de la Natividad. Reconoci\u00f3 la labor extraordinaria del director Francesco V. Grigolo originario de Italia, quien participa en un proyecto internacional conocido como \u201cFronteras musicales\u201d. As\u00ed, como los diversos coros, entre ellos: el Coro Arquidiocesano y al Prof. Cesar A. Sol\u00f3rzano, al Ensamble Esc\u00e9nico Vocal\u00a0\u00a0 JA SIT,\u00a0 del Mtro. Iv\u00e1n Mares, integrantes del Coro sinf\u00f3nico del CAM, y a la soprano Mariana Flores, a la contralto Ivvana Valadez, Alberto Espa\u00f1ol tenor y Dante Buzo bajo, Ana Laura Rodr\u00edguez al piano y de las Mtras. Dzaya Castillo y Eva Monroy y maestros colaboradores como Daria Abreu y Emiliano L\u00f3pez. De manera especial agradeci\u00f3 a los j\u00f3venes integrantes de la Orquesta por su empe\u00f1o para cultivar el don y talento musical y la participaci\u00f3n de ciudadanos que con sus recursos y apoyo hicieron posible esta obra, al igual que al Pbro. Juan Garc\u00eda Ruvalcaba, P\u00e1rroco de la Catedral por las facilidades prestadas para dicho evento y a su equipo en los diversos aspectos. Se prev\u00e9, que el mismo concierto sea presentado nuevamente en el marco del Encuentro Nacional de M\u00fasica Sacra en el mes de febrero del 2019.<\/p>\n<p style=\"text-align: justify;\">La<em>\u00a0Petite messe<\/em>, puede ser considerada como el \u201ctestamento espiritual de Rossini\u201d compartido en este extraordinario concierto que acent\u00faa en sus notas, armon\u00eda y originalidad, una meditaci\u00f3n, una plegar\u00eda, un suspiro, un gozo o un lamento que dilata el esp\u00edritu y dispone el coraz\u00f3n. En el canto, la fe se experimenta como exuberancia de alegr\u00eda, de amor, de confiada espera en la intervenci\u00f3n salv\u00edfica de Dios.<\/p>\n<p style=\"text-align: justify;\">\n<p>&nbsp;<\/p>\n","protected":false},"excerpt":{"rendered":"<p>Pastoral de la Comunicaci\u00f3n Tijuana, B.C.- A dos d\u00e9cadas de que S. Juan Pablo II, escribiera en su Carta a los artistas la necesidad de que la Iglesia requiere de los m\u00fasicos, expresando: \u00a1Cu\u00e1ntas&#46;&#46;&#46;<\/p>\n","protected":false},"author":5,"featured_media":8527,"comment_status":"closed","ping_status":"closed","sticky":false,"template":"","format":"standard","meta":{"_exactmetrics_skip_tracking":false,"_exactmetrics_sitenote_active":false,"_exactmetrics_sitenote_note":"","_exactmetrics_sitenote_category":0,"footnotes":""},"categories":[14],"tags":[],"class_list":["post-8526","post","type-post","status-publish","format-standard","has-post-thumbnail","hentry","category-ultimas-noticias"],"_links":{"self":[{"href":"https:\/\/iglesiatijuana.org\/web\/wp-json\/wp\/v2\/posts\/8526","targetHints":{"allow":["GET"]}}],"collection":[{"href":"https:\/\/iglesiatijuana.org\/web\/wp-json\/wp\/v2\/posts"}],"about":[{"href":"https:\/\/iglesiatijuana.org\/web\/wp-json\/wp\/v2\/types\/post"}],"author":[{"embeddable":true,"href":"https:\/\/iglesiatijuana.org\/web\/wp-json\/wp\/v2\/users\/5"}],"replies":[{"embeddable":true,"href":"https:\/\/iglesiatijuana.org\/web\/wp-json\/wp\/v2\/comments?post=8526"}],"version-history":[{"count":1,"href":"https:\/\/iglesiatijuana.org\/web\/wp-json\/wp\/v2\/posts\/8526\/revisions"}],"predecessor-version":[{"id":8528,"href":"https:\/\/iglesiatijuana.org\/web\/wp-json\/wp\/v2\/posts\/8526\/revisions\/8528"}],"wp:featuredmedia":[{"embeddable":true,"href":"https:\/\/iglesiatijuana.org\/web\/wp-json\/wp\/v2\/media\/8527"}],"wp:attachment":[{"href":"https:\/\/iglesiatijuana.org\/web\/wp-json\/wp\/v2\/media?parent=8526"}],"wp:term":[{"taxonomy":"category","embeddable":true,"href":"https:\/\/iglesiatijuana.org\/web\/wp-json\/wp\/v2\/categories?post=8526"},{"taxonomy":"post_tag","embeddable":true,"href":"https:\/\/iglesiatijuana.org\/web\/wp-json\/wp\/v2\/tags?post=8526"}],"curies":[{"name":"wp","href":"https:\/\/api.w.org\/{rel}","templated":true}]}}