{"id":8529,"date":"2018-12-18T13:01:55","date_gmt":"2018-12-18T21:01:55","guid":{"rendered":"https:\/\/iglesiatijuana.org\/web\/?p=8529"},"modified":"2018-12-18T13:01:55","modified_gmt":"2018-12-18T21:01:55","slug":"en-el-dia-internacional-del-migrante-nuestros-corazones-no-esten-cerrados-como-las-casas-de-belen-papa-francisco","status":"publish","type":"post","link":"https:\/\/iglesiatijuana.org\/web\/en-el-dia-internacional-del-migrante-nuestros-corazones-no-esten-cerrados-como-las-casas-de-belen-papa-francisco\/","title":{"rendered":"En el d\u00eda Internacional del Migrante, \u201cnuestros corazones no est\u00e9n cerrados como las casas de Bel\u00e9n\u201d: Papa Francisco"},"content":{"rendered":"<p><a href=\"https:\/\/iglesiatijuana.org\/web\/wp-content\/uploads\/2018\/12\/Papa-Francisco-y-los-migrantes.jpeg\" data-rel=\"lightbox-image-0\" data-rl_title=\"\" data-rl_caption=\"\" title=\"\"><img loading=\"lazy\" decoding=\"async\" class=\"alignnone size-medium wp-image-8530\" src=\"https:\/\/iglesiatijuana.org\/web\/wp-content\/uploads\/2018\/12\/Papa-Francisco-y-los-migrantes-300x169.jpeg\" alt=\"\" width=\"300\" height=\"169\" srcset=\"https:\/\/iglesiatijuana.org\/web\/wp-content\/uploads\/2018\/12\/Papa-Francisco-y-los-migrantes-300x169.jpeg 300w, https:\/\/iglesiatijuana.org\/web\/wp-content\/uploads\/2018\/12\/Papa-Francisco-y-los-migrantes.jpeg 750w\" sizes=\"auto, (max-width: 300px) 100vw, 300px\" \/><\/a><\/p>\n<p style=\"text-align: justify;\">Pastoral de la Comunicaci\u00f3n.- En el D\u00eda Internacional del Migrante, proclamado por las Naciones Unidas oficialmente en el a\u00f1o 2000 para ser celebrado cada 18 de diciembre, la Iglesia proclama y al mismo tiempo, se siente interpelada por los desaf\u00edos que representan hoy los desplazamientos humanos, los fen\u00f3meno migratorio y las realidades de refugiados que aquejan de forma global a las sociedades contempor\u00e1neas. A este prop\u00f3sito, el Papa Francisco ha denunciado el drama de millones de personas que son obligados a salir de sus tierras a causa de la guerra, la pobreza y la violencia. Lo cual, \u00a0implica nuestra respuesta com\u00fan a trav\u00e9s de cuatro ejes (cuatro verbos) que ha encomendado a la Iglesia y a los bautizados asumir en nuestras acciones: \u201cacoger, proteger, promover e integrar\u201d, explicados ampliamente en su Mensaje para la Jornada Mundial del Migrante y del Refugiado 2018.<\/p>\n<p style=\"text-align: justify;\">En el marco de este d\u00eda, el Pont\u00edfice escribi\u00f3, a trav\u00e9s de Twitter, que \u201cJes\u00fas conoce bien el dolor de no ser acogido\u201d y pide que nuestros corazones \u201cno est\u00e9n cerrados como las casas de Bel\u00e9n\u201d. Como hab\u00eda explicado en el pasado; \u201ccada forastero que llama a nuestra puerta es una ocasi\u00f3n de encuentro con Jesucristo, que se identifica con el extranjero acogido o rechazado en cualquier \u00e9poca de la historia\u201d.<\/p>\n<p style=\"text-align: justify;\">Recientemente, en un mensaje enviado al Foro Social de Migraciones 2018, que se realiz\u00f3 el pasado noviembre en la Ciudad de M\u00e9xico, el Obispo de Roma, se\u00f1al\u00f3 que la Secci\u00f3n Migrantes y Refugiados, que \u00e9l mismo dirige, del Dicasterio para la Promoci\u00f3n del Desarrollo Humano Integral, prepara un documento del Vaticano en el que se \u201caboga por una serie de medidas eficaces y acreditadas que, en su conjunto, constituyen una respuesta coherente a los retos que se plantean en la actualidad\u201d. Recientemente el Obispo de Roma, anunci\u00f3 la presentaci\u00f3n del documento <em>\u201c20 Puntos de Acci\u00f3n para los Pactos Mundiales\u201d,<\/em> con el objetivo de ofrecer una contribuci\u00f3n al desarrollo de los pactos mundiales para la migraci\u00f3n segura, ordenada y regular, y sobre los refugiados, emprendido por la comunidad internacional.<\/p>\n<p style=\"text-align: justify;\">Por otro parte, en este a\u00f1o se anunci\u00f3 que a petici\u00f3n de varias Conferencias Episcopales, el Papa Francisco transfiri\u00f3 la Jornada Mundial del Migrante y del Refugiado, para el domingo 29 de septiembre de 2019. Recordemos que al inicio del a\u00f1o de esta por culminar en Pont\u00edfice en su Mensaje por la 51 Jornada Mundial de la Paz (1 enero 2018) llevaba por t\u00edtulo: \u201cMigrantes y refugiados: hombres y mujeres que buscan la paz\u201d en el que advirti\u00f3 el auge de los nacionalismos y de una pol\u00edtica que culpa &#8220;a los inmigrantes de todos los males y priva a los pobres de la esperanza&#8221;, denunciando que \u201cvivimos en estos tiempos en un clima de desconfianza que echa sus ra\u00edces en el miedo al otro o al extra\u00f1o, en la ansiedad de perder beneficios personales\u201d.<\/p>\n<p style=\"text-align: justify;\">\n<p style=\"text-align: justify;\"><strong>Un drama en rostros, historias, vidas y cifras: <\/strong><\/p>\n<p style=\"text-align: justify;\">\n<p style=\"text-align: justify;\">Actualmente hay 68 millones de personas desplazadas por la fuerza, entre los que se incluyen 25 millones de refugiados, 3 millones de solicitantes de asilo y m\u00e1s de 40 millones de desplazados internos. Ante este panorama, la ONU pide como requisito indispensable tratar a los migrantes con dignidad: \u201cdebemos dignificar esas elecciones mostrando respeto y la manera de hacerlo es tratarles con dignidad por haber tomado las decisiones que han tomado\u201d dice las Naciones Unidas en su p\u00e1gina web.<\/p>\n<p style=\"text-align: justify;\">Tras las cifras que ha dejado este a\u00f1o 2018, en el que alrededor de 3.400 migrantes y refugiados han perdido la vida en todo el mundo, y\u00a0 seg\u00fan un informe de <em>Save the Children<\/em>, las principales v\u00edctimas son ni\u00f1os y ni\u00f1as, destaca el caso de Jakelin, la ni\u00f1a migrante Guatemalteca de 7 a\u00f1os que perdi\u00f3 la vida el pasado 8 de diciembre tras un largo viaje atravesando el desierto. Aunque nunca se nos borrar\u00e1 de la memoria la impactante imagen del peque\u00f1o Aylan Kurdi, el ni\u00f1o refugiado sirio de tres a\u00f1os cuyo cuerpo fue hallado sin vida en 2015 en las costas de Turqu\u00eda donde la embarcaci\u00f3n en la que viajaba junto a sus padres y su hermano naufrag\u00f3.<\/p>\n<p style=\"text-align: justify;\">\n<p>&nbsp;<\/p>\n","protected":false},"excerpt":{"rendered":"<p>Pastoral de la Comunicaci\u00f3n.- En el D\u00eda Internacional del Migrante, proclamado por las Naciones Unidas oficialmente en el a\u00f1o 2000 para ser celebrado cada 18 de diciembre, la Iglesia proclama y al mismo tiempo,&#46;&#46;&#46;<\/p>\n","protected":false},"author":5,"featured_media":8530,"comment_status":"closed","ping_status":"closed","sticky":false,"template":"","format":"standard","meta":{"_exactmetrics_skip_tracking":false,"_exactmetrics_sitenote_active":false,"_exactmetrics_sitenote_note":"","_exactmetrics_sitenote_category":0,"footnotes":""},"categories":[14],"tags":[],"class_list":["post-8529","post","type-post","status-publish","format-standard","has-post-thumbnail","hentry","category-ultimas-noticias"],"_links":{"self":[{"href":"https:\/\/iglesiatijuana.org\/web\/wp-json\/wp\/v2\/posts\/8529","targetHints":{"allow":["GET"]}}],"collection":[{"href":"https:\/\/iglesiatijuana.org\/web\/wp-json\/wp\/v2\/posts"}],"about":[{"href":"https:\/\/iglesiatijuana.org\/web\/wp-json\/wp\/v2\/types\/post"}],"author":[{"embeddable":true,"href":"https:\/\/iglesiatijuana.org\/web\/wp-json\/wp\/v2\/users\/5"}],"replies":[{"embeddable":true,"href":"https:\/\/iglesiatijuana.org\/web\/wp-json\/wp\/v2\/comments?post=8529"}],"version-history":[{"count":1,"href":"https:\/\/iglesiatijuana.org\/web\/wp-json\/wp\/v2\/posts\/8529\/revisions"}],"predecessor-version":[{"id":8531,"href":"https:\/\/iglesiatijuana.org\/web\/wp-json\/wp\/v2\/posts\/8529\/revisions\/8531"}],"wp:featuredmedia":[{"embeddable":true,"href":"https:\/\/iglesiatijuana.org\/web\/wp-json\/wp\/v2\/media\/8530"}],"wp:attachment":[{"href":"https:\/\/iglesiatijuana.org\/web\/wp-json\/wp\/v2\/media?parent=8529"}],"wp:term":[{"taxonomy":"category","embeddable":true,"href":"https:\/\/iglesiatijuana.org\/web\/wp-json\/wp\/v2\/categories?post=8529"},{"taxonomy":"post_tag","embeddable":true,"href":"https:\/\/iglesiatijuana.org\/web\/wp-json\/wp\/v2\/tags?post=8529"}],"curies":[{"name":"wp","href":"https:\/\/api.w.org\/{rel}","templated":true}]}}