{"id":8637,"date":"2019-01-10T12:52:48","date_gmt":"2019-01-10T20:52:48","guid":{"rendered":"https:\/\/iglesiatijuana.org\/web\/?p=8637"},"modified":"2019-01-10T12:52:48","modified_gmt":"2019-01-10T20:52:48","slug":"celebra-apostolado-serra-de-tijuana-a-sacerdotes-emeritos","status":"publish","type":"post","link":"https:\/\/iglesiatijuana.org\/web\/celebra-apostolado-serra-de-tijuana-a-sacerdotes-emeritos\/","title":{"rendered":"Celebra Apostolado Serra de Tijuana a sacerdotes em\u00e9ritos"},"content":{"rendered":"<p style=\"text-align: justify;\">Pastoral de la Comunicaci\u00f3n.- Por m\u00e1s de dos d\u00e9cadas el Apostolado Serra conformado por laicos y laicas de la Arquidi\u00f3cesis de Tijuana, quienes se distinguen por su amor a la Iglesia, el apoyo y promoci\u00f3n a la vocaci\u00f3n sacerdotal se dieron cita el domingo 6 enero 2019, con el motivo de encontrarse y saludar en el A\u00f1o que inicia a los sacerdotes em\u00e9ritos de nuestra Iglesia particular, que de forma especial en este d\u00eda se celebra la Solemnidad de la Epifan\u00eda del Se\u00f1or.<\/p>\n<p style=\"text-align: justify;\">\n<p style=\"text-align: justify;\">Con un programa preparado para la ocasi\u00f3n, se les di\u00f3 la bienvenida a los 16 padres em\u00e9ritos que asistieron, contando con la presencia del Arzobispo em\u00e9rito Dn. Rafael Romo M. El ofrecimiento de este encuentro estuvo a cargo de la actual coordinadora la Sra. Cecilia de Gonz\u00e1lez, quien dirigi\u00f3 emotivo saludo y reconocimiento. Por su parte, el Sr. Arz. Dn. Francisco Moreno Barr\u00f3n, saludo a los sacerdotes presentes y bendijo los alimentos que comparti\u00f3 con los sacerdotes, \u00e1nimo al Apostolado Serra a seguir cultivando este testimonio de su amor a la Iglesia y a las vocaciones, especialmente en estos gestos fraternos con los padres em\u00e9ritos.<\/p>\n<p style=\"text-align: justify;\">\n<p style=\"text-align: justify;\">Al finalizar, se les entregaron algunos obsequios personales y disfrutaron de la convivencia y de ese momento de gracia y bendici\u00f3n a trav\u00e9s de la generosidad de los laicos.<\/p>\n","protected":false},"excerpt":{"rendered":"<p>Pastoral de la Comunicaci\u00f3n.- Por m\u00e1s de dos d\u00e9cadas el Apostolado Serra conformado por laicos y laicas de la Arquidi\u00f3cesis de Tijuana, quienes se distinguen por su amor a la Iglesia, el apoyo y&#46;&#46;&#46;<\/p>\n","protected":false},"author":7,"featured_media":8639,"comment_status":"closed","ping_status":"closed","sticky":false,"template":"","format":"standard","meta":{"_exactmetrics_skip_tracking":false,"_exactmetrics_sitenote_active":false,"_exactmetrics_sitenote_note":"","_exactmetrics_sitenote_category":0,"footnotes":""},"categories":[14],"tags":[],"class_list":["post-8637","post","type-post","status-publish","format-standard","has-post-thumbnail","hentry","category-ultimas-noticias"],"_links":{"self":[{"href":"https:\/\/iglesiatijuana.org\/web\/wp-json\/wp\/v2\/posts\/8637","targetHints":{"allow":["GET"]}}],"collection":[{"href":"https:\/\/iglesiatijuana.org\/web\/wp-json\/wp\/v2\/posts"}],"about":[{"href":"https:\/\/iglesiatijuana.org\/web\/wp-json\/wp\/v2\/types\/post"}],"author":[{"embeddable":true,"href":"https:\/\/iglesiatijuana.org\/web\/wp-json\/wp\/v2\/users\/7"}],"replies":[{"embeddable":true,"href":"https:\/\/iglesiatijuana.org\/web\/wp-json\/wp\/v2\/comments?post=8637"}],"version-history":[{"count":1,"href":"https:\/\/iglesiatijuana.org\/web\/wp-json\/wp\/v2\/posts\/8637\/revisions"}],"predecessor-version":[{"id":8640,"href":"https:\/\/iglesiatijuana.org\/web\/wp-json\/wp\/v2\/posts\/8637\/revisions\/8640"}],"wp:featuredmedia":[{"embeddable":true,"href":"https:\/\/iglesiatijuana.org\/web\/wp-json\/wp\/v2\/media\/8639"}],"wp:attachment":[{"href":"https:\/\/iglesiatijuana.org\/web\/wp-json\/wp\/v2\/media?parent=8637"}],"wp:term":[{"taxonomy":"category","embeddable":true,"href":"https:\/\/iglesiatijuana.org\/web\/wp-json\/wp\/v2\/categories?post=8637"},{"taxonomy":"post_tag","embeddable":true,"href":"https:\/\/iglesiatijuana.org\/web\/wp-json\/wp\/v2\/tags?post=8637"}],"curies":[{"name":"wp","href":"https:\/\/api.w.org\/{rel}","templated":true}]}}