{"id":864,"date":"2010-10-19T17:32:27","date_gmt":"2010-10-20T00:32:27","guid":{"rendered":"http:\/\/iglesiatijuana.org\/web\/esten-preparados-cenidos-y-con-las-lamparas-encendidas\/"},"modified":"2010-10-19T17:32:27","modified_gmt":"2010-10-20T00:32:27","slug":"esten-preparados-cenidos-y-con-las-lamparas-encendidas","status":"publish","type":"post","link":"https:\/\/iglesiatijuana.org\/web\/esten-preparados-cenidos-y-con-las-lamparas-encendidas\/","title":{"rendered":"Est\u00e9n preparados, ce\u00f1idos y con las l\u00e1mparas encendidas"},"content":{"rendered":"<p>Martes 19<br \/>   Evangelio: Lucas 12, 35-38<br \/>   Est&eacute;n preparados, ce&ntilde;idos y con las  l&aacute;mparas encendidas.&nbsp; Sean como los hombres que esperan el regreso de su  se&ntilde;or, que fue a una boda, para abrirle apenas llegue y llame a la puerta.&nbsp;&iexcl;Felices  los servidores a quienes el se&ntilde;or encuentra velando a su llegada! Les aseguro  que &eacute;l mismo recoger&aacute; su t&uacute;nica, los har&aacute; sentar a la mesa y se pondr&aacute; a  servirlos.&nbsp;&iexcl;Felices ellos, si el se&ntilde;or llega a medianoche o antes  del alba y los encuentra as&iacute;!&nbsp;<\/p>\n<p>   <img loading=\"lazy\" decoding=\"async\" src=\"file:\/\/\/C%7C\/Users\/Selene\/AppData\/Roaming\/Adobe\/Dreamweaver%209\/OfficeImageTemp\/clip_image001.gif\" alt=\"\" width=\"2\" height=\"34\" align=\"left\" \/><strong>ORATIO<\/strong><\/p>\n<p>   T&uacute; eres, Se&ntilde;or Jes&uacute;s, mi  paz. Ay&uacute;dame a comprender-lo no s&oacute;lo con la mente,  sino de un modo existencial, en el orden concreto de las  horas vividas no s&oacute;lo <em>para <\/em>ti, sino <em>junto <\/em>a ti. Que yo no caiga en el  embotamiento, seducido por seguridades s&oacute;lo materiales.  No permitas tampoco que me deje esclavizar por el  legalismo y el formalismo. Conc&eacute;deme un coraz&oacute;n  sereno, vigilante y despierto en el cumplimiento de todo lo que  complace al Padre.<br \/>   Derriba en m&iacute; todo muro de  divisi&oacute;n, toda intolerancia y enemistad, toda forma  -aunque sea larvada- &nbsp;de prevaricaci&oacute;n  y desamor. Con tu muerte en la cruz ha&nbsp;acogido a todos los hombres en tu coraz&oacute;n,  reconcili&aacute;n&shy;dolos con Dios dentro del &uacute;nico cuerpo que es la Iglesia. Hazme vivir; pues,  reconciliado, en la alegr&iacute;a de llegar a ser <em>&laquo;morada de Dios por medio del Esp&iacute;ritu&raquo;.<\/em><\/p>\n<p>&nbsp;<\/p>\n<p class=\"style1\"><strong>CONTEMPLATIO<\/strong><br \/>   Ven, luz verdadera.<br \/>   Ven, vida eterna.<br \/>   Ven, misterio escondido. Ven, realidad inexpresable. Ven, perenne exultaci&oacute;n.<br \/>   Ven, espera veraz de  cuantos ser&aacute;n salvados.<br \/>   Ven, resurrecci&oacute;n de los  muertos.<br \/>   Ven, alegr&iacute;a eterna.<br \/>   Ven, corona inmarcesible.<br \/>   Ven, t&uacute; a quien mi coraz&oacute;n  ha codiciado y codicia. Ven, t&uacute; que te has  convertido en mi deseo<br \/>   y has hecho que yo pueda  desearte.<br \/>   Ven, respiraci&oacute;n y vida m&iacute;a. Ven, consuelo m&iacute;o.<br \/>   Ven, alegr&iacute;a y gloria y  delicia sin fin<br \/>   (Sime&oacute;n el Nuevo Te&oacute;logo, <em>Inni  e preghiere, <\/em>Roma 1996, pp. 75ss).<br \/>   <strong>ACTIO<\/strong><br \/>   Repite con frecuencia y vive hoy la Palabra: <em>&laquo;Ven, Jes&uacute;s. S&eacute; para m&iacute;  paz y alegr&iacute;a&raquo;.<\/em><\/p>\n","protected":false},"excerpt":{"rendered":"<p>Martes 19 Evangelio: Lucas 12, 35-38 Est&eacute;n preparados, ce&ntilde;idos y con las l&aacute;mparas encendidas.&nbsp; Sean como los hombres que esperan el regreso de su se&ntilde;or, que fue a una boda, para abrirle apenas llegue&#46;&#46;&#46;<\/p>\n","protected":false},"author":3,"featured_media":0,"comment_status":"closed","ping_status":"open","sticky":false,"template":"","format":"standard","meta":{"_exactmetrics_skip_tracking":false,"_exactmetrics_sitenote_active":false,"_exactmetrics_sitenote_note":"","_exactmetrics_sitenote_category":0,"footnotes":""},"categories":[20],"tags":[],"class_list":["post-864","post","type-post","status-publish","format-standard","hentry","category-evangelio-del-dia"],"_links":{"self":[{"href":"https:\/\/iglesiatijuana.org\/web\/wp-json\/wp\/v2\/posts\/864","targetHints":{"allow":["GET"]}}],"collection":[{"href":"https:\/\/iglesiatijuana.org\/web\/wp-json\/wp\/v2\/posts"}],"about":[{"href":"https:\/\/iglesiatijuana.org\/web\/wp-json\/wp\/v2\/types\/post"}],"author":[{"embeddable":true,"href":"https:\/\/iglesiatijuana.org\/web\/wp-json\/wp\/v2\/users\/3"}],"replies":[{"embeddable":true,"href":"https:\/\/iglesiatijuana.org\/web\/wp-json\/wp\/v2\/comments?post=864"}],"version-history":[{"count":0,"href":"https:\/\/iglesiatijuana.org\/web\/wp-json\/wp\/v2\/posts\/864\/revisions"}],"wp:attachment":[{"href":"https:\/\/iglesiatijuana.org\/web\/wp-json\/wp\/v2\/media?parent=864"}],"wp:term":[{"taxonomy":"category","embeddable":true,"href":"https:\/\/iglesiatijuana.org\/web\/wp-json\/wp\/v2\/categories?post=864"},{"taxonomy":"post_tag","embeddable":true,"href":"https:\/\/iglesiatijuana.org\/web\/wp-json\/wp\/v2\/tags?post=864"}],"curies":[{"name":"wp","href":"https:\/\/api.w.org\/{rel}","templated":true}]}}