{"id":8730,"date":"2019-02-11T10:32:16","date_gmt":"2019-02-11T18:32:16","guid":{"rendered":"https:\/\/iglesiatijuana.org\/web\/?p=8730"},"modified":"2019-02-11T10:32:16","modified_gmt":"2019-02-11T18:32:16","slug":"en-la-oracion-y-accion-de-la-iglesia-estan-los-enfermos-ntra-sra-de-lourdes-ruega-por-ellos","status":"publish","type":"post","link":"https:\/\/iglesiatijuana.org\/web\/en-la-oracion-y-accion-de-la-iglesia-estan-los-enfermos-ntra-sra-de-lourdes-ruega-por-ellos\/","title":{"rendered":"En la oraci\u00f3n y acci\u00f3n de la Iglesia est\u00e1n los enfermos: Ntra. Sra. de Lourdes, \u201cRuega por ellos\u201d"},"content":{"rendered":"<p style=\"text-align: justify;\">Pastoral de la Comunicaci\u00f3n.- \u201cMe gustar\u00eda animar a todos los enfermos, a las personas que sufren, a los m\u00e9dicos, enfermeras, familiares y a los voluntarios a que vean en Mar\u00eda, Salud de los enfermos, a aquella que es para todos los seres humanos garante de la ternura del amor de Dios y modelo de abandono a su voluntad\u201d. Eran las palabras del mensaje del Papa Francisco en la Jornada Mundial del Enfermo que se realizaba en el Santuario de Ntra. Sra. de Lourdes.<\/p>\n<p style=\"text-align: justify;\">\n<p style=\"text-align: justify;\">Es bajo este t\u00edtulo que se le da a la Sant\u00edsima Virgen Mar\u00eda venerada en honor de las apariciones marianas que ocurrieron en 1858 en las cercan\u00edas de Lourdes en Francia. La primera de ellas es la aparici\u00f3n del 11 de febrero de 1858, cuando Bernadette Soubirous, de 14 a\u00f1os, le dijo a su madre que una &#8220;dama&#8221; hablaba con ella en la cueva de Massabielle mientras ella recog\u00eda le\u00f1a con su hermana y un amigo.<\/p>\n<p style=\"text-align: justify;\">\n<p style=\"text-align: justify;\">Nuestra Se\u00f1ora de Lourdes tiene una tradici\u00f3n arraigada de milagros atribuidos a su intercesi\u00f3n de sanaciones de problemas de salud y en favor de personas desahuciadas, por lo que es la patrona de los enfermos. <a href=\"https:\/\/www.vaticannews.va\/es\/iglesia\/news\/2019-02\/jornada-mundial-enfermos-roma-calcuta-india-virgen-lourdes-11feb.html\">Este 2019 el D\u00eda Mundial del Enfermo se celebra de modo especial en India y Roma<\/a><\/p>\n<p style=\"text-align: justify;\">\n<p style=\"text-align: justify;\">A este prop\u00f3sito, podemos traer a la memoria alguno referentes del Obispo de Roma sobre la realidad del sufrimiento, la enfermedad, el dolor y el sentido del mismo:<\/p>\n<p style=\"text-align: justify;\">\n<p style=\"text-align: justify;\"><strong>De frente a la enfermedad<\/strong><\/p>\n<p style=\"text-align: justify;\">\u00abEl modo en que vivimos la enfermedad y la discapacidad es signo del amor que estamos dispuestos a ofrecer. El modo en que afrontamos el sufrimiento y la limitaci\u00f3n es el criterio de nuestra libertad de dar sentido a las experiencias de la vida, aun cuando nos parezcan absurdas e inmerecidas\u00bb. (<em>Papa Francisco, homil\u00eda Jubileo de los Enfermos y Discapacitados, 12 junio de 2016<\/em>).<\/p>\n<p style=\"text-align: justify;\">\n<p style=\"text-align: justify;\"><strong>Sobre la <\/strong><strong>aceptaci\u00f3n del sufrimiento<\/strong><\/p>\n<p style=\"text-align: justify;\">\u00abCon qu\u00e9 falsedad vive el hombre de hoy al cerrar los ojos ante la enfermedad y la discapacidad. No comprende el verdadero sentido de la vida, que incluye tambi\u00e9n la aceptaci\u00f3n del sufrimiento y de la limitaci\u00f3n. El mundo no ser\u00e1 mejor cuando este compuesto solamente por personas aparentemente \u00abperfectas\u00bb, sino cuando crezca la solidaridad entre los seres humanos, la aceptaci\u00f3n y el respeto mutuo\u00bb. (<em>Papa Francisco, homil\u00eda Jubileo de los Enfermos y Discapacitados, 12 junio de 2016<\/em>).<\/p>\n<p style=\"text-align: justify;\"><strong>\u00a0<\/strong><\/p>\n<p style=\"text-align: justify;\"><strong>Dios nos comprende en la enfermedad<\/strong><\/p>\n<p style=\"text-align: justify;\">\u00abJes\u00fas es el m\u00e9dico que cura con la medicina del amor, porque toma sobre s\u00ed nuestro sufrimiento y lo redime. Nosotros sabemos que Dios comprende nuestra enfermedad, porque \u00e9l mismo la ha experimentado en primera persona\u00bb (cf. Hb 4,5). (<em>Papa Francisco, homil\u00eda Jubileo de los Enfermos y Discapacitados, 12 junio de 2016<\/em>).<\/p>\n<p style=\"text-align: justify;\">\n<p style=\"text-align: justify;\"><strong>Una misi\u00f3n para los enfermos<\/strong><\/p>\n<p style=\"text-align: justify;\">\u00abLos enfermos, como las personas que tienen una discapacidad incluso muy grave, tienen una dignidad inalienable y una misi\u00f3n en la vida y nunca se convierten en simples objetos, aunque a veces puedan parecer meramente pasivos, pero en realidad nunca es as\u00ed\u00bb. (<em>Mensaje del Papa Francisco con motivo de la XXV Jornada Mundial del Enfermo, que se celebr\u00f3 el 11 de febrero<\/em>).<\/p>\n<p style=\"text-align: justify;\"><em>\u00a0<\/em><\/p>\n<p style=\"text-align: justify;\"><strong>L<\/strong><strong>a paradoja del dolor<\/strong><\/p>\n<p style=\"text-align: justify;\">\u00abLa enfermedad, sobre todo cuando es grave, pone siempre en crisis la existencia humana y nos plantea grandes interrogantes. La primera reacci\u00f3n puede ser de rebeld\u00eda: \u00bfPor qu\u00e9 me ha sucedido precisamente a m\u00ed? Podemos sentirnos desesperados, pensar que todo est\u00e1 perdido y que ya nada tiene sentido\u2026 En esta situaci\u00f3n, por una parte la fe en Dios se pone a prueba, pero al mismo tiempo revela toda su fuerza positiva. No porque la fe haga desaparecer la enfermedad, el dolor o los interrogantes que plantea, sino porque nos ofrece una clave con la que podemos descubrir el sentido m\u00e1s profundo de lo que estamos viviendo\u00bb. (<em>Papa Francisco, Jornada Mundial del Enfermo 2016<\/em>).<\/p>\n","protected":false},"excerpt":{"rendered":"<p>Pastoral de la Comunicaci\u00f3n.- \u201cMe gustar\u00eda animar a todos los enfermos, a las personas que sufren, a los m\u00e9dicos, enfermeras, familiares y a los voluntarios a que vean en Mar\u00eda, Salud de los enfermos,&#46;&#46;&#46;<\/p>\n","protected":false},"author":7,"featured_media":8731,"comment_status":"closed","ping_status":"closed","sticky":false,"template":"","format":"standard","meta":{"_exactmetrics_skip_tracking":false,"_exactmetrics_sitenote_active":false,"_exactmetrics_sitenote_note":"","_exactmetrics_sitenote_category":0,"footnotes":""},"categories":[14],"tags":[],"class_list":["post-8730","post","type-post","status-publish","format-standard","has-post-thumbnail","hentry","category-ultimas-noticias"],"_links":{"self":[{"href":"https:\/\/iglesiatijuana.org\/web\/wp-json\/wp\/v2\/posts\/8730","targetHints":{"allow":["GET"]}}],"collection":[{"href":"https:\/\/iglesiatijuana.org\/web\/wp-json\/wp\/v2\/posts"}],"about":[{"href":"https:\/\/iglesiatijuana.org\/web\/wp-json\/wp\/v2\/types\/post"}],"author":[{"embeddable":true,"href":"https:\/\/iglesiatijuana.org\/web\/wp-json\/wp\/v2\/users\/7"}],"replies":[{"embeddable":true,"href":"https:\/\/iglesiatijuana.org\/web\/wp-json\/wp\/v2\/comments?post=8730"}],"version-history":[{"count":1,"href":"https:\/\/iglesiatijuana.org\/web\/wp-json\/wp\/v2\/posts\/8730\/revisions"}],"predecessor-version":[{"id":8732,"href":"https:\/\/iglesiatijuana.org\/web\/wp-json\/wp\/v2\/posts\/8730\/revisions\/8732"}],"wp:featuredmedia":[{"embeddable":true,"href":"https:\/\/iglesiatijuana.org\/web\/wp-json\/wp\/v2\/media\/8731"}],"wp:attachment":[{"href":"https:\/\/iglesiatijuana.org\/web\/wp-json\/wp\/v2\/media?parent=8730"}],"wp:term":[{"taxonomy":"category","embeddable":true,"href":"https:\/\/iglesiatijuana.org\/web\/wp-json\/wp\/v2\/categories?post=8730"},{"taxonomy":"post_tag","embeddable":true,"href":"https:\/\/iglesiatijuana.org\/web\/wp-json\/wp\/v2\/tags?post=8730"}],"curies":[{"name":"wp","href":"https:\/\/api.w.org\/{rel}","templated":true}]}}