{"id":8859,"date":"2019-03-01T12:31:56","date_gmt":"2019-03-01T20:31:56","guid":{"rendered":"https:\/\/iglesiatijuana.org\/web\/?p=8859"},"modified":"2019-03-01T12:31:56","modified_gmt":"2019-03-01T20:31:56","slug":"visita-al-santo-padre-francisco-y-primeras-consideraciones-sobre-el-encuentro-de-proteccion-de-menores-en-roma","status":"publish","type":"post","link":"https:\/\/iglesiatijuana.org\/web\/visita-al-santo-padre-francisco-y-primeras-consideraciones-sobre-el-encuentro-de-proteccion-de-menores-en-roma\/","title":{"rendered":"Visita al Santo Padre Francisco y Primeras consideraciones sobre el Encuentro de Protecci\u00f3n de menores en Roma"},"content":{"rendered":"<p style=\"text-align: right;\">Ciudad de Roma, Italia, a 1 de marzo de 2019.<\/p>\n<p>&nbsp;<\/p>\n<p>&nbsp;<\/p>\n<p style=\"text-align: center;\"><strong>Visita al Santo Padre Francisco y<\/strong><\/p>\n<p style=\"text-align: center;\"><strong>Primeras consideraciones sobre el<\/strong><\/p>\n<p style=\"text-align: center;\"><strong>Encuentro de Protecci\u00f3n de menores en Roma<\/strong><\/p>\n<p>&nbsp;<\/p>\n<p>A todo el pueblo de Dios que peregrina en M\u00e9xico, y a todos los hombres y mujeres de buena voluntad.<\/p>\n<p>Reciban un cordial saludo en Nuestro Se\u00f1or Jesucristo. Hemos conclu\u00eddo nuestra participaci\u00f3n en el Encuentro sobre la Protecci\u00f3n del Menor en la Iglesia, convocados por el Papa Francisco para erradicar el grav\u00edsimo problema del abuso sexual por parte del clero.<\/p>\n<p>Como Conferencia del Episcopado Mexicano, es importante compartir con el pueblo de Dios y toda sociedad, las primeras consideraciones acerca de este encuentro:<\/p>\n<p>&nbsp;<\/p>\n<ol>\n<li style=\"text-align: justify;\"><strong>Situarnos a favor\u00a0\u00a0de las V\u00edctimas: <\/strong>hemos escuchado a algunas v\u00edctimas, palpado su dolor y nos duele profundamente el da\u00f1o causado como Iglesia. No es suficiente pedir perd\u00f3n, es necesario un cambio de perspectiva. Poner a la v\u00edctima en primer lugar, escucharla, comprenderla, acompa\u00f1arla y comprometernos en su proceso de sanaci\u00f3n, promoviendo que en las di\u00f3cesis se lleven a cabo los procesos de denuncia civil, ofreciendo toda la cooperaci\u00f3n eclesial para colaborar con la autoridad ministerial.<\/li>\n<li style=\"text-align: justify;\"><strong>Formaci\u00f3n de Sacerdotes<\/strong>: Como Iglesia reforzaremos, apoyados por especialistas, la selecci\u00f3n y la formaci\u00f3n de nuestros sacerdotes, desde su ingreso al seminario, acompa\u00f1ando su proceso formativo y permanente, a fin de lograr una vivencia plena de su vocaci\u00f3n, y de evitar tener sacerdotes que sean o representen un riesgo para los menores y para las personas vulnerables.<\/li>\n<li style=\"text-align: justify;\"><strong>Disposiciones para las Conferencias Episcopales: <\/strong>El Papa Francisco ha dado la indicaci\u00f3n de reforzar y verificar las directrices de las Conferencias Episcopales elev\u00e1ndolas a un rango normativo, no solo indicativo. En el caso particular de M\u00e9xico, ahora le corresponder\u00e1 a la CEM apoyar, supervisar y verificar en cada una de las di\u00f3cesis, el cumplimiento, por una parte, de los procedimientos can\u00f3nicos establecidos, estos \u00faltimos de acuerdo a las\u00a0<em>L\u00edneas Gu\u00edas<\/em>, aprobadas por los obispos de M\u00e9xico, y validadas por la Santa Sede; y por otra, el Protocolo de aplicaci\u00f3n civil, conforme a la legislaci\u00f3n sustantiva y adjetiva penal de los diferentes Estados de la Rep\u00fablica.<\/li>\n<li style=\"text-align: justify;\"><strong>Estos son solo tres puntos concretos<\/strong> que implementaremos inmediatamente, y el pr\u00f3ximo martes 5 de marzo, daremos a conocer nuevas acciones que realizaremos a corto plazo.<\/li>\n<\/ol>\n<p>&nbsp;<\/p>\n<p>&nbsp;<\/p>\n<p style=\"text-align: justify;\">Regresamos a nuestra querida patria el d\u00eda 3 de marzo, despu\u00e9s de haber tenido la enorme gracia de encontrarnos con el Santo Padre en Audiencia Privada, donde platicamos sobre los siguientes puntos:<\/p>\n<ul>\n<li>Le llevamos, en primer lugar, el cari\u00f1oso saludo de parte del pueblo mexicano, que lo recuerda constantemente en la oraci\u00f3n, y lo encomienda a nuestra Se\u00f1ora de Guadalupe, en su importante misi\u00f3n universal.<\/li>\n<li>Le reiteramos el aprecio, apoyo y fidelidad de todos los hermanos en el episcopado.<\/li>\n<li>Le entregamos un ejemplar del Proyecto Global de Pastoral 2031- 2033, que encomend\u00f3 a los obispos mexicanos durante su visita apost\u00f3lica a nuestro Pa\u00eds en febrero de 2016.<\/li>\n<li>Platicamos sobre la experiencia de la participaci\u00f3n del Presidente de la CEM, en el Encuentro de Protecci\u00f3n de menores, y todas las acciones recomendadas.<\/li>\n<li>Dialogamos sobre la realidad que viven los hermanos migrantes en su dif\u00edcil paso a trav\u00e9s de nuestro territorio nacional, y la ayuda que les brinda la Iglesia.<\/li>\n<li>Y finalmente le compartimos el trabajo que hace la Iglesia cat\u00f3lica, especialmente en el tema de construcci\u00f3n de paz en M\u00e9xico.<\/li>\n<\/ul>\n<p>&nbsp;<\/p>\n<p style=\"text-align: justify;\">El Papa Francisco, por su parte, ha escuchado y dialogado atentamente con nosotros, y nos ha pedido dar un saludo de coraz\u00f3n a todo el Pueblo Mexicano, a quien paternalmente ha enviado su bendici\u00f3n.<\/p>\n<p style=\"text-align: justify;\">Encomendemos en nuestra oraci\u00f3n a todas las v\u00edctimas de abuso sexual en M\u00e9xico y en el mundo, para que Nuestro Se\u00f1or Jesucristo y Santa Mar\u00eda de Guadalupe, reconforten su dolor, sanen sus heridas, y ayuden a nosotros sus pastores, a actuar en primer lugar, con la m\u00e1xima responsabilidad para reflejar el verdadero rostro de la Iglesia, que es un rostro de justicia, de amor, de verdad, y sobre todo de protecci\u00f3n por todo el reba\u00f1o.<\/p>\n<p>&nbsp;<\/p>\n<p>&nbsp;<\/p>\n<p style=\"text-align: center;\"><strong>+Rogelio Cabrera L\u00f3pez.\u00a0<\/strong><\/p>\n<p style=\"text-align: center;\">Arzobispo de Monterrey y<\/p>\n<p style=\"text-align: center;\">Presidente de la CEM<\/p>\n<p style=\"text-align: center;\">\n<p style=\"text-align: center;\"><strong>+Alfonso G. Miranda Guardiola<\/strong><\/p>\n<p style=\"text-align: center;\">Obispo Auxiliar de Monterrey y<\/p>\n<p style=\"text-align: center;\">Secretario General de la CEM.<\/p>\n","protected":false},"excerpt":{"rendered":"<p>Ciudad de Roma, Italia, a 1 de marzo de 2019. &nbsp; &nbsp; Visita al Santo Padre Francisco y Primeras consideraciones sobre el Encuentro de Protecci\u00f3n de menores en Roma &nbsp; A todo el pueblo&#46;&#46;&#46;<\/p>\n","protected":false},"author":7,"featured_media":8860,"comment_status":"closed","ping_status":"closed","sticky":false,"template":"","format":"standard","meta":{"_exactmetrics_skip_tracking":false,"_exactmetrics_sitenote_active":false,"_exactmetrics_sitenote_note":"","_exactmetrics_sitenote_category":0,"footnotes":""},"categories":[14],"tags":[],"class_list":["post-8859","post","type-post","status-publish","format-standard","has-post-thumbnail","hentry","category-ultimas-noticias"],"_links":{"self":[{"href":"https:\/\/iglesiatijuana.org\/web\/wp-json\/wp\/v2\/posts\/8859","targetHints":{"allow":["GET"]}}],"collection":[{"href":"https:\/\/iglesiatijuana.org\/web\/wp-json\/wp\/v2\/posts"}],"about":[{"href":"https:\/\/iglesiatijuana.org\/web\/wp-json\/wp\/v2\/types\/post"}],"author":[{"embeddable":true,"href":"https:\/\/iglesiatijuana.org\/web\/wp-json\/wp\/v2\/users\/7"}],"replies":[{"embeddable":true,"href":"https:\/\/iglesiatijuana.org\/web\/wp-json\/wp\/v2\/comments?post=8859"}],"version-history":[{"count":1,"href":"https:\/\/iglesiatijuana.org\/web\/wp-json\/wp\/v2\/posts\/8859\/revisions"}],"predecessor-version":[{"id":8862,"href":"https:\/\/iglesiatijuana.org\/web\/wp-json\/wp\/v2\/posts\/8859\/revisions\/8862"}],"wp:featuredmedia":[{"embeddable":true,"href":"https:\/\/iglesiatijuana.org\/web\/wp-json\/wp\/v2\/media\/8860"}],"wp:attachment":[{"href":"https:\/\/iglesiatijuana.org\/web\/wp-json\/wp\/v2\/media?parent=8859"}],"wp:term":[{"taxonomy":"category","embeddable":true,"href":"https:\/\/iglesiatijuana.org\/web\/wp-json\/wp\/v2\/categories?post=8859"},{"taxonomy":"post_tag","embeddable":true,"href":"https:\/\/iglesiatijuana.org\/web\/wp-json\/wp\/v2\/tags?post=8859"}],"curies":[{"name":"wp","href":"https:\/\/api.w.org\/{rel}","templated":true}]}}