{"id":8905,"date":"2019-03-11T14:11:59","date_gmt":"2019-03-11T21:11:59","guid":{"rendered":"https:\/\/iglesiatijuana.org\/web\/?p=8905"},"modified":"2019-03-11T14:11:59","modified_gmt":"2019-03-11T21:11:59","slug":"mensaje-para-la-56a-jornada-mundial-de-las-vocaciones-2019-la-llamada-del-senor-no-es-una-intromision-de-dios-en-nuestra-libertad","status":"publish","type":"post","link":"https:\/\/iglesiatijuana.org\/web\/mensaje-para-la-56a-jornada-mundial-de-las-vocaciones-2019-la-llamada-del-senor-no-es-una-intromision-de-dios-en-nuestra-libertad\/","title":{"rendered":"Mensaje para la 56\u00aa Jornada Mundial de las Vocaciones 2019, \u201cla llamada del Se\u00f1or no es una intromisi\u00f3n de Dios en nuestra libertad\u201d"},"content":{"rendered":"<p style=\"text-align: justify;\">Pastoral de la Comunicaci\u00f3n.- En el Mensaje con ocasi\u00f3n de la 56\u00aa Jornada Mundial de Oraci\u00f3n por las Vocaciones, el Papa Francisco subraya que la llamada del Se\u00f1or, \u201cno es una intromisi\u00f3n de Dios en nuestra libertad. Subrayando <em>\u00a0<\/em>que \u201cla vocaci\u00f3n es una invitaci\u00f3n a no quedarnos en la orilla con las redes en la mano, sino a seguir a Jes\u00fas por el camino que ha pensado para nosotros, para nuestra felicidad y para el bien de los que nos rodean\u201d.<\/p>\n<p style=\"text-align: justify;\">\n<p style=\"text-align: justify;\">El Mensaje, retoma como punto de reflexi\u00f3n lo que comparti\u00f3 con los j\u00f3venes en Panam\u00e1 en la 34\u00aa Jornada Mundial de la Juventud centrando en \u201cc\u00f3mo la llamada del Se\u00f1or nos hace portadores de una promesa y, al mismo tiempo, nos pide la valent\u00eda de arriesgarnos con \u00e9l y por \u00e9l\u201d. \u00a0Y para ello el obispo de Roma se basa en \u201cla escena evang\u00e9lica de la llamada de los primeros disc\u00edpulos en el lago de Galilea\u201d (<em>Mc<\/em> 1,16-20), en las que a veces se obtiene una buena pesca, otras veces, en cambio, hay que \u201carmarse de valor para pilotar una barca golpeada por las olas, o hay que lidiar con la frustraci\u00f3n de verse con las redes vac\u00edas\u201d, expresa el Papa Francisco.<\/p>\n<p style=\"text-align: justify;\">\n<p style=\"text-align: justify;\">Adem\u00e1s, explica que la llamada del Se\u00f1or, \u201cno es una intromisi\u00f3n de Dios en nuestra libertad; no es una \u2018jaula\u2019 \u00a0sino que al contrario, \u201ces la iniciativa amorosa con la que Dios viene a nuestro encuentro\u201d para invitarnos a ser parte \u00a0de \u201cgran proyecto\u201d, \u201cmostr\u00e1ndonos en el horizonte un mar m\u00e1s amplio y una pesca sobreabundante\u201d.<\/p>\n<p style=\"text-align: justify;\">\n<p style=\"text-align: justify;\">Necesario para abrazar la vocaci\u00f3n es \u201cel valor de arriesgarse y decidir\u201d e implicarnos \u201ccon todo nuestro ser y correr el riesgo de enfrentarnos a un desaf\u00edo desconocido\u201d \u2013 agrega el Santo Padre porque \u201ccuando estamos ante el vasto mar de la vocaci\u00f3n, no podemos quedarnos a reparar nuestras redes, en la barca que nos da seguridad, sino que debemos fiarnos de la promesa del Se\u00f1or\u201d. Al tiempo que explica que la vida cristiana se expresa en elecciones \u201cque dan una direcci\u00f3n precisa a nuestra navegaci\u00f3n\u201d, y \u201ccontribuyen al crecimiento del Reino de Dios en la sociedad\u201d.<\/p>\n<p style=\"text-align: justify;\">\n<p style=\"text-align: justify;\">En efecto, el Papa Francisco exhorta a los j\u00f3venes a que no se dejen contagiar por el miedo que paraliza ante las altas cumbres que el Se\u00f1or nos propone. Por el contrario, la Iglesia ofrece a los j\u00f3venes escucha y discernimiento y especialmente mantener fija la mirada en Mar\u00eda.<\/p>\n<p style=\"text-align: justify;\">\n","protected":false},"excerpt":{"rendered":"<p>Pastoral de la Comunicaci\u00f3n.- En el Mensaje con ocasi\u00f3n de la 56\u00aa Jornada Mundial de Oraci\u00f3n por las Vocaciones, el Papa Francisco subraya que la llamada del Se\u00f1or, \u201cno es una intromisi\u00f3n de Dios&#46;&#46;&#46;<\/p>\n","protected":false},"author":7,"featured_media":8906,"comment_status":"closed","ping_status":"closed","sticky":false,"template":"","format":"standard","meta":{"_exactmetrics_skip_tracking":false,"_exactmetrics_sitenote_active":false,"_exactmetrics_sitenote_note":"","_exactmetrics_sitenote_category":0,"footnotes":""},"categories":[14],"tags":[],"class_list":["post-8905","post","type-post","status-publish","format-standard","has-post-thumbnail","hentry","category-ultimas-noticias"],"_links":{"self":[{"href":"https:\/\/iglesiatijuana.org\/web\/wp-json\/wp\/v2\/posts\/8905","targetHints":{"allow":["GET"]}}],"collection":[{"href":"https:\/\/iglesiatijuana.org\/web\/wp-json\/wp\/v2\/posts"}],"about":[{"href":"https:\/\/iglesiatijuana.org\/web\/wp-json\/wp\/v2\/types\/post"}],"author":[{"embeddable":true,"href":"https:\/\/iglesiatijuana.org\/web\/wp-json\/wp\/v2\/users\/7"}],"replies":[{"embeddable":true,"href":"https:\/\/iglesiatijuana.org\/web\/wp-json\/wp\/v2\/comments?post=8905"}],"version-history":[{"count":1,"href":"https:\/\/iglesiatijuana.org\/web\/wp-json\/wp\/v2\/posts\/8905\/revisions"}],"predecessor-version":[{"id":8907,"href":"https:\/\/iglesiatijuana.org\/web\/wp-json\/wp\/v2\/posts\/8905\/revisions\/8907"}],"wp:featuredmedia":[{"embeddable":true,"href":"https:\/\/iglesiatijuana.org\/web\/wp-json\/wp\/v2\/media\/8906"}],"wp:attachment":[{"href":"https:\/\/iglesiatijuana.org\/web\/wp-json\/wp\/v2\/media?parent=8905"}],"wp:term":[{"taxonomy":"category","embeddable":true,"href":"https:\/\/iglesiatijuana.org\/web\/wp-json\/wp\/v2\/categories?post=8905"},{"taxonomy":"post_tag","embeddable":true,"href":"https:\/\/iglesiatijuana.org\/web\/wp-json\/wp\/v2\/tags?post=8905"}],"curies":[{"name":"wp","href":"https:\/\/api.w.org\/{rel}","templated":true}]}}