{"id":9082,"date":"2019-04-09T11:54:47","date_gmt":"2019-04-09T18:54:47","guid":{"rendered":"https:\/\/iglesiatijuana.org\/web\/?p=9082"},"modified":"2019-04-09T11:54:47","modified_gmt":"2019-04-09T18:54:47","slug":"los-jovenes-influencer-de-dios-para-vivir-la-semana-santa","status":"publish","type":"post","link":"https:\/\/iglesiatijuana.org\/web\/los-jovenes-influencer-de-dios-para-vivir-la-semana-santa\/","title":{"rendered":"Los J\u00f3venes \u201cinfluencer\u201d de Dios, para vivir la Semana Santa"},"content":{"rendered":"<p style=\"text-align: justify;\">Pastoral de la Comunicaci\u00f3n.-El Pont\u00edfice en la Jornada mundial de la Juventud en Panam\u00e1 explic\u00f3 que Mar\u00eda fue una joven con una fuerza tal que acept\u00f3 la voluntad de Dios, que fue m\u00e1s all\u00e1 del \u201cvamos a probar a ver qu\u00e9 pasa\u201d.\u00a0 <strong>Fue el \u201cs\u00ed\u201d de quien quiere comprometerse y arriesgar, de quien quiere apostarlo todo, sin m\u00e1s seguridad que la certeza de saber que era portadora de una promesa<\/strong><strong>\u201d.<\/strong><\/p>\n<p style=\"text-align: justify;\"><strong>\u00a0<\/strong><\/p>\n<p style=\"text-align: justify;\">Una joven que \u201ctendr\u00eda complicaciones, ciertamente, pero no ser\u00edan las mismas complicaciones que se producen cuando la cobard\u00eda nos paraliza por no tener todo claro o asegurado de antemano, resalt\u00f3 el Obispo de Roma. Por ello, la Semana Santa y en ella el sentido de la Pascua para el joven presenta una oportunidad para atreverse a ser distintos, a mostrar otros sue\u00f1os que este mundo no ofrece, a testimo\u00adniar la belleza de la generosidad, del servicio, de la pureza, de la fortaleza, del perd\u00f3n, de la fidelidad a la propia vocaci\u00f3n, de la oraci\u00f3n, de la lucha por la justicia y el bien com\u00fan, del amor a los pobres, de la amistad social.<\/p>\n<p style=\"text-align: justify;\">\n<p style=\"text-align: justify;\">As\u00ed, los J\u00f3venes pueden ser \u201cinfluencer\u201d de Dios a trav\u00e9s de la vivencia de Semana Santa, apelando a diversas razones:<\/p>\n<p style=\"text-align: justify;\">1.-Porque la Semana Santa es un espacio celebrativo y vivencial adecua\u00addo para el encuentro con otros j\u00f3venes, que in\u00adtentan vivir su adhesi\u00f3n a Jes\u00fas de una forma madura y razonada.<\/p>\n<p style=\"text-align: justify;\">2.-Porque la experiencia personal del misterio de la Muerte y la Resurrecci\u00f3n del Se\u00f1or es esencial para conseguir una identidad cristiana juvenil, que se enganche a la vida des\u00adde la opci\u00f3n por Jes\u00fas.<\/p>\n<p style=\"text-align: justify;\">3.-Porque si miramos la historia de muchas personas dedica\u00addas desde su seguimiento de Jes\u00fas a la Pas\u00adtoral de Juventud, nos damos cuenta de que las celebraciones pascuales les han ayudado a fundamentar su fe en Dios, desde la experien\u00adcia.<\/p>\n<p style=\"text-align: justify;\">4.-Porque tenemos que conseguir que nuestros j\u00f3venes descubran que Jes\u00fas entreg\u00f3 su vida por cada uno de ellos, de todos, y que desde la experiencia de la Resurrecci\u00f3n nos llama personalmente a tra\u00adbajar por la construcci\u00f3n de su Reino, del Rei\u00adno de los \u00faltimos.<\/p>\n<p><a href=\"https:\/\/iglesiatijuana.org\/web\/wp-content\/uploads\/2019\/04\/Untitled-1-2.jpg\" data-rel=\"lightbox-image-0\" data-rl_title=\"\" data-rl_caption=\"\" title=\"\"><img loading=\"lazy\" decoding=\"async\" class=\"alignnone size-full wp-image-9083\" src=\"https:\/\/iglesiatijuana.org\/web\/wp-content\/uploads\/2019\/04\/Untitled-1-2.jpg\" alt=\"\" width=\"720\" height=\"340\" srcset=\"https:\/\/iglesiatijuana.org\/web\/wp-content\/uploads\/2019\/04\/Untitled-1-2.jpg 720w, https:\/\/iglesiatijuana.org\/web\/wp-content\/uploads\/2019\/04\/Untitled-1-2-300x142.jpg 300w, https:\/\/iglesiatijuana.org\/web\/wp-content\/uploads\/2019\/04\/Untitled-1-2-520x245.jpg 520w\" sizes=\"auto, (max-width: 720px) 100vw, 720px\" \/><\/a><\/p>\n","protected":false},"excerpt":{"rendered":"<p>Pastoral de la Comunicaci\u00f3n.-El Pont\u00edfice en la Jornada mundial de la Juventud en Panam\u00e1 explic\u00f3 que Mar\u00eda fue una joven con una fuerza tal que acept\u00f3 la voluntad de Dios, que fue m\u00e1s all\u00e1&#46;&#46;&#46;<\/p>\n","protected":false},"author":101012,"featured_media":9083,"comment_status":"closed","ping_status":"closed","sticky":false,"template":"","format":"standard","meta":{"_exactmetrics_skip_tracking":false,"_exactmetrics_sitenote_active":false,"_exactmetrics_sitenote_note":"","_exactmetrics_sitenote_category":0,"footnotes":""},"categories":[20,14],"tags":[],"class_list":["post-9082","post","type-post","status-publish","format-standard","has-post-thumbnail","hentry","category-evangelio-del-dia","category-ultimas-noticias"],"_links":{"self":[{"href":"https:\/\/iglesiatijuana.org\/web\/wp-json\/wp\/v2\/posts\/9082","targetHints":{"allow":["GET"]}}],"collection":[{"href":"https:\/\/iglesiatijuana.org\/web\/wp-json\/wp\/v2\/posts"}],"about":[{"href":"https:\/\/iglesiatijuana.org\/web\/wp-json\/wp\/v2\/types\/post"}],"author":[{"embeddable":true,"href":"https:\/\/iglesiatijuana.org\/web\/wp-json\/wp\/v2\/users\/101012"}],"replies":[{"embeddable":true,"href":"https:\/\/iglesiatijuana.org\/web\/wp-json\/wp\/v2\/comments?post=9082"}],"version-history":[{"count":1,"href":"https:\/\/iglesiatijuana.org\/web\/wp-json\/wp\/v2\/posts\/9082\/revisions"}],"predecessor-version":[{"id":9084,"href":"https:\/\/iglesiatijuana.org\/web\/wp-json\/wp\/v2\/posts\/9082\/revisions\/9084"}],"wp:featuredmedia":[{"embeddable":true,"href":"https:\/\/iglesiatijuana.org\/web\/wp-json\/wp\/v2\/media\/9083"}],"wp:attachment":[{"href":"https:\/\/iglesiatijuana.org\/web\/wp-json\/wp\/v2\/media?parent=9082"}],"wp:term":[{"taxonomy":"category","embeddable":true,"href":"https:\/\/iglesiatijuana.org\/web\/wp-json\/wp\/v2\/categories?post=9082"},{"taxonomy":"post_tag","embeddable":true,"href":"https:\/\/iglesiatijuana.org\/web\/wp-json\/wp\/v2\/tags?post=9082"}],"curies":[{"name":"wp","href":"https:\/\/api.w.org\/{rel}","templated":true}]}}