{"id":9182,"date":"2019-04-17T15:33:16","date_gmt":"2019-04-17T22:33:16","guid":{"rendered":"https:\/\/iglesiatijuana.org\/web\/?p=9182"},"modified":"2019-04-17T16:53:26","modified_gmt":"2019-04-17T23:53:26","slug":"ustedes-son-llamados-sacerdotes-del-senor-ministros-de-dios-como-dice-el-profeta-isaias","status":"publish","type":"post","link":"https:\/\/iglesiatijuana.org\/web\/ustedes-son-llamados-sacerdotes-del-senor-ministros-de-dios-como-dice-el-profeta-isaias\/","title":{"rendered":"\u2018Ustedes son llamados sacerdotes del Se\u00f1or, Ministros de Dios como dice el profeta Isa\u00edas\u2019"},"content":{"rendered":"<p style=\"text-align: justify;\">La Arquidi\u00f3cesis de Tijuana llev\u00f3 a cabo la Procesi\u00f3n Sacerdotal el mi\u00e9rcoles Santo 17 de abril, encabezados por el Arzobispo Metropolitano, Mons. Francisco Moreno Barr\u00f3n, a las 10:30 a.m. partiendo de la casa parroquial en la calle 2da para llegar a la Catedral Nuestra Se\u00f1ora de Guadalupe donde el Arzobispo presidi\u00f3 la Santa Misa Crismal donde consagr\u00f3 el Santo Crisma y bendijo los Santos \u00f3leos, que son utilizados en las parroquias para la administraci\u00f3n de los Sacramentos. En esta Eucarist\u00eda m\u00e1s de 100 sacerdotes de la Arquidi\u00f3cesis de Tijuana renovaron sus promesas sacerdotales, mismas que hicieron el d\u00eda de su ordenaci\u00f3n<\/p>\n<p style=\"text-align: justify;\">La Misa Crismal, presidida por el Arzobispo y concelebrada por los sacerdotes de la Arquidi\u00f3cesis, es la celebraci\u00f3n en la que se consagra el Santo Crisma y se bendicen los \u00f3leos. El Santo Crisma, es decir, el \u00f3leo perfumado que representa al mismo Esp\u00edritu Santo, nos es dado junto con sus carismas el d\u00eda de nuestro bautizo y de nuestra confirmaci\u00f3n y en la ordenaci\u00f3n de los sacerdotes y obispos. Ordinariamente esta misa se celebra en la Catedral de la ciudad el Jueves Santo; pero, por razones de conveniencia pastoral, se puede adelantar a uno de los d\u00edas de la Semana Santa.<\/p>\n<p style=\"text-align: justify;\">El Arzobispo Metropolitano Francisco Moreno Barr\u00f3n durante la homil\u00eda invit\u00f3 a sus sacerdotes a renovar su consagraci\u00f3n y dedicaci\u00f3n a Cristo y a la Iglesia. \u2018La mirada y el coraz\u00f3n de la Iglesia est\u00e1 puesto en ustedes este d\u00eda y c\u00f3mo anhelo que ustedes experimenten en lo \u00edntimo de su ser el amor de Dios\u2019.<\/p>\n<p style=\"text-align: justify;\">\u2018Cada uno de ustedes es elegido por Dios, enviado por Jes\u00fas como su sacerdote en medio de su pueblo para hacerlo presente a \u00c9l, para que hagas a tu pueblo vivir junto contigo este Misterio de amor\u2019. \u2018Ustedes son llamados sacerdotes del se\u00f1or, ministros de Dios como dice el profeta Isa\u00edas\u2019. Cristo te ama y su amor es tan grande que no solo se entreg\u00f3 a la Cruz por amor a ti sino que se sigue ofreciendo en el altar de la Eucarist\u00eda al Padre Dios, continuando la entrega de amor de aquel sacrificio del G\u00f3lgota acontecido hace dos mil a\u00f1os. Hoy en este d\u00eda sacerdotal experimenta el amor de Jes\u00fas, porque si t\u00fa te sabes amado entonces tu vida cobra un sentido completo.<\/p>\n<p style=\"text-align: justify;\">Tras la homil\u00eda, El rito de esta misa, incluye la renovaci\u00f3n de las promesas sacerdotales. Donde los presb\u00edteros como comunidad fraterna prometen solemnemente unirse m\u00e1s de cerca a Cristo, ser ministros fieles, ense\u00f1ar y ofrecer el Santo Sacrificio en nombre de Jesucristo Sumo y Eterno Sacerdote y conducir a otros a \u00c9l. Por tanto otro tema importante de la Misa Crismal es el sacerdocio. Al entregar el misterio de la Eucarist\u00eda a la Iglesia, Cristo instituy\u00f3 tambi\u00e9n el sacerdocio.<\/p>\n<p style=\"text-align: justify;\">\n<p style=\"text-align: justify;\">Finalmente en la Eucarist\u00eda se hizo una oraci\u00f3n por el descanso eterno del reci\u00e9n fallecido Pbro. V\u00edctor Ram\u00edrez Aguilera que parti\u00f3 a la Casa del Padre hoy mi\u00e9rcoles Santo 17 de abril.<\/p>\n<p style=\"text-align: justify;\">\n<p><a href=\"https:\/\/iglesiatijuana.org\/web\/wp-content\/uploads\/2019\/04\/banner_misacrismal.jpg\" data-rel=\"lightbox-image-0\" data-rl_title=\"\" data-rl_caption=\"\" title=\"\"><img loading=\"lazy\" decoding=\"async\" class=\"alignnone size-full wp-image-9183\" src=\"https:\/\/iglesiatijuana.org\/web\/wp-content\/uploads\/2019\/04\/banner_misacrismal.jpg\" alt=\"\" width=\"720\" height=\"340\" srcset=\"https:\/\/iglesiatijuana.org\/web\/wp-content\/uploads\/2019\/04\/banner_misacrismal.jpg 720w, https:\/\/iglesiatijuana.org\/web\/wp-content\/uploads\/2019\/04\/banner_misacrismal-300x142.jpg 300w, https:\/\/iglesiatijuana.org\/web\/wp-content\/uploads\/2019\/04\/banner_misacrismal-520x245.jpg 520w\" sizes=\"auto, (max-width: 720px) 100vw, 720px\" \/><\/a><\/p>\n","protected":false},"excerpt":{"rendered":"<p>La Arquidi\u00f3cesis de Tijuana llev\u00f3 a cabo la Procesi\u00f3n Sacerdotal el mi\u00e9rcoles Santo 17 de abril, encabezados por el Arzobispo Metropolitano, Mons. Francisco Moreno Barr\u00f3n, a las 10:30 a.m. partiendo de la casa parroquial&#46;&#46;&#46;<\/p>\n","protected":false},"author":5,"featured_media":9183,"comment_status":"closed","ping_status":"closed","sticky":false,"template":"","format":"standard","meta":{"_exactmetrics_skip_tracking":false,"_exactmetrics_sitenote_active":false,"_exactmetrics_sitenote_note":"","_exactmetrics_sitenote_category":0,"footnotes":""},"categories":[20,14],"tags":[],"class_list":["post-9182","post","type-post","status-publish","format-standard","has-post-thumbnail","hentry","category-evangelio-del-dia","category-ultimas-noticias"],"_links":{"self":[{"href":"https:\/\/iglesiatijuana.org\/web\/wp-json\/wp\/v2\/posts\/9182","targetHints":{"allow":["GET"]}}],"collection":[{"href":"https:\/\/iglesiatijuana.org\/web\/wp-json\/wp\/v2\/posts"}],"about":[{"href":"https:\/\/iglesiatijuana.org\/web\/wp-json\/wp\/v2\/types\/post"}],"author":[{"embeddable":true,"href":"https:\/\/iglesiatijuana.org\/web\/wp-json\/wp\/v2\/users\/5"}],"replies":[{"embeddable":true,"href":"https:\/\/iglesiatijuana.org\/web\/wp-json\/wp\/v2\/comments?post=9182"}],"version-history":[{"count":2,"href":"https:\/\/iglesiatijuana.org\/web\/wp-json\/wp\/v2\/posts\/9182\/revisions"}],"predecessor-version":[{"id":9185,"href":"https:\/\/iglesiatijuana.org\/web\/wp-json\/wp\/v2\/posts\/9182\/revisions\/9185"}],"wp:featuredmedia":[{"embeddable":true,"href":"https:\/\/iglesiatijuana.org\/web\/wp-json\/wp\/v2\/media\/9183"}],"wp:attachment":[{"href":"https:\/\/iglesiatijuana.org\/web\/wp-json\/wp\/v2\/media?parent=9182"}],"wp:term":[{"taxonomy":"category","embeddable":true,"href":"https:\/\/iglesiatijuana.org\/web\/wp-json\/wp\/v2\/categories?post=9182"},{"taxonomy":"post_tag","embeddable":true,"href":"https:\/\/iglesiatijuana.org\/web\/wp-json\/wp\/v2\/tags?post=9182"}],"curies":[{"name":"wp","href":"https:\/\/api.w.org\/{rel}","templated":true}]}}