{"id":9492,"date":"2019-05-17T11:28:24","date_gmt":"2019-05-17T18:28:24","guid":{"rendered":"https:\/\/iglesiatijuana.org\/web\/?p=9492"},"modified":"2019-05-17T13:40:50","modified_gmt":"2019-05-17T20:40:50","slug":"facultad-de-filosofia-del-seminario-diocesano-de-tijuana-y-la-universidad-autonoma-de-baja-california-uabc-realizan-festival-filosofest-vol-2","status":"publish","type":"post","link":"https:\/\/iglesiatijuana.org\/web\/facultad-de-filosofia-del-seminario-diocesano-de-tijuana-y-la-universidad-autonoma-de-baja-california-uabc-realizan-festival-filosofest-vol-2\/","title":{"rendered":"Facultad de Filosof\u00eda del Seminario Diocesano de Tijuana y la Universidad Aut\u00f3noma de Baja California UABC realizan:  Festival Filosofest Vol. 2"},"content":{"rendered":"<p style=\"text-align: justify;\">Pastoral para la Comunicaci\u00f3n. &#8211; El Seminario Diocesano de Tijuana cuenta con la Facultad de Filosof\u00eda, en la que se imparte alrededor de 10 asignaturas por semestre, lo cual, establece un plan de estudios que se establecen como fundamentales para la formaci\u00f3n de una licenciatura en dicha disciplina. Es en este contexto que el Seminario se une a un proyecto cuya idea original promueve la facultad de Filosof\u00eda de la UABC, y que en su segunda edici\u00f3n han invitado al Seminario para participar de este di\u00e1logo interdisciplinar de la filosof\u00eda con otras disciplinas en el \u00e1rea del conocimiento, como es el caso de la Teolog\u00eda, que no es ajena a la Filosof\u00eda, por el contrario encuentran puntos centrales para el dialogo y la aportaci\u00f3n acad\u00e9mica.<\/p>\n<p style=\"text-align: justify;\">\u201cFilosofest Vol. 2\u201d como lo dice el nombre, es una fiesta del pensamiento, un festival, donde habr\u00e1 reflexi\u00f3n, dialogo, encuentro de aspectos que convergen en el an\u00e1lisis y propuesta hacia la sociedad, con el objetivo de que no se quede la filosof\u00eda en las instituciones si no que salga la realidad del mundo, como afirman los organizadores. Al tiempo que se afronta el reto de comunicar el hacer filos\u00f3fico en lenguajes accesibles para los contempor\u00e1neos.<\/p>\n<p style=\"text-align: justify;\">Por ello, el Seminario Diocesano de Tijuana hace la invitaci\u00f3n a la sociedad en general a participar de este evento que por segundo a\u00f1o consecutivo se lleva en Tijuana. En entrevista el Pbro. Lic. Joaqu\u00edn L\u00f3pez, Secretario de Estudios del Seminario Diocesano de Tijuana, comparti\u00f3, \u201cpara el Seminario es una oportunidad necesaria y vital vincularnos con otras Instituciones acad\u00e9micas donde tambi\u00e9n se promueve la reflexi\u00f3n filos\u00f3fica\u201d. En efecto, estar\u00e1 abierto al p\u00fablico en general en las Instalaciones del Seminario Mayor, en calle 10 y Ocampo el pr\u00f3ximo viernes 17 de mayo de 2pm a 9pm.<\/p>\n<p style=\"text-align: justify;\">Actualmente, existen algunas Instituciones que proporcionan estudios en filosof\u00eda entre las cuales destacan la Universidad Aut\u00f3noma de Baja California y el Seminario Diocesano de Tijuana.<\/p>\n<p><a href=\"https:\/\/iglesiatijuana.org\/web\/wp-content\/uploads\/2019\/05\/58741818_859350851083075_4162288008105558016_o.jpg\" data-rel=\"lightbox-image-0\" data-rl_title=\"\" data-rl_caption=\"\" title=\"\"><img loading=\"lazy\" decoding=\"async\" class=\"alignnone size-full wp-image-9493\" src=\"https:\/\/iglesiatijuana.org\/web\/wp-content\/uploads\/2019\/05\/58741818_859350851083075_4162288008105558016_o.jpg\" alt=\"\" width=\"2460\" height=\"938\" srcset=\"https:\/\/iglesiatijuana.org\/web\/wp-content\/uploads\/2019\/05\/58741818_859350851083075_4162288008105558016_o.jpg 2460w, https:\/\/iglesiatijuana.org\/web\/wp-content\/uploads\/2019\/05\/58741818_859350851083075_4162288008105558016_o-300x114.jpg 300w, https:\/\/iglesiatijuana.org\/web\/wp-content\/uploads\/2019\/05\/58741818_859350851083075_4162288008105558016_o-768x293.jpg 768w, https:\/\/iglesiatijuana.org\/web\/wp-content\/uploads\/2019\/05\/58741818_859350851083075_4162288008105558016_o-1024x390.jpg 1024w\" sizes=\"auto, (max-width: 2460px) 100vw, 2460px\" \/><\/a><\/p>\n","protected":false},"excerpt":{"rendered":"<p>Pastoral para la Comunicaci\u00f3n. &#8211; El Seminario Diocesano de Tijuana cuenta con la Facultad de Filosof\u00eda, en la que se imparte alrededor de 10 asignaturas por semestre, lo cual, establece un plan de estudios&#46;&#46;&#46;<\/p>\n","protected":false},"author":101012,"featured_media":9493,"comment_status":"closed","ping_status":"closed","sticky":false,"template":"","format":"standard","meta":{"_exactmetrics_skip_tracking":false,"_exactmetrics_sitenote_active":false,"_exactmetrics_sitenote_note":"","_exactmetrics_sitenote_category":0,"footnotes":""},"categories":[20,14],"tags":[],"class_list":["post-9492","post","type-post","status-publish","format-standard","has-post-thumbnail","hentry","category-evangelio-del-dia","category-ultimas-noticias"],"_links":{"self":[{"href":"https:\/\/iglesiatijuana.org\/web\/wp-json\/wp\/v2\/posts\/9492","targetHints":{"allow":["GET"]}}],"collection":[{"href":"https:\/\/iglesiatijuana.org\/web\/wp-json\/wp\/v2\/posts"}],"about":[{"href":"https:\/\/iglesiatijuana.org\/web\/wp-json\/wp\/v2\/types\/post"}],"author":[{"embeddable":true,"href":"https:\/\/iglesiatijuana.org\/web\/wp-json\/wp\/v2\/users\/101012"}],"replies":[{"embeddable":true,"href":"https:\/\/iglesiatijuana.org\/web\/wp-json\/wp\/v2\/comments?post=9492"}],"version-history":[{"count":2,"href":"https:\/\/iglesiatijuana.org\/web\/wp-json\/wp\/v2\/posts\/9492\/revisions"}],"predecessor-version":[{"id":9500,"href":"https:\/\/iglesiatijuana.org\/web\/wp-json\/wp\/v2\/posts\/9492\/revisions\/9500"}],"wp:featuredmedia":[{"embeddable":true,"href":"https:\/\/iglesiatijuana.org\/web\/wp-json\/wp\/v2\/media\/9493"}],"wp:attachment":[{"href":"https:\/\/iglesiatijuana.org\/web\/wp-json\/wp\/v2\/media?parent=9492"}],"wp:term":[{"taxonomy":"category","embeddable":true,"href":"https:\/\/iglesiatijuana.org\/web\/wp-json\/wp\/v2\/categories?post=9492"},{"taxonomy":"post_tag","embeddable":true,"href":"https:\/\/iglesiatijuana.org\/web\/wp-json\/wp\/v2\/tags?post=9492"}],"curies":[{"name":"wp","href":"https:\/\/api.w.org\/{rel}","templated":true}]}}