{"id":9540,"date":"2019-05-23T10:58:55","date_gmt":"2019-05-23T17:58:55","guid":{"rendered":"https:\/\/iglesiatijuana.org\/web\/?p=9540"},"modified":"2019-05-23T10:58:55","modified_gmt":"2019-05-23T17:58:55","slug":"se-realiza-conferencia-internacional-ciencia-y-fe-aliadas-para-custodiar-la-vida","status":"publish","type":"post","link":"https:\/\/iglesiatijuana.org\/web\/se-realiza-conferencia-internacional-ciencia-y-fe-aliadas-para-custodiar-la-vida\/","title":{"rendered":"Se realiza Conferencia internacional: Ciencia y fe, aliadas para custodiar la vida"},"content":{"rendered":"<p style=\"text-align: justify;\">Pastoral para la Comunicaci\u00f3n.- El Dicasterio para los Laicos, la Familia y la Vida, mediante comunicado dio a conocer la \u00a0realizaci\u00f3n de una Conferencia Internacional sobre la defensa de la vida humana naciente en condiciones de extrema fragilidad. Con el objetivo es proponer modelos realistas y reproducibles de acompa\u00f1amiento m\u00e9dico, y sobre todo pastoral, realizables desde la concepci\u00f3n, y mostrar un rostro de la Iglesia cercano a aquellas familias a las que con demasiada frecuencia se propone como \u00fanica alternativa el aborto. La Conferencia tendr\u00e1 lugar en el Instituto Patr\u00edstico \u201cAugustinianum\u201d Asistir\u00e1n alrededor de 400 personas de 70 pa\u00edses en representaci\u00f3n de las Conferencias Episcopales y diversas Di\u00f3cesis. As\u00ed mismo, la conferencia contar\u00e1 con la presencia de m\u00e9dicos y expertos en el campo de la atenci\u00f3n perinatal.<\/p>\n<p style=\"text-align: justify;\">\n<p style=\"text-align: justify;\">En este marco, el Papa Francisco afirm\u00f3 que en toda situaci\u00f3n la vida es un don y una \u201coportunidad de crecer en el amor, en la ayuda rec\u00edproca y en la unidad\u201d (<em>Amoris Laetitia<\/em>, 47). En esta perspectiva, la relaci\u00f3n que se genera entre madre e hijo, desde el primer momento, es una realidad que hay que preservar.<\/p>\n<p>&nbsp;<\/p>\n<p><a href=\"https:\/\/iglesiatijuana.org\/web\/wp-content\/uploads\/2019\/05\/vida.jpg\" data-rel=\"lightbox-image-0\" data-rl_title=\"\" data-rl_caption=\"\" title=\"\"><img loading=\"lazy\" decoding=\"async\" class=\"alignnone size-full wp-image-9541\" src=\"https:\/\/iglesiatijuana.org\/web\/wp-content\/uploads\/2019\/05\/vida.jpg\" alt=\"\" width=\"720\" height=\"340\" srcset=\"https:\/\/iglesiatijuana.org\/web\/wp-content\/uploads\/2019\/05\/vida.jpg 720w, https:\/\/iglesiatijuana.org\/web\/wp-content\/uploads\/2019\/05\/vida-300x142.jpg 300w, https:\/\/iglesiatijuana.org\/web\/wp-content\/uploads\/2019\/05\/vida-520x245.jpg 520w\" sizes=\"auto, (max-width: 720px) 100vw, 720px\" \/><\/a><\/p>\n","protected":false},"excerpt":{"rendered":"<p>Pastoral para la Comunicaci\u00f3n.- El Dicasterio para los Laicos, la Familia y la Vida, mediante comunicado dio a conocer la \u00a0realizaci\u00f3n de una Conferencia Internacional sobre la defensa de la vida humana naciente en&#46;&#46;&#46;<\/p>\n","protected":false},"author":101012,"featured_media":9541,"comment_status":"closed","ping_status":"closed","sticky":false,"template":"","format":"standard","meta":{"_exactmetrics_skip_tracking":false,"_exactmetrics_sitenote_active":false,"_exactmetrics_sitenote_note":"","_exactmetrics_sitenote_category":0,"footnotes":""},"categories":[20,14],"tags":[],"class_list":["post-9540","post","type-post","status-publish","format-standard","has-post-thumbnail","hentry","category-evangelio-del-dia","category-ultimas-noticias"],"_links":{"self":[{"href":"https:\/\/iglesiatijuana.org\/web\/wp-json\/wp\/v2\/posts\/9540","targetHints":{"allow":["GET"]}}],"collection":[{"href":"https:\/\/iglesiatijuana.org\/web\/wp-json\/wp\/v2\/posts"}],"about":[{"href":"https:\/\/iglesiatijuana.org\/web\/wp-json\/wp\/v2\/types\/post"}],"author":[{"embeddable":true,"href":"https:\/\/iglesiatijuana.org\/web\/wp-json\/wp\/v2\/users\/101012"}],"replies":[{"embeddable":true,"href":"https:\/\/iglesiatijuana.org\/web\/wp-json\/wp\/v2\/comments?post=9540"}],"version-history":[{"count":1,"href":"https:\/\/iglesiatijuana.org\/web\/wp-json\/wp\/v2\/posts\/9540\/revisions"}],"predecessor-version":[{"id":9542,"href":"https:\/\/iglesiatijuana.org\/web\/wp-json\/wp\/v2\/posts\/9540\/revisions\/9542"}],"wp:featuredmedia":[{"embeddable":true,"href":"https:\/\/iglesiatijuana.org\/web\/wp-json\/wp\/v2\/media\/9541"}],"wp:attachment":[{"href":"https:\/\/iglesiatijuana.org\/web\/wp-json\/wp\/v2\/media?parent=9540"}],"wp:term":[{"taxonomy":"category","embeddable":true,"href":"https:\/\/iglesiatijuana.org\/web\/wp-json\/wp\/v2\/categories?post=9540"},{"taxonomy":"post_tag","embeddable":true,"href":"https:\/\/iglesiatijuana.org\/web\/wp-json\/wp\/v2\/tags?post=9540"}],"curies":[{"name":"wp","href":"https:\/\/api.w.org\/{rel}","templated":true}]}}