{"id":9560,"date":"2019-05-23T12:59:58","date_gmt":"2019-05-23T19:59:58","guid":{"rendered":"https:\/\/iglesiatijuana.org\/web\/?p=9560"},"modified":"2019-05-23T12:59:58","modified_gmt":"2019-05-23T19:59:58","slug":"arzobispo-francisco-a-comunidad-haitiana-la-integracion-no-olvida-la-propia-identidad-cultural-cuando-se-vive-en-la-ciudad-y-en-la-iglesia","status":"publish","type":"post","link":"https:\/\/iglesiatijuana.org\/web\/arzobispo-francisco-a-comunidad-haitiana-la-integracion-no-olvida-la-propia-identidad-cultural-cuando-se-vive-en-la-ciudad-y-en-la-iglesia\/","title":{"rendered":"Arzobispo Francisco a Comunidad haitiana: \u201cla integraci\u00f3n no olvida la propia identidad cultural cuando se vive en la Ciudad y en la Iglesia\u201d"},"content":{"rendered":"<p style=\"text-align: justify;\">Pastoral para la Comunicaci\u00f3n.- Uno de los cuatro verbos que se destacan en el itinerario que el Papa Francisco ha invitado a implementar en la atenci\u00f3n a los migrantes, desplazados y refugiados es la integraci\u00f3n, \u201cla integraci\u00f3n se coloca en el plano de las oportunidades de enriquecimiento intercultural generadas por la presencia de los emigrantes y refugiados. La integraci\u00f3n no es \u201cuna asimilaci\u00f3n, que induce a suprimir o a olvidar la propia identidad cultural. El contacto con el otro lleva, m\u00e1s bien, a descubrir su \u201csecreto\u201d, a abrirse a \u00e9l para aceptar sus aspectos v\u00e1lidos y contribuir as\u00ed a un conocimiento mayor de cada uno. Es un proceso largo, encaminado a formar sociedades y culturas, haciendo que sean cada vez m\u00e1s reflejo de los multiformes dones de Dios a los hombres\u201d. Es en este contexto que la Comunidad Haitiana llegada desde hace varios a\u00f1os a esta frontera ha podido realizar un esfuerzo juntamente con los tijuanenses para integrar ambas culturas.<\/p>\n<p style=\"text-align: justify;\">\n<p style=\"text-align: justify;\">Por ello, el s\u00e1bado 18 de mayo se celebr\u00f3 el d\u00eda de la bandera de Hait\u00ed, como la uni\u00f3n de un pa\u00eds en contra de la esclavitud y a favor de la libertad e incluso alrededor del mundo en donde no hay muchas concentraciones de haitianos. En las escuelas se suspenden las clases para que se reflexione sobre el orgullo, la uni\u00f3n, la libertad, el principio de la independencia de esta gran naci\u00f3n y la adopci\u00f3n de la bandera que representa sus valores. En consecuencia, unidos a la Arquidi\u00f3cesis de Tijuana un numeroso grupo de hermanos haitianos se congregaron para celebrar este evento c\u00edvico en las instalaciones de la ACJM que desde hace poco m\u00e1s de un mes es el lugar destinado para la Dimensi\u00f3n Arquidiocesana de la Atenci\u00f3n al Migrante, que coordina actualmente el Pbro. Weber Merilan, Oblato de Mar\u00eda Inmaculada de origen haitiano.<\/p>\n<p style=\"text-align: justify;\">\n<p style=\"text-align: justify;\">Inici\u00f3 el festejo alrededor de las 10 de la ma\u00f1ana con la celebraci\u00f3n Eucar\u00edstica presidida por el Arzobispo Metropolitano Don Francisco Moreno Barr\u00f3n, quien les exhort\u00f3 a que hoy que se encuentran en M\u00e9xico, en Tijuana, despu\u00e9s de un largo peregrinar sostengan su fe en Jes\u00fas. \u201c\u00c1branle su coraz\u00f3n a Cristo, vivan su estancia en M\u00e9xico, en Tijuana, de la mano de Jes\u00fas, porque Jes\u00fas es el rostro del Padre, porque Jes\u00fas nos muestra el amor de Dios, y sin Dios nuestra vida no tiene ning\u00fan sentido. Hoy vamos a ofrecer esta misa por todos los migrantes de esta frontera en Tijuana y de una manera especial por los migrantes hermanos, haitianos.\u00a0 As\u00ed tambi\u00e9n como su Obispo, los invit\u00f3 a integrarse en la vida de la di\u00f3cesis, en la vida de la Iglesia, a participar en sus parroquias\u2019\u2019.<\/p>\n<p style=\"text-align: justify;\">\n<p style=\"text-align: justify;\">El Arzobispo agradeci\u00f3 de manera especial en esta celebraci\u00f3n al Pbro. Weber por su empe\u00f1o en atender a sus paisanos y conducirlos a Cristo.<\/p>\n<p style=\"text-align: justify;\">\n<p style=\"text-align: justify;\">El Padre Weber Merilan, se mostr\u00f3 agradecido por la oportunidad de ver reunidos a tantos hnos. haitianos en este d\u00eda que celebran su bandera. Comparti\u00f3 que desde hace 19 a\u00f1os cruza la frontera, deseando celebrar la santa misa, junto a sus hermanos. \u2018\u2019De una manera muy especial quiero agradecer al se\u00f1or arzobispo, por estar aqu\u00ed con nosotros, \u00e9l est\u00e1 muy preocupado por nosotros los haitianos especialmente, esta conexi\u00f3n ha sido desde Estados Unidos. El se\u00f1or arzobispo est\u00e1 muy abierto para ayudarnos, no solamente a los haitianos, sino a todos los migrantes en general\u2019\u2019.<\/p>\n<p style=\"text-align: justify;\">\n<p style=\"text-align: justify;\">Una vez concluida la celebraci\u00f3n se dio paso a un momento de convivencia donde hubo comida t\u00edpica haitiana, m\u00fasica y ambiente festivo que la Dimensi\u00f3n Arquidiocesana de Atenci\u00f3n al Migrante, en su mayor\u00eda servidores mexicanos ofrecieron fraternalmente a los cerca de 100 haitianos asistentes.<\/p>\n<p>&nbsp;<\/p>\n<p><a href=\"https:\/\/iglesiatijuana.org\/web\/wp-content\/uploads\/2019\/05\/60796052_10157102440774089_4123786499630039040_n.jpg\" data-rel=\"lightbox-image-0\" data-rl_title=\"\" data-rl_caption=\"\" title=\"\"><img loading=\"lazy\" decoding=\"async\" class=\"alignnone size-full wp-image-9561\" src=\"https:\/\/iglesiatijuana.org\/web\/wp-content\/uploads\/2019\/05\/60796052_10157102440774089_4123786499630039040_n.jpg\" alt=\"\" width=\"960\" height=\"547\" srcset=\"https:\/\/iglesiatijuana.org\/web\/wp-content\/uploads\/2019\/05\/60796052_10157102440774089_4123786499630039040_n.jpg 960w, https:\/\/iglesiatijuana.org\/web\/wp-content\/uploads\/2019\/05\/60796052_10157102440774089_4123786499630039040_n-300x171.jpg 300w, https:\/\/iglesiatijuana.org\/web\/wp-content\/uploads\/2019\/05\/60796052_10157102440774089_4123786499630039040_n-768x438.jpg 768w\" sizes=\"auto, (max-width: 960px) 100vw, 960px\" \/><\/a><\/p>\n","protected":false},"excerpt":{"rendered":"<p>Pastoral para la Comunicaci\u00f3n.- Uno de los cuatro verbos que se destacan en el itinerario que el Papa Francisco ha invitado a implementar en la atenci\u00f3n a los migrantes, desplazados y refugiados es la&#46;&#46;&#46;<\/p>\n","protected":false},"author":101012,"featured_media":9561,"comment_status":"closed","ping_status":"closed","sticky":false,"template":"","format":"standard","meta":{"_exactmetrics_skip_tracking":false,"_exactmetrics_sitenote_active":false,"_exactmetrics_sitenote_note":"","_exactmetrics_sitenote_category":0,"footnotes":""},"categories":[20,14],"tags":[],"class_list":["post-9560","post","type-post","status-publish","format-standard","has-post-thumbnail","hentry","category-evangelio-del-dia","category-ultimas-noticias"],"_links":{"self":[{"href":"https:\/\/iglesiatijuana.org\/web\/wp-json\/wp\/v2\/posts\/9560","targetHints":{"allow":["GET"]}}],"collection":[{"href":"https:\/\/iglesiatijuana.org\/web\/wp-json\/wp\/v2\/posts"}],"about":[{"href":"https:\/\/iglesiatijuana.org\/web\/wp-json\/wp\/v2\/types\/post"}],"author":[{"embeddable":true,"href":"https:\/\/iglesiatijuana.org\/web\/wp-json\/wp\/v2\/users\/101012"}],"replies":[{"embeddable":true,"href":"https:\/\/iglesiatijuana.org\/web\/wp-json\/wp\/v2\/comments?post=9560"}],"version-history":[{"count":1,"href":"https:\/\/iglesiatijuana.org\/web\/wp-json\/wp\/v2\/posts\/9560\/revisions"}],"predecessor-version":[{"id":9562,"href":"https:\/\/iglesiatijuana.org\/web\/wp-json\/wp\/v2\/posts\/9560\/revisions\/9562"}],"wp:featuredmedia":[{"embeddable":true,"href":"https:\/\/iglesiatijuana.org\/web\/wp-json\/wp\/v2\/media\/9561"}],"wp:attachment":[{"href":"https:\/\/iglesiatijuana.org\/web\/wp-json\/wp\/v2\/media?parent=9560"}],"wp:term":[{"taxonomy":"category","embeddable":true,"href":"https:\/\/iglesiatijuana.org\/web\/wp-json\/wp\/v2\/categories?post=9560"},{"taxonomy":"post_tag","embeddable":true,"href":"https:\/\/iglesiatijuana.org\/web\/wp-json\/wp\/v2\/tags?post=9560"}],"curies":[{"name":"wp","href":"https:\/\/api.w.org\/{rel}","templated":true}]}}