{"id":9568,"date":"2019-05-24T11:03:51","date_gmt":"2019-05-24T18:03:51","guid":{"rendered":"https:\/\/iglesiatijuana.org\/web\/?p=9568"},"modified":"2019-05-24T11:03:51","modified_gmt":"2019-05-24T18:03:51","slug":"por-primera-vez-cuatro-mujeres-como-consultoras-en-la-secretaria-general-del-sinodo-de-obispos","status":"publish","type":"post","link":"https:\/\/iglesiatijuana.org\/web\/por-primera-vez-cuatro-mujeres-como-consultoras-en-la-secretaria-general-del-sinodo-de-obispos\/","title":{"rendered":"Por primera vez, cuatro mujeres como consultoras en la Secretar\u00eda General del S\u00ednodo de Obispos"},"content":{"rendered":"<p style=\"text-align: justify;\">Pastoral para la Comunicaci\u00f3n.- El Papa Francisco ha nombrado a cuatro mujeres como consultoras en la Secretar\u00eda General del S\u00ednodo de Obispos, la primera vez que ocupan este cargo de la Iglesia cat\u00f3lica, inform\u00f3 hoy la Santa Sede. El S\u00ednodo de Obispos una asamblea que re\u00fane cada a\u00f1o a los obispos de todo el mundo para tratar diversas cuestiones, as\u00ed como un organismo tradicionalmente reservado a prelados o presb\u00edteros (todos varones), y que ahora abre una puerta, con la designaci\u00f3n de cuatro mujeres. \u201cEsto es una puerta abierta, y si me la abren, yo entro\u201d, explic\u00f3 Mar\u00eda Luisa Berzosa\u00a0una de las nominadas.<\/p>\n<p style=\"text-align: justify;\">\n<p style=\"text-align: justify;\">El Obispo de Roma a designado adem\u00e1s de la espa\u00f1ola M. Luisa Berzosa a la exdirectora del Servicio Nacional de la Conferencia Episcopal Francesa para la Evangelizaci\u00f3n de la Juventud y las Vocaciones (Francia),\u00a0Nathalie Becquart; y la profesora de sociolog\u00eda en la Universidad de Roma Tre (Italia),\u00a0Cecilia Costa, la profesora de econom\u00eda de la Pontificia Facultad de Ciencias de la Educaci\u00f3n Auxilium, miembro del Comit\u00e9 Cient\u00edfico y organizadora de las semanas sociales de los cat\u00f3licos de la Conferencia Episcopal Italiana, y consejera del Estado de la Ciudad del Vaticano (Italia),\u00a0Alessandra Smerilli.<\/p>\n<p style=\"text-align: justify;\">\n<p style=\"text-align: justify;\">Con acciones concretas en el camino eclesial y pastoral de la Iglesia se afronta esa \u201cinvisibilidad\u201d de la mujer en la Iglesia como lo comparten las ahora consultoras. En efecto, \u00bfQu\u00e9 supone el nombramiento, como mujeres, y como consagradas? \u201cEn el S\u00ednodo, y desde siempre, se viene apuntado la preocupaci\u00f3n por la\u00a0invisibilidad de la mujer en la Iglesia.\u00a0La presencia de mujeres en el S\u00ednodo es una puerta abierta\u2026una presencia m\u00e1s permanente\u201d, explican. \u00a0Este presencia que ha impulsado con mayor fuerza el Papa Francisco se trata de \u201cpeque\u00f1os pasos, y gestos, pero muy significativos\u201d. Pues, \u201chasta ahora, casi todos los participantes en los s\u00ednodos eran obispos o cardenales.\u00a0Me dec\u00edan: es un &#8216;S\u00ednodo de obispos&#8217;. Y yo: &#8216;\u00bfPor qu\u00e9 no hacemos un S\u00ednodo del Pueblo de Dios?\u201d menciona Berzosa.<\/p>\n<p style=\"text-align: justify;\">\n<p style=\"text-align: justify;\">Para Berzosa, \u201cla intenci\u00f3n del Papa es que la sinodalidad sea una realidad&#8221;. En este sentido, las apelaciones constantes de Francisco al \u201csanto pueblo de Dios\u201d\u2026 &#8220;son significativas.\u00a0Se quiere una vuelta a la Iglesia del Vaticano II\u201d<\/p>\n<p style=\"text-align: justify;\">.<a href=\"https:\/\/iglesiatijuana.org\/web\/wp-content\/uploads\/2019\/05\/WhatsApp-Image-2019-05-24-at-10.59.17-AM.jpeg\" data-rel=\"lightbox-image-0\" data-rl_title=\"\" data-rl_caption=\"\" title=\"\"><img loading=\"lazy\" decoding=\"async\" class=\"alignnone size-full wp-image-9569\" src=\"https:\/\/iglesiatijuana.org\/web\/wp-content\/uploads\/2019\/05\/WhatsApp-Image-2019-05-24-at-10.59.17-AM.jpeg\" alt=\"\" width=\"690\" height=\"450\" srcset=\"https:\/\/iglesiatijuana.org\/web\/wp-content\/uploads\/2019\/05\/WhatsApp-Image-2019-05-24-at-10.59.17-AM.jpeg 690w, https:\/\/iglesiatijuana.org\/web\/wp-content\/uploads\/2019\/05\/WhatsApp-Image-2019-05-24-at-10.59.17-AM-300x196.jpeg 300w\" sizes=\"auto, (max-width: 690px) 100vw, 690px\" \/><\/a><\/p>\n","protected":false},"excerpt":{"rendered":"<p>Pastoral para la Comunicaci\u00f3n.- El Papa Francisco ha nombrado a cuatro mujeres como consultoras en la Secretar\u00eda General del S\u00ednodo de Obispos, la primera vez que ocupan este cargo de la Iglesia cat\u00f3lica, inform\u00f3&#46;&#46;&#46;<\/p>\n","protected":false},"author":101012,"featured_media":9569,"comment_status":"closed","ping_status":"closed","sticky":false,"template":"","format":"standard","meta":{"_exactmetrics_skip_tracking":false,"_exactmetrics_sitenote_active":false,"_exactmetrics_sitenote_note":"","_exactmetrics_sitenote_category":0,"footnotes":""},"categories":[20,14],"tags":[],"class_list":["post-9568","post","type-post","status-publish","format-standard","has-post-thumbnail","hentry","category-evangelio-del-dia","category-ultimas-noticias"],"_links":{"self":[{"href":"https:\/\/iglesiatijuana.org\/web\/wp-json\/wp\/v2\/posts\/9568","targetHints":{"allow":["GET"]}}],"collection":[{"href":"https:\/\/iglesiatijuana.org\/web\/wp-json\/wp\/v2\/posts"}],"about":[{"href":"https:\/\/iglesiatijuana.org\/web\/wp-json\/wp\/v2\/types\/post"}],"author":[{"embeddable":true,"href":"https:\/\/iglesiatijuana.org\/web\/wp-json\/wp\/v2\/users\/101012"}],"replies":[{"embeddable":true,"href":"https:\/\/iglesiatijuana.org\/web\/wp-json\/wp\/v2\/comments?post=9568"}],"version-history":[{"count":1,"href":"https:\/\/iglesiatijuana.org\/web\/wp-json\/wp\/v2\/posts\/9568\/revisions"}],"predecessor-version":[{"id":9570,"href":"https:\/\/iglesiatijuana.org\/web\/wp-json\/wp\/v2\/posts\/9568\/revisions\/9570"}],"wp:featuredmedia":[{"embeddable":true,"href":"https:\/\/iglesiatijuana.org\/web\/wp-json\/wp\/v2\/media\/9569"}],"wp:attachment":[{"href":"https:\/\/iglesiatijuana.org\/web\/wp-json\/wp\/v2\/media?parent=9568"}],"wp:term":[{"taxonomy":"category","embeddable":true,"href":"https:\/\/iglesiatijuana.org\/web\/wp-json\/wp\/v2\/categories?post=9568"},{"taxonomy":"post_tag","embeddable":true,"href":"https:\/\/iglesiatijuana.org\/web\/wp-json\/wp\/v2\/tags?post=9568"}],"curies":[{"name":"wp","href":"https:\/\/api.w.org\/{rel}","templated":true}]}}