{"id":9729,"date":"2019-06-18T11:48:16","date_gmt":"2019-06-18T18:48:16","guid":{"rendered":"https:\/\/iglesiatijuana.org\/web\/?p=9729"},"modified":"2019-06-18T11:48:16","modified_gmt":"2019-06-18T18:48:16","slug":"mexico-sede-del-iv-encuentro-mundial-de-jovenes-organizado-por-scholas-y-world-ort","status":"publish","type":"post","link":"https:\/\/iglesiatijuana.org\/web\/mexico-sede-del-iv-encuentro-mundial-de-jovenes-organizado-por-scholas-y-world-ort\/","title":{"rendered":"M\u00e9xico Sede del IV Encuentro Mundial de J\u00f3venes organizado por Scholas y World ORT"},"content":{"rendered":"<p style=\"text-align: justify;\">Pastoral para la Comunicaci\u00f3n.- M\u00e9xico ser\u00e1 la pr\u00f3xima sede del IV Encuentro Internacional de J\u00f3venes organizado conjuntamente por World ORT, Pontificia Scholas Occurrentes, ORT M\u00e9xico y Scholas M\u00e9xico que tendr\u00e1 lugar en las instalaciones del Colegio Israelita de M\u00e9xico (CIM ORT).<\/p>\n<p style=\"text-align: justify;\">\n<p style=\"text-align: justify;\">En este encuentro convivir\u00e1n distintas religiones, culturas y niveles sociales de m\u00e1s de 60 ciudades del mundo, dijeron los organizadores, para algunos ser\u00e1 la primera vez que saldr\u00e1n de su aldea, que subir\u00e1n a un avi\u00f3n, que tendr\u00e1n un pasaporte. \u201cOtros aprender\u00e1n que la realidad es mucho m\u00e1s grande que su peque\u00f1o mundo escolar.<\/p>\n<p style=\"text-align: justify;\">\n<p style=\"text-align: justify;\">Chicos de diversas culturas, religiones, idiomas, tanto de escuelas p\u00fablicas como privadas, confesionales y laicas, de entre 14 y 18 a\u00f1os de edad se reunir\u00e1n durante cuatro intensas jornadas en el Colegio Israelita De M\u00e9xico ORT. Desde sus diferencias trabajar\u00e1n juntos para renovar la educaci\u00f3n que est\u00e1n recibiendo y plasmar\u00e1n en un documento la agenda mundial desde su propia perspectiva que se dar\u00e1 a conocer en la \u00faltima jornada del encuentro, junto a las propuestas que ellos luego van a acercar a sus propios Presidentes y Gobiernos. Del mismo modo, el Papa Francisco en persona recibir\u00e1 de un grupo de estos j\u00f3venes el original de esa agenda.<\/p>\n<p>&nbsp;<\/p>\n<p><a href=\"https:\/\/iglesiatijuana.org\/web\/wp-content\/uploads\/2019\/06\/M\u00e9xico-ser\u00e1-sede-del-IV-Encuentro-Mundial-de-J\u00f3venes-organizado-por-Scholas-y-World-ORT.jpg\" data-rel=\"lightbox-image-0\" data-rl_title=\"\" data-rl_caption=\"\" title=\"\"><img loading=\"lazy\" decoding=\"async\" class=\"alignnone size-full wp-image-9730\" src=\"https:\/\/iglesiatijuana.org\/web\/wp-content\/uploads\/2019\/06\/M\u00e9xico-ser\u00e1-sede-del-IV-Encuentro-Mundial-de-J\u00f3venes-organizado-por-Scholas-y-World-ORT.jpg\" alt=\"\" width=\"720\" height=\"340\" srcset=\"https:\/\/iglesiatijuana.org\/web\/wp-content\/uploads\/2019\/06\/M\u00e9xico-ser\u00e1-sede-del-IV-Encuentro-Mundial-de-J\u00f3venes-organizado-por-Scholas-y-World-ORT.jpg 720w, https:\/\/iglesiatijuana.org\/web\/wp-content\/uploads\/2019\/06\/M\u00e9xico-ser\u00e1-sede-del-IV-Encuentro-Mundial-de-J\u00f3venes-organizado-por-Scholas-y-World-ORT-300x142.jpg 300w, https:\/\/iglesiatijuana.org\/web\/wp-content\/uploads\/2019\/06\/M\u00e9xico-ser\u00e1-sede-del-IV-Encuentro-Mundial-de-J\u00f3venes-organizado-por-Scholas-y-World-ORT-520x245.jpg 520w\" sizes=\"auto, (max-width: 720px) 100vw, 720px\" \/><\/a><\/p>\n","protected":false},"excerpt":{"rendered":"<p>Pastoral para la Comunicaci\u00f3n.- M\u00e9xico ser\u00e1 la pr\u00f3xima sede del IV Encuentro Internacional de J\u00f3venes organizado conjuntamente por World ORT, Pontificia Scholas Occurrentes, ORT M\u00e9xico y Scholas M\u00e9xico que tendr\u00e1 lugar en las instalaciones&#46;&#46;&#46;<\/p>\n","protected":false},"author":101012,"featured_media":9730,"comment_status":"closed","ping_status":"closed","sticky":false,"template":"","format":"standard","meta":{"_exactmetrics_skip_tracking":false,"_exactmetrics_sitenote_active":false,"_exactmetrics_sitenote_note":"","_exactmetrics_sitenote_category":0,"footnotes":""},"categories":[20,14],"tags":[],"class_list":["post-9729","post","type-post","status-publish","format-standard","has-post-thumbnail","hentry","category-evangelio-del-dia","category-ultimas-noticias"],"_links":{"self":[{"href":"https:\/\/iglesiatijuana.org\/web\/wp-json\/wp\/v2\/posts\/9729","targetHints":{"allow":["GET"]}}],"collection":[{"href":"https:\/\/iglesiatijuana.org\/web\/wp-json\/wp\/v2\/posts"}],"about":[{"href":"https:\/\/iglesiatijuana.org\/web\/wp-json\/wp\/v2\/types\/post"}],"author":[{"embeddable":true,"href":"https:\/\/iglesiatijuana.org\/web\/wp-json\/wp\/v2\/users\/101012"}],"replies":[{"embeddable":true,"href":"https:\/\/iglesiatijuana.org\/web\/wp-json\/wp\/v2\/comments?post=9729"}],"version-history":[{"count":1,"href":"https:\/\/iglesiatijuana.org\/web\/wp-json\/wp\/v2\/posts\/9729\/revisions"}],"predecessor-version":[{"id":9731,"href":"https:\/\/iglesiatijuana.org\/web\/wp-json\/wp\/v2\/posts\/9729\/revisions\/9731"}],"wp:featuredmedia":[{"embeddable":true,"href":"https:\/\/iglesiatijuana.org\/web\/wp-json\/wp\/v2\/media\/9730"}],"wp:attachment":[{"href":"https:\/\/iglesiatijuana.org\/web\/wp-json\/wp\/v2\/media?parent=9729"}],"wp:term":[{"taxonomy":"category","embeddable":true,"href":"https:\/\/iglesiatijuana.org\/web\/wp-json\/wp\/v2\/categories?post=9729"},{"taxonomy":"post_tag","embeddable":true,"href":"https:\/\/iglesiatijuana.org\/web\/wp-json\/wp\/v2\/tags?post=9729"}],"curies":[{"name":"wp","href":"https:\/\/api.w.org\/{rel}","templated":true}]}}