{"id":973,"date":"2010-12-14T12:54:51","date_gmt":"2010-12-14T20:54:51","guid":{"rendered":"http:\/\/iglesiatijuana.org\/web\/verlo\/"},"modified":"2010-12-14T12:54:51","modified_gmt":"2010-12-14T20:54:51","slug":"verlo","status":"publish","type":"post","link":"https:\/\/iglesiatijuana.org\/web\/verlo\/","title":{"rendered":"Vosotros, a pesar de verlo (a Jes\u00fas), no os arrepentisteis ni cre\u00edsteis en \u00e9l"},"content":{"rendered":"<p><font size=\"3\"><font color=\"#000000\"><span style=\"font-family: Arial\">Martes de la tercera semana de adviento&nbsp;<\/span><\/font><\/font><\/p>\n<p><font size=\"3\"><font color=\"#000000\"><\/font><\/font><font size=\"3\"><font color=\"#000000\"><span style=\"font-family: Arial\">LECTIO&nbsp;<\/span><\/font><\/font><\/p>\n<p><font size=\"3\"><font color=\"#000000\"><\/font><\/font><font size=\"3\"><font color=\"#000000\"><strong><span style=\"font-family: Arial\">Evangelio: Mateo 21,28-32&nbsp;<\/span><\/strong><\/font><\/font><\/p>\n<p><font size=\"3\"><font color=\"#000000\"><strong><\/strong><strong><\/strong><\/font><\/font><font size=\"3\"><font color=\"#000000\"><span style=\"font-family: Arial\">En aquel tiempo, dijo Jes&uacute;s a los sumos sacerdotes y a los ancianos&nbsp;del pueblo: &iquest;Qu&eacute; os parece? Un hombre ten&iacute;a dos hijos. Se acerc&oacute; al&nbsp;primero y le dijo: &laquo;Anda, hijo, ve a trabajar hoy en la vi&ntilde;a&raquo;. 29&Eacute;l&nbsp;respondi&oacute;: &laquo;No quiero&raquo;. Pero despu&eacute;s se arrepinti&oacute; y fue. <em>3D <\/em>Luego&nbsp;se acerc&oacute; al segundo y le dijo lo mismo. &Eacute;l respondi&oacute;: &laquo;Voy, se&ntilde;or&raquo;.&nbsp;Pero no fue. 31 &iquest;Cu&aacute;l de los dos cumpli&oacute; la voluntad de su padre? Le&nbsp;contestaron: -El primero. Entonces Jes&uacute;s les dijo: -Os aseguro que los&nbsp;publicanos y las prostitutas entrar&aacute;n antes que vosotros en el reino de&nbsp;Dios. 32 Porque vino Juan a mostraros el camino de la salvaci&oacute;n y no&nbsp;le cre&iacute;steis; en cambio los publicanos y las prostitutas le creyeron. Y&nbsp;vosotros, a pesar de verlo, no os arrepentisteis ni cre&iacute;steis en &eacute;l.&nbsp;<\/span><\/font><\/font><font size=\"3\"><font color=\"#000000\"><span style=\"font-family: Arial\">&nbsp;<\/span><\/font><\/font><\/p>\n<p><font size=\"3\"><font color=\"#000000\"><\/font><\/font><\/p>\n<p><font size=\"3\"><font color=\"#000000\"><\/font><\/font><font size=\"3\"><font color=\"#000000\"><strong><span style=\"font-family: Arial\">ORATIO&nbsp;<\/span><\/strong><\/font><\/font><\/p>\n<p><font size=\"3\"><font color=\"#000000\"><strong><\/strong><strong><\/strong><\/font><\/font><font size=\"3\"><font color=\"#000000\"><span style=\"font-family: Arial\">Tu Palabra hoy nos fustiga y nos consuela. Nos fustiga porque cuando&nbsp;nos invitas a trabajar en tu vi&ntilde;a, como el hijo mayor de la par&aacute;bola,&nbsp;con frecuencia respondemos: &laquo;S&iacute;, Se&ntilde;or&raquo;; pero luego no vamos.&nbsp;Estamos demasiado ocupados y preocupados por nuestro &laquo;yo&raquo; para&nbsp;estar de veras disponibles a buscar sinceramente tu voluntad.&nbsp;Soc&oacute;rrenos con tu Esp&iacute;ritu, para que podamos velar sobre nosotros&nbsp;mismos con el fin de que nuestra adhesi&oacute;n a tu voluntad no se&nbsp;reduzca a palabras hueras.&nbsp;Pero, adem&aacute;s de fustigamos, tu Palabra nos consuela, porque nos&nbsp;recuerda que incluso a aquel que est&eacute; m&aacute;s aferrado al mal le quieres&nbsp;dirigir una palabra de salvaci&oacute;n d&aacute;ndole la oportunidad de&nbsp;arrepentirse, de cambiar de vida, de romper con la obstinaci&oacute;n del&nbsp;coraz&oacute;n. Con humildad y confianza acudimos a ti, Dios que ama a los&nbsp;que no conf&iacute;an en sus propios m&eacute;ritos, y confiamos &uacute;nicamente en tu&nbsp;misericordia y fidelidad.&nbsp;<\/span><\/font><\/font><span style=\"font-family: Arial\"><font size=\"3\" color=\"#000000\">&nbsp;<\/font><\/span><\/p>\n<p>&nbsp;<\/p>\n<p><strong><span style=\"font-family: Arial\"><font size=\"3\"><font color=\"#000000\">Mons. Salvador Cisneros<\/font><\/font><\/span><\/strong><\/p>\n<p><strong><\/strong><strong><span style=\"font-family: Arial\"><font size=\"3\"><font color=\"#000000\">Parroquia Santa Teresa de &Aacute;vila<\/font><\/font><\/span><\/strong><span style=\"font-family: Arial\"><font size=\"3\" color=\"#000000\">&nbsp;<\/font><\/span><\/p>\n","protected":false},"excerpt":{"rendered":"<p>Martes de la tercera semana de adviento&nbsp; LECTIO&nbsp; Evangelio: Mateo 21,28-32&nbsp; En aquel tiempo, dijo Jes&uacute;s a los sumos sacerdotes y a los ancianos&nbsp;del pueblo: &iquest;Qu&eacute; os parece? Un hombre ten&iacute;a dos hijos. Se&#46;&#46;&#46;<\/p>\n","protected":false},"author":5,"featured_media":0,"comment_status":"closed","ping_status":"open","sticky":false,"template":"","format":"standard","meta":{"_exactmetrics_skip_tracking":false,"_exactmetrics_sitenote_active":false,"_exactmetrics_sitenote_note":"","_exactmetrics_sitenote_category":0,"footnotes":""},"categories":[20],"tags":[],"class_list":["post-973","post","type-post","status-publish","format-standard","hentry","category-evangelio-del-dia"],"_links":{"self":[{"href":"https:\/\/iglesiatijuana.org\/web\/wp-json\/wp\/v2\/posts\/973","targetHints":{"allow":["GET"]}}],"collection":[{"href":"https:\/\/iglesiatijuana.org\/web\/wp-json\/wp\/v2\/posts"}],"about":[{"href":"https:\/\/iglesiatijuana.org\/web\/wp-json\/wp\/v2\/types\/post"}],"author":[{"embeddable":true,"href":"https:\/\/iglesiatijuana.org\/web\/wp-json\/wp\/v2\/users\/5"}],"replies":[{"embeddable":true,"href":"https:\/\/iglesiatijuana.org\/web\/wp-json\/wp\/v2\/comments?post=973"}],"version-history":[{"count":0,"href":"https:\/\/iglesiatijuana.org\/web\/wp-json\/wp\/v2\/posts\/973\/revisions"}],"wp:attachment":[{"href":"https:\/\/iglesiatijuana.org\/web\/wp-json\/wp\/v2\/media?parent=973"}],"wp:term":[{"taxonomy":"category","embeddable":true,"href":"https:\/\/iglesiatijuana.org\/web\/wp-json\/wp\/v2\/categories?post=973"},{"taxonomy":"post_tag","embeddable":true,"href":"https:\/\/iglesiatijuana.org\/web\/wp-json\/wp\/v2\/tags?post=973"}],"curies":[{"name":"wp","href":"https:\/\/api.w.org\/{rel}","templated":true}]}}