{"id":9761,"date":"2019-06-25T14:46:48","date_gmt":"2019-06-25T21:46:48","guid":{"rendered":"https:\/\/iglesiatijuana.org\/web\/?p=9761"},"modified":"2019-06-25T14:46:48","modified_gmt":"2019-06-25T21:46:48","slug":"catecismo-de-la-iglesia-catolica-convertido-a-proyecto-multimedia-para-formar-la-fe-en-tiempos-digitales","status":"publish","type":"post","link":"https:\/\/iglesiatijuana.org\/web\/catecismo-de-la-iglesia-catolica-convertido-a-proyecto-multimedia-para-formar-la-fe-en-tiempos-digitales\/","title":{"rendered":"Catecismo de la Iglesia Cat\u00f3lica convertido a proyecto multimedia para formar la fe en tiempos digitales"},"content":{"rendered":"<p style=\"text-align: justify;\">Pastoral para la Comunicaci\u00f3n.- El Presidente del Pontificio Consejo para la Promoci\u00f3n de la Nueva Evangelizaci\u00f3n Mons. Rino Fisichella present\u00f3 en la Filmoteca Vaticana, el Videocatecismo de la Iglesia Cat\u00f3lica, el cual, se trata de un proyecto multimedia \u00fanico que nos dice hasta qu\u00e9 punto los medios de comunicaci\u00f3n modernos son capaces de proponer una obra tan compleja como el catecismo, adaptada al lenguaje de nuestro tiempo. Una obra original comenzada durante el pontificado del Papa Francisco y nacida a partir de la idea del padre Giuseppe Costa, ex director de la Librer\u00eda Editorial Vaticana y del director Gjon Kolndrekaj.<\/p>\n<p style=\"text-align: justify;\">\n<p style=\"text-align: justify;\">Su estructura presenta cuatro partes: La profesi\u00f3n de fe; la celebraci\u00f3n del misterio cristiano; la vida en Cristo; la oraci\u00f3n en la vida cristiana. Tambi\u00e9n se ha pensado en la versi\u00f3n en audio libro para ciegos. \u201cTenemos la obligaci\u00f3n de hablar el idioma de quienes nos escuchan -dice Paolo Ruffini, Prefecto del Dicasterio para la Comunicaci\u00f3n del Vaticano- y, por lo tanto, el idioma de nuestro tiempo. Una obligaci\u00f3n importante -contin\u00faa diciendo- una obligaci\u00f3n dif\u00edcil que nos desaf\u00eda\u201d.<\/p>\n<p style=\"text-align: justify;\">\n<p style=\"text-align: justify;\">Para los expertos el rodaje requiri\u00f3 m\u00e1s de cinco a\u00f1os de trabajo en 70 pa\u00edses, con filmaciones en un total de 16.000 lugares. Dividido en 46 cap\u00edtulos de media hora, cuenta con la participaci\u00f3n de m\u00e1s de 60.000 personas.<\/p>\n<p style=\"text-align: justify;\">\n<p style=\"text-align: justify;\">Para ver video: link<\/p>\n<p style=\"text-align: justify;\"><a href=\"https:\/\/www.youtube.com\/watch?v=c6ji5J68IjU&amp;feature=youtu.be\" data-rel=\"lightbox-video-0\">https:\/\/www.youtube.com\/watch?v=c6ji5J68IjU&amp;feature=youtu.be<\/a><\/p>\n<p>&nbsp;<\/p>\n<p><a href=\"https:\/\/iglesiatijuana.org\/web\/wp-content\/uploads\/2019\/06\/c1e02c69-8b5d-48c9-98c8-6c07b024d843.jpg\" data-rel=\"lightbox-image-0\" data-rl_title=\"\" data-rl_caption=\"\" title=\"\"><img loading=\"lazy\" decoding=\"async\" class=\"alignnone size-full wp-image-9762\" src=\"https:\/\/iglesiatijuana.org\/web\/wp-content\/uploads\/2019\/06\/c1e02c69-8b5d-48c9-98c8-6c07b024d843.jpg\" alt=\"\" width=\"275\" height=\"183\" \/><\/a><\/p>\n","protected":false},"excerpt":{"rendered":"<p>Pastoral para la Comunicaci\u00f3n.- El Presidente del Pontificio Consejo para la Promoci\u00f3n de la Nueva Evangelizaci\u00f3n Mons. Rino Fisichella present\u00f3 en la Filmoteca Vaticana, el Videocatecismo de la Iglesia Cat\u00f3lica, el cual, se trata&#46;&#46;&#46;<\/p>\n","protected":false},"author":101012,"featured_media":9762,"comment_status":"closed","ping_status":"closed","sticky":false,"template":"","format":"standard","meta":{"_exactmetrics_skip_tracking":false,"_exactmetrics_sitenote_active":false,"_exactmetrics_sitenote_note":"","_exactmetrics_sitenote_category":0,"footnotes":""},"categories":[20,14],"tags":[],"class_list":["post-9761","post","type-post","status-publish","format-standard","has-post-thumbnail","hentry","category-evangelio-del-dia","category-ultimas-noticias"],"_links":{"self":[{"href":"https:\/\/iglesiatijuana.org\/web\/wp-json\/wp\/v2\/posts\/9761","targetHints":{"allow":["GET"]}}],"collection":[{"href":"https:\/\/iglesiatijuana.org\/web\/wp-json\/wp\/v2\/posts"}],"about":[{"href":"https:\/\/iglesiatijuana.org\/web\/wp-json\/wp\/v2\/types\/post"}],"author":[{"embeddable":true,"href":"https:\/\/iglesiatijuana.org\/web\/wp-json\/wp\/v2\/users\/101012"}],"replies":[{"embeddable":true,"href":"https:\/\/iglesiatijuana.org\/web\/wp-json\/wp\/v2\/comments?post=9761"}],"version-history":[{"count":1,"href":"https:\/\/iglesiatijuana.org\/web\/wp-json\/wp\/v2\/posts\/9761\/revisions"}],"predecessor-version":[{"id":9763,"href":"https:\/\/iglesiatijuana.org\/web\/wp-json\/wp\/v2\/posts\/9761\/revisions\/9763"}],"wp:featuredmedia":[{"embeddable":true,"href":"https:\/\/iglesiatijuana.org\/web\/wp-json\/wp\/v2\/media\/9762"}],"wp:attachment":[{"href":"https:\/\/iglesiatijuana.org\/web\/wp-json\/wp\/v2\/media?parent=9761"}],"wp:term":[{"taxonomy":"category","embeddable":true,"href":"https:\/\/iglesiatijuana.org\/web\/wp-json\/wp\/v2\/categories?post=9761"},{"taxonomy":"post_tag","embeddable":true,"href":"https:\/\/iglesiatijuana.org\/web\/wp-json\/wp\/v2\/tags?post=9761"}],"curies":[{"name":"wp","href":"https:\/\/api.w.org\/{rel}","templated":true}]}}