{"id":9802,"date":"2019-07-02T12:37:05","date_gmt":"2019-07-02T19:37:05","guid":{"rendered":"https:\/\/iglesiatijuana.org\/web\/?p=9802"},"modified":"2019-07-02T12:37:05","modified_gmt":"2019-07-02T19:37:05","slug":"sobre-el-sigilo-sacramental-de-la-confesion-el-sacerdote-no-es-el-maestro-de-la-confesion-sino-que-actua-en-nombre-de-dios","status":"publish","type":"post","link":"https:\/\/iglesiatijuana.org\/web\/sobre-el-sigilo-sacramental-de-la-confesion-el-sacerdote-no-es-el-maestro-de-la-confesion-sino-que-actua-en-nombre-de-dios\/","title":{"rendered":"Sobre el sigilo sacramental de la confesi\u00f3n: \u201cel sacerdote no es el maestro de la confesi\u00f3n, sino que act\u00faa en nombre de Dios\u201d"},"content":{"rendered":"<p style=\"text-align: justify;\">Pastoral para la Comunicaci\u00f3n.- A partir de lo vertido por la entrevista realizada por Vatican News, el Cardenal Mauro Piacenza quien explic\u00f3 la Nota de la Penitenciar\u00eda Apost\u00f3lica sobre la importancia del fuero interno y la inviolabilidad del sigilo sacramental, afirmo que: \u201cel sacerdote no es el maestro de la confesi\u00f3n, sino que act\u00faa en nombre de Dios\u201d. Ninguna \u201cacci\u00f3n pol\u00edtica o iniciativa legislativa\u201d -se enfatiza en el texto publicado- puede forzar la inviolabilidad del sigilo sacramental.<\/p>\n<p style=\"text-align: justify;\">\n<p style=\"text-align: justify;\">La Nota comienza recordando que \u201cel Papa Francisco ha subrayado repetidamente dos temas que son tan centrales en la teolog\u00eda, el derecho y la pr\u00e1ctica de la Iglesia como ajenos a la opini\u00f3n p\u00fablica de hoy: la santidad del fuero interno y la inviolabilidad del sigilo sacramental\u201d.<\/p>\n<p style=\"text-align: justify;\">\n<p style=\"text-align: justify;\">El Cardenal Piacenza recuerda las palabras del Papa Francisco hablando del sacramento de la Reconciliaci\u00f3n, el pasado 29 de marzo, quien afirm\u00f3: \u201cEl penitente debe tener la certeza, en todo momento, de que la conversaci\u00f3n sacramental permanecer\u00e1 en el secreto de la confesi\u00f3n, entre su propia conciencia, que se abre a la gracia de Dios, y la necesaria mediaci\u00f3n del sacerdote. El sigilo sacramental es indispensable y ning\u00fan poder humano tiene jurisdicci\u00f3n sobre \u00e9l, ni puede reclamarlo\u201d.<\/p>\n<p style=\"text-align: justify;\">\n<p style=\"text-align: justify;\">Tambi\u00e9n observ\u00f3 \u201cque, en la sociedad actual, altamente mediatizada, en general, el desarrollo tecnol\u00f3gico y la implementaci\u00f3n de los medios de comunicaci\u00f3n no van acompa\u00f1ados de un compromiso similar con la b\u00fasqueda de la verdad, sino m\u00e1s bien del deseo morboso de difundir noticias, verdaderas o falsas, que se amplifican o disminuyen seg\u00fan los intereses. Todo est\u00e1 en exhibici\u00f3n hoy\u2026\u201d<\/p>\n<p style=\"text-align: justify;\">\n<p style=\"text-align: justify;\">En este contexto, insisti\u00f3 el Cardenal, \u201cLa Penitenciar\u00eda Apost\u00f3lica consider\u00f3 urgente recordar ante todo la inviolabilidad absoluta del sigilo sacramental, que se basa en la ley divina y no admite excepci\u00f3n alguna. El sacerdote confesor, actuando in persona Christi capitis, aprende de los pecados del penitente &#8220;no como hombre, sino como Dios&#8221;, seg\u00fan una conocida expresi\u00f3n de Santo Tom\u00e1s de Aquino. Por esta raz\u00f3n, est\u00e1 llamado a defender el secreto del contenido de la Confesi\u00f3n no s\u00f3lo por &#8220;lealtad&#8221; al penitente, sino, m\u00e1s a\u00fan, por respeto a la santidad del sacramento\u201d.<\/p>\n<p style=\"text-align: justify;\">\n<p style=\"text-align: justify;\">La Nota subraya que \u201cEl secreto de la confesi\u00f3n no es una obligaci\u00f3n impuesta desde fuera, sino una exigencia intr\u00ednseca del sacramento y, como tal, no puede ser disuelto ni siquiera por el mismo penitente. El penitente no habla al hombre confesor, sino a Dios, as\u00ed que tomar posesi\u00f3n de lo que es de Dios ser\u00eda un sacrilegio\u201d. Sobre esto recuerda las penas severas contra quienes violen el sigilo sacramental y que est\u00e1n contempladas en el C\u00f3digo de Derecho Can\u00f3nico.<\/p>\n<p style=\"text-align: justify;\">\n<p style=\"text-align: justify;\">Tambi\u00e9n refiere a los llamados \u201csecretos profesionales\u201d, que est\u00e1n en posesi\u00f3n de determinadas categor\u00edas de personas, tanto en la sociedad civil como en la estructura eclesial, en virtud de un oficio especial que desempe\u00f1an para las personas o para la comunidad.<\/p>\n<p style=\"text-align: justify;\">\n<p style=\"text-align: justify;\">Estos secretos, en virtud de la ley natural, deben ser guardados siempre, \u201csalvo -dice el Catecismo de la Iglesia Cat\u00f3lica en el n. 2491- los casos excepcionales en que la custodia del secreto debe causar a los que conf\u00edan en ellos, a los que son apartados, o a terceros, da\u00f1os muy graves y evitables s\u00f3lo mediante la revelaci\u00f3n de la verdad\u201d.<\/p>\n<p style=\"text-align: justify;\">El documento aclara y espec\u00edfica \u201cque el texto de la Nota no puede ni quiere ser en modo alguno una justificaci\u00f3n o una forma de tolerancia para los terribles casos de abuso perpetrados por miembros del clero. Ninguna concesi\u00f3n es aceptable, en el promover la protecci\u00f3n de los menores y de las personas vulnerables y para prevenir y combatir todas las formas de abuso, en el esp\u00edritu de lo que ha sido constantemente reafirmado por el Papa Francisco y recientemente regulado por el <em>Motu Proprio Vox estis lux mundi <\/em>(7 de mayo de 2019)\u201d.<\/p>\n<p><a href=\"https:\/\/iglesiatijuana.org\/web\/wp-content\/uploads\/2019\/07\/confesion.jpg\" data-rel=\"lightbox-image-0\" data-rl_title=\"\" data-rl_caption=\"\" title=\"\"><img loading=\"lazy\" decoding=\"async\" class=\"alignnone size-full wp-image-9803\" src=\"https:\/\/iglesiatijuana.org\/web\/wp-content\/uploads\/2019\/07\/confesion.jpg\" alt=\"\" width=\"720\" height=\"340\" srcset=\"https:\/\/iglesiatijuana.org\/web\/wp-content\/uploads\/2019\/07\/confesion.jpg 720w, https:\/\/iglesiatijuana.org\/web\/wp-content\/uploads\/2019\/07\/confesion-300x142.jpg 300w, https:\/\/iglesiatijuana.org\/web\/wp-content\/uploads\/2019\/07\/confesion-520x245.jpg 520w\" sizes=\"auto, (max-width: 720px) 100vw, 720px\" \/><\/a><\/p>\n<p>&nbsp;<\/p>\n","protected":false},"excerpt":{"rendered":"<p>Pastoral para la Comunicaci\u00f3n.- A partir de lo vertido por la entrevista realizada por Vatican News, el Cardenal Mauro Piacenza quien explic\u00f3 la Nota de la Penitenciar\u00eda Apost\u00f3lica sobre la importancia del fuero interno&#46;&#46;&#46;<\/p>\n","protected":false},"author":101012,"featured_media":9803,"comment_status":"closed","ping_status":"closed","sticky":false,"template":"","format":"standard","meta":{"_exactmetrics_skip_tracking":false,"_exactmetrics_sitenote_active":false,"_exactmetrics_sitenote_note":"","_exactmetrics_sitenote_category":0,"footnotes":""},"categories":[20,14],"tags":[],"class_list":["post-9802","post","type-post","status-publish","format-standard","has-post-thumbnail","hentry","category-evangelio-del-dia","category-ultimas-noticias"],"_links":{"self":[{"href":"https:\/\/iglesiatijuana.org\/web\/wp-json\/wp\/v2\/posts\/9802","targetHints":{"allow":["GET"]}}],"collection":[{"href":"https:\/\/iglesiatijuana.org\/web\/wp-json\/wp\/v2\/posts"}],"about":[{"href":"https:\/\/iglesiatijuana.org\/web\/wp-json\/wp\/v2\/types\/post"}],"author":[{"embeddable":true,"href":"https:\/\/iglesiatijuana.org\/web\/wp-json\/wp\/v2\/users\/101012"}],"replies":[{"embeddable":true,"href":"https:\/\/iglesiatijuana.org\/web\/wp-json\/wp\/v2\/comments?post=9802"}],"version-history":[{"count":1,"href":"https:\/\/iglesiatijuana.org\/web\/wp-json\/wp\/v2\/posts\/9802\/revisions"}],"predecessor-version":[{"id":9804,"href":"https:\/\/iglesiatijuana.org\/web\/wp-json\/wp\/v2\/posts\/9802\/revisions\/9804"}],"wp:featuredmedia":[{"embeddable":true,"href":"https:\/\/iglesiatijuana.org\/web\/wp-json\/wp\/v2\/media\/9803"}],"wp:attachment":[{"href":"https:\/\/iglesiatijuana.org\/web\/wp-json\/wp\/v2\/media?parent=9802"}],"wp:term":[{"taxonomy":"category","embeddable":true,"href":"https:\/\/iglesiatijuana.org\/web\/wp-json\/wp\/v2\/categories?post=9802"},{"taxonomy":"post_tag","embeddable":true,"href":"https:\/\/iglesiatijuana.org\/web\/wp-json\/wp\/v2\/tags?post=9802"}],"curies":[{"name":"wp","href":"https:\/\/api.w.org\/{rel}","templated":true}]}}