{"id":9808,"date":"2019-07-04T11:10:30","date_gmt":"2019-07-04T18:10:30","guid":{"rendered":"https:\/\/iglesiatijuana.org\/web\/?p=9808"},"modified":"2019-07-04T11:10:30","modified_gmt":"2019-07-04T18:10:30","slug":"este-4-de-julio-hacer-memoria-del-mensaje-del-papa-francisco-al-congreso-de-los-estados-unidos-de-america","status":"publish","type":"post","link":"https:\/\/iglesiatijuana.org\/web\/este-4-de-julio-hacer-memoria-del-mensaje-del-papa-francisco-al-congreso-de-los-estados-unidos-de-america\/","title":{"rendered":"Este 4 de julio: Hacer memoria del Mensaje del Papa Francisco al Congreso de los Estados Unidos de Am\u00e9rica"},"content":{"rendered":"<p style=\"text-align: justify;\">Pastoral para la Comunicaci\u00f3n.- Este 04 Julio 2019, es una fecha propicia para traer a la memoria el Mensaje que en el 2015 durante su visita a los Estados Unidos de Am\u00e9rica dirigi\u00f3 al Congreso. Subrayando algunas afirmaciones que siguen siendo actuales para el momento presente. Aqu\u00ed compartimos algunas de ellas:<\/p>\n<p style=\"text-align: justify;\">\u201cCada hijo o hija de un pa\u00eds tiene una misi\u00f3n, una responsabilidad personal y social. Hacer que este Pa\u00eds crezca como Naci\u00f3n\u201d<\/p>\n<p style=\"text-align: justify;\">\u201cLa sociedad pol\u00edtica perdura si se plantea, como vocaci\u00f3n, satisfacer las necesidades comunes favoreciendo el crecimiento de todos sus miembros, especialmente de los que est\u00e1n en situaci\u00f3n de mayor vulnerabilidad o riesgo\u201d<\/p>\n<p style=\"text-align: justify;\">\u201cEn los Estados Unidos son miles de hombres y mujeres que luchan cada d\u00eda para trabajar honradamente, para llevar el pan a su casa, para ahorrar y \u2013poco a poco\u2013 conseguir una vida mejor para los suyos. Que no se resignan solamente a pagar sus impuestos, sino que \u2013con su servicio silencioso\u2013 sostienen la convivencia\u201d<\/p>\n<p style=\"text-align: justify;\">\u201cUn pueblo con alma puede pasar por muchas encrucijadas, tensiones y conflictos, pero logra siempre encontrar los recursos para salir adelante y hacerlo con dignidad\u201d<\/p>\n<p style=\"text-align: justify;\">\u201cEl mundo contempor\u00e1neo con sus heridas, que sangran en tantos hermanos nuestros, nos convoca a afrontar todas las polarizaciones que pretenden dividirlo en dos bandos. Sabemos que en el af\u00e1n\u00a0 de querer liberarnos del enemigo exterior podemos caer en la tentaci\u00f3n de ir alimentando el enemigo interior. Copiar el odio y la violencia del tirano y del asesino es la mejor manera de ocupar su lugar. A eso este pueblo dice: No.\u201d<\/p>\n<p style=\"text-align: justify;\">\u201cNuestra respuesta, en cambio, es de esperanza y de reconciliaci\u00f3n, de paz y de justicia. Se nos pide tener el coraje y usar nuestra inteligencia para resolver las crisis geopol\u00edticas y econ\u00f3micas que abundan hoy\u201d<\/p>\n<p style=\"text-align: justify;\">\u201cEl reto que tenemos que afrontar hoy nos pide una renovaci\u00f3n del esp\u00edritu de colaboraci\u00f3n que ha producido tanto bien a lo largo de la historia de los Estados Unidos\u201d<\/p>\n<p style=\"text-align: justify;\">\u201cEn estas tierras, las diversas comunidades religiosas han ofrecido una gran ayuda para construir y reforzar la sociedad. Es importante, hoy como en el pasado, que la voz de la fe, que es una voz de fraternidad y de amor, que busca sacar lo mejor de cada persona y de cada sociedad, pueda seguir siendo escuchada\u201d<\/p>\n<p style=\"text-align: justify;\">\u201cApelo aqu\u00ed a la historia pol\u00edtica de los Estados Unidos, donde la democracia est\u00e1 radicada en la mente del Pueblo. Toda actividad pol\u00edtica debe servir y promover el bien de la persona humana y estar fundada en el respeto de su dignidad\u201d<\/p>\n<p style=\"text-align: justify;\">\u201cEn los \u00faltimos siglos, millones de personas han alcanzado esta tierra persiguiendo el sue\u00f1o de poder construir su propio futuro en libertad. Nosotros, pertenecientes a este continente, no nos asustamos de los extranjeros, porque muchos de nosotros hace tiempo fuimos extranjeros. Les hablo como hijo de inmigrantes, como muchos de ustedes que son descendientes de inmigrantes\u201d<\/p>\n<p style=\"text-align: justify;\">\u201cNuestro mundo est\u00e1 afrontando una crisis de refugiados sin precedentes\u2026No debemos dejarnos intimidar por los n\u00fameros, m\u00e1s bien mirar a las personas, sus rostros, escuchar sus historias mientras luchamos por asegurarles nuestra mejor respuesta a su situaci\u00f3n. Una respuesta que siempre ser\u00e1 humana, justa y fraterna. Cuid\u00e9monos de una tentaci\u00f3n contempor\u00e1nea: descartar todo lo que moleste\u201d<\/p>\n<p style=\"text-align: justify;\">\u201cUna Naci\u00f3n es considerada grande cuando defiende la libertad, como hizo Abraham Lincoln; cuando genera una cultura que permita a sus hombres \u00abso\u00f1ar\u00bb con plenitud de derechos para sus hermanos y hermanas, como intent\u00f3 hacer Martin Luther King; cuando lucha por la justicia y la causa de los oprimidos, como hizo Dorothy Day en su incesante trabajo; siendo fruto de una fe que se hace di\u00e1logo y siembra paz, al estilo contemplativo de Merton\u201d<\/p>\n<p>&nbsp;<\/p>\n<p><a href=\"https:\/\/iglesiatijuana.org\/web\/wp-content\/uploads\/2019\/07\/04-julio-2019.jpg\" data-rel=\"lightbox-image-0\" data-rl_title=\"\" data-rl_caption=\"\" title=\"\"><img loading=\"lazy\" decoding=\"async\" class=\"alignnone size-full wp-image-9809\" src=\"https:\/\/iglesiatijuana.org\/web\/wp-content\/uploads\/2019\/07\/04-julio-2019.jpg\" alt=\"\" width=\"700\" height=\"395\" srcset=\"https:\/\/iglesiatijuana.org\/web\/wp-content\/uploads\/2019\/07\/04-julio-2019.jpg 700w, https:\/\/iglesiatijuana.org\/web\/wp-content\/uploads\/2019\/07\/04-julio-2019-300x169.jpg 300w\" sizes=\"auto, (max-width: 700px) 100vw, 700px\" \/><\/a><\/p>\n","protected":false},"excerpt":{"rendered":"<p>Pastoral para la Comunicaci\u00f3n.- Este 04 Julio 2019, es una fecha propicia para traer a la memoria el Mensaje que en el 2015 durante su visita a los Estados Unidos de Am\u00e9rica dirigi\u00f3 al&#46;&#46;&#46;<\/p>\n","protected":false},"author":101012,"featured_media":9809,"comment_status":"closed","ping_status":"closed","sticky":false,"template":"","format":"standard","meta":{"_exactmetrics_skip_tracking":false,"_exactmetrics_sitenote_active":false,"_exactmetrics_sitenote_note":"","_exactmetrics_sitenote_category":0,"footnotes":""},"categories":[20,14],"tags":[],"class_list":["post-9808","post","type-post","status-publish","format-standard","has-post-thumbnail","hentry","category-evangelio-del-dia","category-ultimas-noticias"],"_links":{"self":[{"href":"https:\/\/iglesiatijuana.org\/web\/wp-json\/wp\/v2\/posts\/9808","targetHints":{"allow":["GET"]}}],"collection":[{"href":"https:\/\/iglesiatijuana.org\/web\/wp-json\/wp\/v2\/posts"}],"about":[{"href":"https:\/\/iglesiatijuana.org\/web\/wp-json\/wp\/v2\/types\/post"}],"author":[{"embeddable":true,"href":"https:\/\/iglesiatijuana.org\/web\/wp-json\/wp\/v2\/users\/101012"}],"replies":[{"embeddable":true,"href":"https:\/\/iglesiatijuana.org\/web\/wp-json\/wp\/v2\/comments?post=9808"}],"version-history":[{"count":1,"href":"https:\/\/iglesiatijuana.org\/web\/wp-json\/wp\/v2\/posts\/9808\/revisions"}],"predecessor-version":[{"id":9810,"href":"https:\/\/iglesiatijuana.org\/web\/wp-json\/wp\/v2\/posts\/9808\/revisions\/9810"}],"wp:featuredmedia":[{"embeddable":true,"href":"https:\/\/iglesiatijuana.org\/web\/wp-json\/wp\/v2\/media\/9809"}],"wp:attachment":[{"href":"https:\/\/iglesiatijuana.org\/web\/wp-json\/wp\/v2\/media?parent=9808"}],"wp:term":[{"taxonomy":"category","embeddable":true,"href":"https:\/\/iglesiatijuana.org\/web\/wp-json\/wp\/v2\/categories?post=9808"},{"taxonomy":"post_tag","embeddable":true,"href":"https:\/\/iglesiatijuana.org\/web\/wp-json\/wp\/v2\/tags?post=9808"}],"curies":[{"name":"wp","href":"https:\/\/api.w.org\/{rel}","templated":true}]}}