{"id":988,"date":"2010-12-23T12:59:59","date_gmt":"2010-12-23T20:59:59","guid":{"rendered":"http:\/\/iglesiatijuana.org\/web\/juan\/"},"modified":"2010-12-23T12:59:59","modified_gmt":"2010-12-23T20:59:59","slug":"juan","status":"publish","type":"post","link":"https:\/\/iglesiatijuana.org\/web\/juan\/","title":{"rendered":"\u00c9l pidi\u00f3 una tablilla y escribi\u00f3: \u00abJuan es su nombre\u00bb"},"content":{"rendered":"<p><font size=\"3\"><font color=\"#000000\"><span style=\"font-family: Arial\">JUEVES <span>23 de diciembre&nbsp;<\/span><\/span><\/font><\/font><\/p>\n<p><font size=\"3\"><font color=\"#000000\"><span style=\"font-family: Arial\"><\/span><\/font><\/font><font size=\"3\"><font color=\"#000000\"><strong><span style=\"font-family: Arial\">LECTIO Evangelio: Lucas 1,57-66&nbsp;<\/span><\/strong><\/font><\/font><\/p>\n<p><font size=\"3\"><font color=\"#000000\"><strong><\/strong><\/font><\/font><font size=\"3\"><font color=\"#000000\"><span style=\"font-family: Arial\">Se le cumpli&oacute; a Isabel el tiempo y dio a luz un hijo. Sus vecinos y parientes oyeron que el Se&ntilde;or le hab&iacute;a mostrado su gran misericordia y se alegraron con ella. Al octavo d&iacute;a fueron a circuncidar al ni&ntilde;o y quer&iacute;an llamarlo Zacar&iacute;as, como su padre. Pero su madre dijo:<\/span><\/font><\/font><font size=\"3\"><font color=\"#000000\"><span style=\"font-family: Arial\">-No, se llamar&aacute; Juan. Le dijeron: -No hay nadie en tu familia que lleve ese nombre. Se dirigieron entonces al padre y le preguntaron por se&ntilde;as c&oacute;mo quer&iacute;a que se llamase. &Eacute;l pidi&oacute; una tablilla y escribi&oacute;: &laquo;Juan es su nombre&raquo;. Entonces, todos se llevaron una sorpresa. De pronto recuper&oacute; el habla y comenz&oacute; a bendecir a Dios. Todos sus vecinos se llenaron de temor, y en toda la monta&ntilde;a de Judea se comentaba lo sucedido. Cuantos lo o&iacute;an pensaban en su interior: &laquo;&iquest;Qu&eacute; va a ser este ni&ntilde;o?&raquo;. Porque efectivamente el Se&ntilde;or estaba con &eacute;l.<\/span><\/font><\/font><span style=\"font-family: Arial; font-size: 10.5pt\"><font color=\"#000000\">&nbsp;<\/font><\/span><\/p>\n<p>&nbsp;<\/p>\n<p><font size=\"3\"><font color=\"#000000\"><strong><span style=\"font-family: Arial\">ORATIO<\/span><\/strong><\/font><\/font><\/p>\n<p><font size=\"3\"><font color=\"#000000\"><strong><\/strong><\/font><\/font><font size=\"3\"><font color=\"#000000\"><span style=\"font-family: Arial\">Padre santo, que gu&iacute;as la historia y que por medio de tu Hijo Jes&uacute;s la conduces por los caminos de amor, haz que la Iglesia en su peregrinaci&oacute;n terrena hacia el Se&ntilde;or viva plenamente la tensi&oacute;n de la salvaci&oacute;n entre el <em>ya <\/em>cumplido en Jes&uacute;s y el <em>todav&iacute;a no <\/em>actualizado en nosotros y manifestado en Cristo glorioso.<\/span><\/font><\/font><font size=\"3\"><font color=\"#000000\"><span style=\"font-family: Arial\">En los albores de la Iglesia los cristianos dec&iacute;an: &ldquo;<em>La salvaci&oacute;n est&aacute; m&aacute;s cerca que cuando comenzamos a creer&rdquo;<\/em>. Con frecuencia hoy vivimos sin pensar en tu venida, distra&iacute;dos por mil luces fatuas que nos deslumbran, ignorando el grito que la Iglesia dirige a su esposo al final del Apocalipsis: &ldquo;<em>Ven, Se&ntilde;or Jes&uacute;s&rdquo;<\/em>. Conc&eacute;denos, Padre bueno, no olvidar que est&aacute;s entre nosotros, aunque oculto en tantos rostros de hermanos, y gu&iacute;as nuestros pasos por la presencia de tus mensajeros de luz y de paz, que nos interpelan y sacuden nuestra superficialidad espiritual con su fe coherente y su fecundo testimonio de vida.<\/span><\/font><\/font><font size=\"3\"><font color=\"#000000\"><span style=\"font-family: Arial\">Queremos estar vigilantes en nuestro caminar para reconocer tus mensajeros que nos invitan a tu amistad. Pero, ante todo, te pedimos que nos hagas capaces de mantener purificado el coraz&oacute;n, libre y sensible a la acci&oacute;n del Esp&iacute;ritu, para que actuemos como deseas, te encontremos en esta Navidad y podamos estar preparados en el d&iacute;a de tu &uacute;ltima visita para confesar en alabanza que has sido padre y amigo.<\/span><\/font><\/font><span style=\"font-family: Arial\"><font size=\"3\" color=\"#000000\">&nbsp;<\/font><\/span><\/p>\n<p>&nbsp;<\/p>\n<p><font size=\"3\"><font color=\"#000000\"><strong><span style=\"font-family: Arial\">Mons. Salvador Cisneros<\/span><\/strong><\/font><\/font><\/p>\n<p><font size=\"3\"><font color=\"#000000\"><strong><span style=\"font-family: Arial\">Parroquia Santa Teresa de &Aacute;vila<\/span><\/strong><strong><\/strong><\/font><\/font><span style=\"font-family: Arial\"><font size=\"3\" color=\"#000000\">&nbsp;<\/font><\/span><\/p>\n","protected":false},"excerpt":{"rendered":"<p>JUEVES 23 de diciembre&nbsp; LECTIO Evangelio: Lucas 1,57-66&nbsp; Se le cumpli&oacute; a Isabel el tiempo y dio a luz un hijo. Sus vecinos y parientes oyeron que el Se&ntilde;or le hab&iacute;a mostrado su gran&#46;&#46;&#46;<\/p>\n","protected":false},"author":5,"featured_media":0,"comment_status":"closed","ping_status":"open","sticky":false,"template":"","format":"standard","meta":{"_exactmetrics_skip_tracking":false,"_exactmetrics_sitenote_active":false,"_exactmetrics_sitenote_note":"","_exactmetrics_sitenote_category":0,"footnotes":""},"categories":[20],"tags":[],"class_list":["post-988","post","type-post","status-publish","format-standard","hentry","category-evangelio-del-dia"],"_links":{"self":[{"href":"https:\/\/iglesiatijuana.org\/web\/wp-json\/wp\/v2\/posts\/988","targetHints":{"allow":["GET"]}}],"collection":[{"href":"https:\/\/iglesiatijuana.org\/web\/wp-json\/wp\/v2\/posts"}],"about":[{"href":"https:\/\/iglesiatijuana.org\/web\/wp-json\/wp\/v2\/types\/post"}],"author":[{"embeddable":true,"href":"https:\/\/iglesiatijuana.org\/web\/wp-json\/wp\/v2\/users\/5"}],"replies":[{"embeddable":true,"href":"https:\/\/iglesiatijuana.org\/web\/wp-json\/wp\/v2\/comments?post=988"}],"version-history":[{"count":0,"href":"https:\/\/iglesiatijuana.org\/web\/wp-json\/wp\/v2\/posts\/988\/revisions"}],"wp:attachment":[{"href":"https:\/\/iglesiatijuana.org\/web\/wp-json\/wp\/v2\/media?parent=988"}],"wp:term":[{"taxonomy":"category","embeddable":true,"href":"https:\/\/iglesiatijuana.org\/web\/wp-json\/wp\/v2\/categories?post=988"},{"taxonomy":"post_tag","embeddable":true,"href":"https:\/\/iglesiatijuana.org\/web\/wp-json\/wp\/v2\/tags?post=988"}],"curies":[{"name":"wp","href":"https:\/\/api.w.org\/{rel}","templated":true}]}}