{"id":9920,"date":"2019-07-19T11:25:26","date_gmt":"2019-07-19T18:25:26","guid":{"rendered":"https:\/\/iglesiatijuana.org\/web\/?p=9920"},"modified":"2019-07-19T11:25:26","modified_gmt":"2019-07-19T18:25:26","slug":"jovenes-de-preparatoria-y-universitarios-de-tijuana-viven-pre-seminario-2019","status":"publish","type":"post","link":"https:\/\/iglesiatijuana.org\/web\/jovenes-de-preparatoria-y-universitarios-de-tijuana-viven-pre-seminario-2019\/","title":{"rendered":"J\u00f3venes de preparatoria y universitarios de Tijuana viven pre-seminario 2019"},"content":{"rendered":"<p>Pastoral para la Comunicaci\u00f3n.- M\u00e1s de una veintena de j\u00f3venes egresados de su nivel preparatoria y universidad han podido vivir estos d\u00edas la experiencia del Pre-Seminario 2019, en las Instalaciones del Seminario Menor, Campus Cerro Colorado.<\/p>\n<p>Al inicio de la experiencia fueron visitados por el Arzobispo Francisco Moreno Barr\u00f3n quien se encontr\u00f3 con cada uno de ellos y les invit\u00f3 a no ignorar el llamado de Dios que hace a toda persona para vivir en plenitud, adem\u00e1s de saber que para ellos existen otras opciones de carreras profesionales tambi\u00e9n est\u00e1 la llamada al sacerdocio.<\/p>\n<p>Los j\u00f3venes asistentes quienes culminan dicha semana del 15 al 19 de julio, tendr\u00e1n seguimiento de parte del Equipo de Pastoral Vocacional animado por formadores del Seminario quienes acompa\u00f1ar\u00e1n el proceso de entrar al Seminario Diocesano de Tijuana en el pr\u00f3ximo ciclo acad\u00e9mico 2019-2020.<\/p>\n<p>&nbsp;<\/p>\n<p><a href=\"https:\/\/iglesiatijuana.org\/web\/wp-content\/uploads\/2019\/07\/foto_grupal.jpg\" data-rel=\"lightbox-image-0\" data-rl_title=\"\" data-rl_caption=\"\" title=\"\"><img loading=\"lazy\" decoding=\"async\" class=\"alignnone size-full wp-image-9921\" src=\"https:\/\/iglesiatijuana.org\/web\/wp-content\/uploads\/2019\/07\/foto_grupal.jpg\" alt=\"\" width=\"720\" height=\"340\" srcset=\"https:\/\/iglesiatijuana.org\/web\/wp-content\/uploads\/2019\/07\/foto_grupal.jpg 720w, https:\/\/iglesiatijuana.org\/web\/wp-content\/uploads\/2019\/07\/foto_grupal-300x142.jpg 300w, https:\/\/iglesiatijuana.org\/web\/wp-content\/uploads\/2019\/07\/foto_grupal-520x245.jpg 520w\" sizes=\"auto, (max-width: 720px) 100vw, 720px\" \/><\/a><\/p>\n","protected":false},"excerpt":{"rendered":"<p>Pastoral para la Comunicaci\u00f3n.- M\u00e1s de una veintena de j\u00f3venes egresados de su nivel preparatoria y universidad han podido vivir estos d\u00edas la experiencia del Pre-Seminario 2019, en las Instalaciones del Seminario Menor, Campus&#46;&#46;&#46;<\/p>\n","protected":false},"author":101012,"featured_media":9921,"comment_status":"closed","ping_status":"closed","sticky":false,"template":"","format":"standard","meta":{"_exactmetrics_skip_tracking":false,"_exactmetrics_sitenote_active":false,"_exactmetrics_sitenote_note":"","_exactmetrics_sitenote_category":0,"footnotes":""},"categories":[20,14],"tags":[],"class_list":["post-9920","post","type-post","status-publish","format-standard","has-post-thumbnail","hentry","category-evangelio-del-dia","category-ultimas-noticias"],"_links":{"self":[{"href":"https:\/\/iglesiatijuana.org\/web\/wp-json\/wp\/v2\/posts\/9920","targetHints":{"allow":["GET"]}}],"collection":[{"href":"https:\/\/iglesiatijuana.org\/web\/wp-json\/wp\/v2\/posts"}],"about":[{"href":"https:\/\/iglesiatijuana.org\/web\/wp-json\/wp\/v2\/types\/post"}],"author":[{"embeddable":true,"href":"https:\/\/iglesiatijuana.org\/web\/wp-json\/wp\/v2\/users\/101012"}],"replies":[{"embeddable":true,"href":"https:\/\/iglesiatijuana.org\/web\/wp-json\/wp\/v2\/comments?post=9920"}],"version-history":[{"count":1,"href":"https:\/\/iglesiatijuana.org\/web\/wp-json\/wp\/v2\/posts\/9920\/revisions"}],"predecessor-version":[{"id":9922,"href":"https:\/\/iglesiatijuana.org\/web\/wp-json\/wp\/v2\/posts\/9920\/revisions\/9922"}],"wp:featuredmedia":[{"embeddable":true,"href":"https:\/\/iglesiatijuana.org\/web\/wp-json\/wp\/v2\/media\/9921"}],"wp:attachment":[{"href":"https:\/\/iglesiatijuana.org\/web\/wp-json\/wp\/v2\/media?parent=9920"}],"wp:term":[{"taxonomy":"category","embeddable":true,"href":"https:\/\/iglesiatijuana.org\/web\/wp-json\/wp\/v2\/categories?post=9920"},{"taxonomy":"post_tag","embeddable":true,"href":"https:\/\/iglesiatijuana.org\/web\/wp-json\/wp\/v2\/tags?post=9920"}],"curies":[{"name":"wp","href":"https:\/\/api.w.org\/{rel}","templated":true}]}}